{"id":249441,"date":"2025-07-14T13:39:20","date_gmt":"2025-07-14T13:39:20","guid":{"rendered":"https:\/\/www.europesays.com\/fr\/249441\/"},"modified":"2025-07-14T13:39:20","modified_gmt":"2025-07-14T13:39:20","slug":"le-groupe-hellio-sinstalle-a-nantes","status":"publish","type":"post","link":"https:\/\/www.europesays.com\/fr\/249441\/","title":{"rendered":"Le Groupe Hellio s\u2019installe \u00e0 Nantes"},"content":{"rendered":"<p>Depuis sa cr\u00e9ation \u00e0 Paris il y a plus de quinze\u00a0ans, le Groupe <a href=\"https:\/\/www.hellio.com\/\" target=\"_self\" rel=\"noopener\">Hellio<\/a> a d\u00e9velopp\u00e9 ses comp\u00e9tences dans trois domaines\u00a0: un bureau d\u2019\u00e9tudes sp\u00e9cialis\u00e9 en efficacit\u00e9 \u00e9nerg\u00e9tique et d\u00e9carbonation (Ark\u00e9a \u00c9nergie), l\u2019accompagnement des particuliers dans leurs projets de r\u00e9novation d\u2019ampleur (Hellio Ing\u00e9nierie) et le financement des op\u00e9rations de r\u00e9novation \u00e9nerg\u00e9tique des b\u00e2timents et \u00e9quipements priv\u00e9s comme publics.<\/p>\n<p>Parall\u00e8lement, Hellio s\u2019est implant\u00e9 dans d\u2019autres villes en France. Il vient de prolonger cette strat\u00e9gie \u00e0 travers sa nouvelle antenne nantaise qui doit lui permettre de rayonner sur la r\u00e9gion Ouest. \u00ab\u00a0Alors que nous accompagnions nos clients sur leur impact \u00e9nerg\u00e9tique, je me retrouvais \u00e0 me d\u00e9placer en permanence en voiture depuis Paris pour aller les rencontrer, \u00e7a n\u2019avait pas de sens\u00a0\u00a0\u00bb, explique Aur\u00e9lien Journeault, responsable de l\u2019agence Pays de la Loire-Bretagne. \u00ab\u00a0C\u2019est donc tout naturellement que j\u2019ai propos\u00e9 une implantation \u00e0 Nantes qui est un bassin d\u2019emploi et d\u2019affaires dynamique\u00a0\u00bb.<\/p>\n<p>\u00ab\u00a0Aider \u00e0 r\u00e9duire la facture \u00e9nerg\u00e9tique\u00a0\u00bb<\/p>\n<p> <strong> Il faut bien avoir conscience que n\u2019importe quel consommateur g\u00e2che de l\u2019\u00e9nergie. Nous sommes l\u00e0 pour accompagner et aider \u00e0 r\u00e9duire la facture. Nous souhaitons travailler au plus pr\u00e8s des acteurs du terrain pour apporter une valeur ajout\u00e9e tr\u00e8s concr\u00e8te. Nous travaillons avec des clients qui consomment beaucoup d\u2019\u00e9nergie dans les domaines tertiaires, industriels, le transport ou les cultures mara\u00eech\u00e8res. Ce sont donc souvent d\u2019importantes \u00e9conomies d\u2019\u00e9chelle qui sont faites et qui sont vertueuses sur toute la cha\u00eene de production d\u2019\u00e9nergie au service de la pr\u00e9servation environnementale<\/strong>\u00a0\u00bb, argumente Pierre Maillard, pr\u00e9sident du Groupe Hellio.<\/p>\n<p>Avec plus de 350\u00a0collaborateurs sur la France dont seize \u00e0 Nantes, la soci\u00e9t\u00e9 conduit une politique de r\u00e9investissement de 100\u00a0% de ses b\u00e9n\u00e9fices, du soutien au d\u00e9veloppement des entreprises et de redistribution aux salari\u00e9s.<\/p>\n<p>\u00a0<\/p>\n","protected":false},"excerpt":{"rendered":"Depuis sa cr\u00e9ation \u00e0 Paris il y a plus de quinze\u00a0ans, le Groupe Hellio a d\u00e9velopp\u00e9 ses comp\u00e9tences&hellip;\n","protected":false},"author":2,"featured_media":249442,"comment_status":"","ping_status":"","sticky":false,"template":"","format":"standard","meta":{"footnotes":""},"categories":[2818],"tags":[1111,11,1777,674,1011,27,2705,38954,14191,766,12,2636,25],"class_list":{"0":"post-249441","1":"post","2":"type-post","3":"status-publish","4":"format-standard","5":"has-post-thumbnail","7":"category-nantes","8":"tag-actu","9":"tag-actualites","10":"tag-eu","11":"tag-europe","12":"tag-fr","13":"tag-france","14":"tag-groupe","15":"tag-hellio","16":"tag-installe","17":"tag-nantes","18":"tag-news","19":"tag-pays-de-la-loire","20":"tag-republique-francaise"},"share_on_mastodon":{"url":"https:\/\/pubeurope.com\/@fr\/114851870384213109","error":""},"_links":{"self":[{"href":"https:\/\/www.europesays.com\/fr\/wp-json\/wp\/v2\/posts\/249441","targetHints":{"allow":["GET"]}}],"collection":[{"href":"https:\/\/www.europesays.com\/fr\/wp-json\/wp\/v2\/posts"}],"about":[{"href":"https:\/\/www.europesays.com\/fr\/wp-json\/wp\/v2\/types\/post"}],"author":[{"embeddable":true,"href":"https:\/\/www.europesays.com\/fr\/wp-json\/wp\/v2\/users\/2"}],"replies":[{"embeddable":true,"href":"https:\/\/www.europesays.com\/fr\/wp-json\/wp\/v2\/comments?post=249441"}],"version-history":[{"count":0,"href":"https:\/\/www.europesays.com\/fr\/wp-json\/wp\/v2\/posts\/249441\/revisions"}],"wp:featuredmedia":[{"embeddable":true,"href":"https:\/\/www.europesays.com\/fr\/wp-json\/wp\/v2\/media\/249442"}],"wp:attachment":[{"href":"https:\/\/www.europesays.com\/fr\/wp-json\/wp\/v2\/media?parent=249441"}],"wp:term":[{"taxonomy":"category","embeddable":true,"href":"https:\/\/www.europesays.com\/fr\/wp-json\/wp\/v2\/categories?post=249441"},{"taxonomy":"post_tag","embeddable":true,"href":"https:\/\/www.europesays.com\/fr\/wp-json\/wp\/v2\/tags?post=249441"}],"curies":[{"name":"wp","href":"https:\/\/api.w.org\/{rel}","templated":true}]}}