{"id":249443,"date":"2025-07-14T13:40:13","date_gmt":"2025-07-14T13:40:13","guid":{"rendered":"https:\/\/www.europesays.com\/fr\/249443\/"},"modified":"2025-07-14T13:40:13","modified_gmt":"2025-07-14T13:40:13","slug":"simon-moriceau-et-lequipage-de-lapcc-nantes-vice-champions-du-monde-j80","status":"publish","type":"post","link":"https:\/\/www.europesays.com\/fr\/249443\/","title":{"rendered":"Simon Moriceau et l\u2019\u00e9quipage de l\u2019APCC Nantes vice-champions du monde J80"},"content":{"rendered":"<p>Apr\u00e8s 13 manches, les Fran\u00e7ais (Simon Moriceau, Simon Bertheau, Vincent Guillarm<\/p>\n<p>Alice Bigot et Julien Augereau) ont d\u00fb s\u2019incliner face aux Espagnols de Javier Padron Torrent, sacr\u00e9s champions du monde 2025.<\/p>\n<p>Au pied du podium (4es), on trouve l\u2019\u00e9quipage de l\u2019\u00c9cole Navale de Pierre Laou\u00e9nan, Damien Iehl, C\u00e9dric Pouligny, Jean Queveau et Tiphaine Ragueneau Tiphaine<\/p>\n<p>Le classement complet est <a href=\"https:\/\/www.manage2sail.com\/en-US\/event\/52c0d5fc-3a49-475b-95fb-d49407cdf650#!\/results?classId=f8a58c1d-9c70-4608-913d-4f5a79417ec7\" target=\"_blank\" rel=\"nofollow noopener\">ici<\/a><\/p>\n","protected":false},"excerpt":{"rendered":"Apr\u00e8s 13 manches, les Fran\u00e7ais (Simon Moriceau, Simon Bertheau, Vincent Guillarm Alice Bigot et Julien Augereau) ont d\u00fb&hellip;\n","protected":false},"author":2,"featured_media":249444,"comment_status":"","ping_status":"","sticky":false,"template":"","format":"standard","meta":{"footnotes":""},"categories":[2818],"tags":[1111,11,3166,1777,674,1011,27,766,12,2636,25,60,10887],"class_list":{"0":"post-249443","1":"post","2":"type-post","3":"status-publish","4":"format-standard","5":"has-post-thumbnail","7":"category-nantes","8":"tag-actu","9":"tag-actualites","10":"tag-en-continu-sports","11":"tag-eu","12":"tag-europe","13":"tag-fr","14":"tag-france","15":"tag-nantes","16":"tag-news","17":"tag-pays-de-la-loire","18":"tag-republique-francaise","19":"tag-sports","20":"tag-voile"},"share_on_mastodon":{"url":"https:\/\/pubeurope.com\/@fr\/114851874297308104","error":""},"_links":{"self":[{"href":"https:\/\/www.europesays.com\/fr\/wp-json\/wp\/v2\/posts\/249443","targetHints":{"allow":["GET"]}}],"collection":[{"href":"https:\/\/www.europesays.com\/fr\/wp-json\/wp\/v2\/posts"}],"about":[{"href":"https:\/\/www.europesays.com\/fr\/wp-json\/wp\/v2\/types\/post"}],"author":[{"embeddable":true,"href":"https:\/\/www.europesays.com\/fr\/wp-json\/wp\/v2\/users\/2"}],"replies":[{"embeddable":true,"href":"https:\/\/www.europesays.com\/fr\/wp-json\/wp\/v2\/comments?post=249443"}],"version-history":[{"count":0,"href":"https:\/\/www.europesays.com\/fr\/wp-json\/wp\/v2\/posts\/249443\/revisions"}],"wp:featuredmedia":[{"embeddable":true,"href":"https:\/\/www.europesays.com\/fr\/wp-json\/wp\/v2\/media\/249444"}],"wp:attachment":[{"href":"https:\/\/www.europesays.com\/fr\/wp-json\/wp\/v2\/media?parent=249443"}],"wp:term":[{"taxonomy":"category","embeddable":true,"href":"https:\/\/www.europesays.com\/fr\/wp-json\/wp\/v2\/categories?post=249443"},{"taxonomy":"post_tag","embeddable":true,"href":"https:\/\/www.europesays.com\/fr\/wp-json\/wp\/v2\/tags?post=249443"}],"curies":[{"name":"wp","href":"https:\/\/api.w.org\/{rel}","templated":true}]}}