{"id":249464,"date":"2025-07-14T13:54:18","date_gmt":"2025-07-14T13:54:18","guid":{"rendered":"https:\/\/www.europesays.com\/fr\/249464\/"},"modified":"2025-07-14T13:54:18","modified_gmt":"2025-07-14T13:54:18","slug":"des-drones-pour-le-feu-dartifice-du-14-juillet-a-paris-pas-plus-cher-mais-plus-ecolo","status":"publish","type":"post","link":"https:\/\/www.europesays.com\/fr\/249464\/","title":{"rendered":"Des drones pour le feu d\u2019artifice du 14\u00a0Juillet \u00e0 Paris\u00a0: pas plus cher, mais plus \u00e9colo"},"content":{"rendered":"<p class=\"paragraph text_align_left lp-f-body-02\">Pour la deuxi\u00e8me ann\u00e9e, Paris a choisi d\u2019agr\u00e9menter son<a href=\"https:\/\/www.leparisien.fr\/paris-75\/14-juillet-a-paris-1-000-drones-vont-illuminer-le-ciel-de-la-capitale-08-07-2025-LN5DMWX3JRALVDDIWHTB3OQC5M.php\" target=\"_self\" rel=\"nofollow noopener\"> feu d\u2019artifice du 14 Juillet de 1 100 drones<\/a>. Mais en 2024, <a href=\"https:\/\/www.leparisien.fr\/paris-75\/paris-le-feu-dartifice-du-14-juillet-se-fera-sans-public-a-la-tour-eiffel-05-07-2024-OHVHVWEGK5CXFMS4FJGRZF5REA.php\" target=\"_self\" rel=\"nofollow noopener\">\u00e0 cause des sites olympiques, le spectacle \u00e9tait interdit au public<\/a> et les Parisiens et les touristes avaient uniquement pu contempler les fresques lumineuses \u00e0 la t\u00e9l\u00e9vision, ou depuis leur balcon.<\/p>\n<p class=\"paragraph text_align_left lp-f-body-02\">\u00ab Cette ann\u00e9e marque <a href=\"https:\/\/www.leparisien.fr\/etudiant\/vie-etudiante\/feu-dartifice-du-14-juillet-2025-a-paris-les-infos-pratiques-et-conseils-pour-profiter-du-spectacle-F47IKWOTO5BUPPXTS6MEDK3LU4.php?ts=1752414206324\" target=\"_self\" rel=\"nofollow noopener\">le retour du public sur le Champ-de-Mars<\/a> \u00bb, savoure Anthony Leroi, directeur de la communication de la Ville de Paris, charg\u00e9 de l\u2019\u00e9v\u00e9nement, qui pr\u00e9vient que \u00ab la jauge sur place est de 60 000 personnes \u00bb.<\/p>\n<p>Un budget de 700 000 euros<\/p>\n<p class=\"paragraph text_align_left lp-f-body-02\">Pour autant, le budget de l\u2019\u00e9v\u00e9nement demeure identique \u00e0 celui des ann\u00e9es pr\u00e9c\u00e9dentes, 700 000 euros environ. C\u2019est donc que moins d\u2019engins pyrotechniques seront tir\u00e9s. Un choix assum\u00e9.<\/p>\n<p class=\"paragraph text_align_left lp-f-body-02\">\u00ab On a gard\u00e9 le m\u00eame nombre de postes de lancement, on r\u00e9duit juste la quantit\u00e9 d\u2019engins lanc\u00e9s \u00bb, indique-t-on au Groupe F, choisi par la Ville pour diriger le feu d\u2019artifice, qui avait d\u00e9j\u00e0 \u00e9t\u00e9 s\u00e9lectionn\u00e9 pour cet \u00e9v\u00e9nement en 2023 et 2024. Ainsi, 120 postes de tir sont pr\u00e9vus, dont plus de 80 sur <a href=\"https:\/\/www.leparisien.fr\/paris-75\/tour-eiffel\/\" target=\"_self\" rel=\"nofollow noopener\">la tour Eiffel<\/a>.<\/p>\n<p class=\"paragraph text_align_left lp-f-body-02\">L\u2019effet est surtout \u00e9cologique. \u00ab Les feux d\u2019artifice ont un impact sur l\u2019environnement, en termes de bruit, mais aussi de mati\u00e8re br\u00fbl\u00e9e et de cartons qui retombent dans la nature \u00bb, reconna\u00eet l\u2019entreprise d\u2019artificiers. D\u2019ailleurs, depuis des ann\u00e9es, <a href=\"https:\/\/www.leparisien.fr\/essonne-91\/a-dourdan-lassociation-paz-vole-dans-les-plumes-des-spectacles-de-rapaces-31-05-2025-ITPHD76IF5H4LM6AVDDKVBZBTE.php\" target=\"_self\" rel=\"nofollow noopener\">l\u2019association Paz<\/a>, qui lutte pour le bien-\u00eatre animal, d\u00e9nonce les m\u00e9faits des feux d\u2019artifice du 14 Juillet sur la faune, m\u00eame \u00e0 Paris.<\/p>\n<p><img decoding=\"async\" class=\"image \" loading=\"lazy\" src=\"https:\/\/www.europesays.com\/fr\/wp-content\/uploads\/2025\/07\/Q7MJIUPX4NB4LAGXKB7JUL7N4Q.jpg\" alt=\"Paris, dans la nuit du samedi 12 au dimanche 13 juillet 2025. Cette ann\u00e9e, le Br\u00e9sil sera \u00e0 l'honneur. LP\/Florian Loisy\" align=\"\" data-rubrique-principale=\"\" data-article-type=\"\" fetchpriority=\"auto\"\/>Paris, dans la nuit du samedi 12 au dimanche 13 juillet 2025. Cette ann\u00e9e, le Br\u00e9sil sera \u00e0 l&rsquo;honneur. LP\/Florian Loisy<\/p>\n<p class=\"paragraph text_align_left lp-f-body-02\">Quant au show propos\u00e9, il ne devrait en sortir que grandi. Pas le choix, tant il est important. \u00ab Cette soir\u00e9e pyrotechnique r\u00e9unit plus de 300 000 spectateurs dans tout Paris, parmi lesquels la moiti\u00e9 sont des touristes, et rassemble jusqu\u2019\u00e0 5 millions de t\u00e9l\u00e9spectateurs, rappelle Anthony Leroi.<\/p>\n<p class=\"paragraph text_align_left lp-f-body-02\">Ce feu d\u2019artifice est, par ailleurs, repris et diffus\u00e9 dans 70 pays, contribuant au rayonnement international de la France. \u00bb Il mettra cette ann\u00e9e en avant la Seine, les dix ans de l\u2019accord de Paris sur le climat, le Br\u00e9sil et les valeurs de la capitale.<\/p>\n","protected":false},"excerpt":{"rendered":"Pour la deuxi\u00e8me ann\u00e9e, Paris a choisi d\u2019agr\u00e9menter son feu d\u2019artifice du 14 Juillet de 1 100 drones.&hellip;\n","protected":false},"author":2,"featured_media":249465,"comment_status":"","ping_status":"","sticky":false,"template":"","format":"standard","meta":{"footnotes":""},"categories":[1888],"tags":[1111,1928,11,1927,1777,674,1011,27,1944,12,1926,626,1925,25],"class_list":{"0":"post-249464","1":"post","2":"type-post","3":"status-publish","4":"format-standard","5":"has-post-thumbnail","7":"category-paris","8":"tag-actu","9":"tag-actu-paris","10":"tag-actualites","11":"tag-actualites-paris","12":"tag-eu","13":"tag-europe","14":"tag-fr","15":"tag-france","16":"tag-ma-ville","17":"tag-news","18":"tag-news-paris","19":"tag-paris","20":"tag-paris-news","21":"tag-republique-francaise"},"share_on_mastodon":{"url":"https:\/\/pubeurope.com\/@fr\/114851929448495322","error":""},"_links":{"self":[{"href":"https:\/\/www.europesays.com\/fr\/wp-json\/wp\/v2\/posts\/249464","targetHints":{"allow":["GET"]}}],"collection":[{"href":"https:\/\/www.europesays.com\/fr\/wp-json\/wp\/v2\/posts"}],"about":[{"href":"https:\/\/www.europesays.com\/fr\/wp-json\/wp\/v2\/types\/post"}],"author":[{"embeddable":true,"href":"https:\/\/www.europesays.com\/fr\/wp-json\/wp\/v2\/users\/2"}],"replies":[{"embeddable":true,"href":"https:\/\/www.europesays.com\/fr\/wp-json\/wp\/v2\/comments?post=249464"}],"version-history":[{"count":0,"href":"https:\/\/www.europesays.com\/fr\/wp-json\/wp\/v2\/posts\/249464\/revisions"}],"wp:featuredmedia":[{"embeddable":true,"href":"https:\/\/www.europesays.com\/fr\/wp-json\/wp\/v2\/media\/249465"}],"wp:attachment":[{"href":"https:\/\/www.europesays.com\/fr\/wp-json\/wp\/v2\/media?parent=249464"}],"wp:term":[{"taxonomy":"category","embeddable":true,"href":"https:\/\/www.europesays.com\/fr\/wp-json\/wp\/v2\/categories?post=249464"},{"taxonomy":"post_tag","embeddable":true,"href":"https:\/\/www.europesays.com\/fr\/wp-json\/wp\/v2\/tags?post=249464"}],"curies":[{"name":"wp","href":"https:\/\/api.w.org\/{rel}","templated":true}]}}