{"id":249466,"date":"2025-07-14T13:55:14","date_gmt":"2025-07-14T13:55:14","guid":{"rendered":"https:\/\/www.europesays.com\/fr\/249466\/"},"modified":"2025-07-14T13:55:14","modified_gmt":"2025-07-14T13:55:14","slug":"video-14-juillet-revivez-le-defile-militaire-sur-les-champs-elysees-a-paris","status":"publish","type":"post","link":"https:\/\/www.europesays.com\/fr\/249466\/","title":{"rendered":"VID\u00c9O. 14-Juillet\u00a0: revivez le d\u00e9fil\u00e9 militaire sur les Champs-\u00c9lys\u00e9es \u00e0 Paris"},"content":{"rendered":"<p>C\u2019est le rendez-vous immanquable de la F\u00eate nationale. Comme chaque ann\u00e9e, les forces militaires fran\u00e7aises ont d\u00e9fil\u00e9 <a href=\"https:\/\/rennes.maville.com\/actu\/actudet_-14-juillet.-a-quelle-heure-et-sur-quelles-chaines-suivre-le-defile-et-les-festivites-_54135-6898529_actu.Htm\" target=\"_blank\" rel=\"noopener\">\u00e0 Paris ce lundi 14\u00a0juillet 2025<\/a>. <a href=\"https:\/\/rennes.maville.com\/actu\/actudet_-direct-video.-14-juillet-suivez-le-defile-militaire-sur-l-avenue-foch-a-paris-_54135-6381360_actu.Htm\" target=\"_blank\" rel=\"noopener\">Apr\u00e8s avoir parad\u00e9 sur l\u2019avenue Foch<\/a> l\u2019an dernier, en raison des Jeux olympiques 2024, le cort\u00e8ge a retrouv\u00e9 les Champs-\u00c9lys\u00e9es, dans le VIIIe\u00a0arrondissement. Il s\u2019est \u00e9lanc\u00e9 peu apr\u00e8s 10\u00a0h\u00a030 sur l\u2019avenue parisienne, quelques minutes apr\u00e8s l\u2019arriv\u00e9e du pr\u00e9sident de la R\u00e9publique Emmanuel Macron. Le chef de l\u2019\u00c9tat a pass\u00e9 en revue les arm\u00e9es apr\u00e8s avoir raviv\u00e9 la flamme sous l\u2019Arc de Triomphe.<\/p>\n<p><strong>Lire aussi\u00a0:<\/strong> <a href=\"https:\/\/rennes.maville.com\/actu\/actudet_-defile-du-14-juillet-7-005-militaires-a-paris-invite-d-honneur...-voici-a-quoi-s-attendre-ce-lundi-_54135-6899206_actu.Htm\" target=\"_blank\" rel=\"noopener\">D\u00e9fil\u00e9 du 14-Juillet\u00a0: 7\u00a0005\u00a0militaires \u00e0 Paris, invit\u00e9 d\u2019honneur\u2026 Voici \u00e0 quoi s\u2019attendre ce lundi<\/a><\/p>\n<p>Un dispositif de s\u00e9curit\u00e9 exceptionnel<\/p>\n<p>Plus de 5\u00a0600\u00a0d\u00e9filants \u00e0 pied (contre 6\u00a0500\u00a0l\u2019an pass\u00e9), 65\u00a0avions dont cinq appareils \u00e9trangers, 34\u00a0h\u00e9licopt\u00e8res, 247\u00a0v\u00e9hicules et 200\u00a0chevaux de la Garde r\u00e9publicaine \u00e9taient pr\u00e9sents pour cette nouvelle \u00e9dition. Des milliers de personnes ont assist\u00e9 au d\u00e9fil\u00e9 sur place. En cons\u00e9quence, des points de filtrage du public \u00e9taient positionn\u00e9s avec palpations et fouilles des sacs. Un important dispositif de s\u00e9curit\u00e9 est aussi d\u00e9ploy\u00e9, avec 11\u00a0500\u00a0forces de l\u2019ordre mobilis\u00e9es de dimanche \u00e0 lundi soir.<\/p>\n<p><strong>Lire aussi\u00a0:<\/strong>\u00a0<a href=\"https:\/\/rennes.maville.com\/actu\/actudet_-emmanuel-macron-veut-3-5-milliards-d-euros-supplementaires-pour-la-defense-en-2026-_54135-6898626_actu.Htm\" target=\"_blank\" rel=\"noopener\">Emmanuel Macron veut 3,5\u00a0milliards d\u2019euros suppl\u00e9mentaires pour la d\u00e9fense en 2026<\/a><\/p>\n<p>L\u2019Indon\u00e9sie invit\u00e9e d\u2019honneur<\/p>\n<p>Cette ann\u00e9e, l\u2019Indon\u00e9sie \u00e9tait invit\u00e9e d\u2019honneur du d\u00e9fil\u00e9. L\u2019occasion de c\u00e9l\u00e9brer 75\u00a0ans de relations diplomatiques entre les deux pays. Les festivit\u00e9s se sont ouvertes avec 450\u00a0militaires indon\u00e9siens, dont 189\u00a0musiciens du drumband (un groupe de percussions) \u00ab\u00a0Gabungan\u00a0\u00bb. <strong>\u00ab\u00a0Depuis 2011, l\u2019Indon\u00e9sie est un partenaire important de la France en Indopacifique. Les deux pays partagent \u00e9galement un attachement \u00e0 la r\u00e9solution pacifique des conflits\u00a0\u00bb,<\/strong> a pr\u00e9cis\u00e9 le minist\u00e8re des Arm\u00e9es en amont du d\u00e9fil\u00e9.<\/p>\n<p>\u00a0<\/p>\n","protected":false},"excerpt":{"rendered":"C\u2019est le rendez-vous immanquable de la F\u00eate nationale. Comme chaque ann\u00e9e, les forces militaires fran\u00e7aises ont d\u00e9fil\u00e9 \u00e0&hellip;\n","protected":false},"author":2,"featured_media":249467,"comment_status":"","ping_status":"","sticky":false,"template":"","format":"standard","meta":{"footnotes":""},"categories":[1888],"tags":[10915,11,6984,16694,1777,674,1011,27,2047,3579,12,626,25,3679,133],"class_list":{"0":"post-249466","1":"post","2":"type-post","3":"status-publish","4":"format-standard","5":"has-post-thumbnail","7":"category-paris","8":"tag-14-juillet","9":"tag-actualites","10":"tag-champs-elysees","11":"tag-defile","12":"tag-eu","13":"tag-europe","14":"tag-fr","15":"tag-france","16":"tag-mans","17":"tag-militaire","18":"tag-news","19":"tag-paris","20":"tag-republique-francaise","21":"tag-revivez","22":"tag-video"},"share_on_mastodon":{"url":"https:\/\/pubeurope.com\/@fr\/114851933364807257","error":""},"_links":{"self":[{"href":"https:\/\/www.europesays.com\/fr\/wp-json\/wp\/v2\/posts\/249466","targetHints":{"allow":["GET"]}}],"collection":[{"href":"https:\/\/www.europesays.com\/fr\/wp-json\/wp\/v2\/posts"}],"about":[{"href":"https:\/\/www.europesays.com\/fr\/wp-json\/wp\/v2\/types\/post"}],"author":[{"embeddable":true,"href":"https:\/\/www.europesays.com\/fr\/wp-json\/wp\/v2\/users\/2"}],"replies":[{"embeddable":true,"href":"https:\/\/www.europesays.com\/fr\/wp-json\/wp\/v2\/comments?post=249466"}],"version-history":[{"count":0,"href":"https:\/\/www.europesays.com\/fr\/wp-json\/wp\/v2\/posts\/249466\/revisions"}],"wp:featuredmedia":[{"embeddable":true,"href":"https:\/\/www.europesays.com\/fr\/wp-json\/wp\/v2\/media\/249467"}],"wp:attachment":[{"href":"https:\/\/www.europesays.com\/fr\/wp-json\/wp\/v2\/media?parent=249466"}],"wp:term":[{"taxonomy":"category","embeddable":true,"href":"https:\/\/www.europesays.com\/fr\/wp-json\/wp\/v2\/categories?post=249466"},{"taxonomy":"post_tag","embeddable":true,"href":"https:\/\/www.europesays.com\/fr\/wp-json\/wp\/v2\/tags?post=249466"}],"curies":[{"name":"wp","href":"https:\/\/api.w.org\/{rel}","templated":true}]}}