{"id":249468,"date":"2025-07-14T13:56:10","date_gmt":"2025-07-14T13:56:10","guid":{"rendered":"https:\/\/www.europesays.com\/fr\/249468\/"},"modified":"2025-07-14T13:56:10","modified_gmt":"2025-07-14T13:56:10","slug":"un-lieu-de-vie-actif-365-jours-par-an-lhippodrome-de-vincennes-va-souvrir-aux-promeneurs","status":"publish","type":"post","link":"https:\/\/www.europesays.com\/fr\/249468\/","title":{"rendered":"\u00ab\u00a0Un lieu de vie actif 365 jours par an\u00a0\u00bb\u00a0: l\u2019hippodrome de Vincennes va s\u2019ouvrir aux promeneurs"},"content":{"rendered":"<p class=\"paragraph text_align_left lp-f-body-02\">Dans son <a href=\"https:\/\/www.leparisien.fr\/paris-75\/vegetalisation-pietonnisation-a-qui-profite-le-plus-la-transformation-de-paris-notre-classement-exclusif-06-03-2025-NDAWRR7ZZFHAFI3LIP6PM6XORA.php\" target=\"_blank\" rel=\"noreferrer nofollow noopener\">incessante qu\u00eate de nouveaux espaces verts<\/a>, ce sont de pr\u00e9cieux hectares suppl\u00e9mentaires que la Ville s\u2019appr\u00eate \u00e0 mettre \u00e0 la disposition des Parisiens. Dans le cadre du renouvellement de la concession de<a href=\"https:\/\/www.leparisien.fr\/sports\/hippisme\/prix-damerique-2025-pourquoi-il-pourrait-etre-le-dernier-a-se-disputer-sur-lhippodrome-de-paris-vincennes-26-01-2025-WL5LPERJJBDRBAWBNBKRBMW2RE.php\" target=\"_blank\" rel=\"noreferrer nofollow noopener\"> l\u2019hippodrome de Paris Vincennes<\/a> \u00e0 la Soci\u00e9t\u00e9 d\u2019encouragement \u00e0 l\u2019\u00e9levage du trotteur fran\u00e7ais (SETF), quelque 8 ha du prestigieux hippodrome de l\u2019est parisien \u2014 sur une superficie totale de 48 ha \u2014 vont s\u2019ouvrir aux promeneurs \u00e0 compter de 2030.<\/p>\n<p class=\"paragraph text_align_left lp-f-body-02\">La nouvelle concession, adopt\u00e9e par le Conseil de Paris lors de sa derni\u00e8re s\u00e9ance et renouvel\u00e9e pour une dur\u00e9e de trente ans, pr\u00e9voit \u00e0 terme une promenade publique qui \u00ab permet de traverser l\u2019hippodrome du sud-ouest vers le nord-est en dehors des jours de courses \u00bb, pr\u00e9cise la d\u00e9lib\u00e9ration.<\/p>\n","protected":false},"excerpt":{"rendered":"Dans son incessante qu\u00eate de nouveaux espaces verts, ce sont de pr\u00e9cieux hectares suppl\u00e9mentaires que la Ville s\u2019appr\u00eate&hellip;\n","protected":false},"author":2,"featured_media":249469,"comment_status":"","ping_status":"","sticky":false,"template":"","format":"standard","meta":{"footnotes":""},"categories":[1888],"tags":[11,1777,674,1011,27,1944,12,626,25],"class_list":{"0":"post-249468","1":"post","2":"type-post","3":"status-publish","4":"format-standard","5":"has-post-thumbnail","7":"category-paris","8":"tag-actualites","9":"tag-eu","10":"tag-europe","11":"tag-fr","12":"tag-france","13":"tag-ma-ville","14":"tag-news","15":"tag-paris","16":"tag-republique-francaise"},"share_on_mastodon":{"url":"https:\/\/pubeurope.com\/@fr\/114851937231061192","error":""},"_links":{"self":[{"href":"https:\/\/www.europesays.com\/fr\/wp-json\/wp\/v2\/posts\/249468","targetHints":{"allow":["GET"]}}],"collection":[{"href":"https:\/\/www.europesays.com\/fr\/wp-json\/wp\/v2\/posts"}],"about":[{"href":"https:\/\/www.europesays.com\/fr\/wp-json\/wp\/v2\/types\/post"}],"author":[{"embeddable":true,"href":"https:\/\/www.europesays.com\/fr\/wp-json\/wp\/v2\/users\/2"}],"replies":[{"embeddable":true,"href":"https:\/\/www.europesays.com\/fr\/wp-json\/wp\/v2\/comments?post=249468"}],"version-history":[{"count":0,"href":"https:\/\/www.europesays.com\/fr\/wp-json\/wp\/v2\/posts\/249468\/revisions"}],"wp:featuredmedia":[{"embeddable":true,"href":"https:\/\/www.europesays.com\/fr\/wp-json\/wp\/v2\/media\/249469"}],"wp:attachment":[{"href":"https:\/\/www.europesays.com\/fr\/wp-json\/wp\/v2\/media?parent=249468"}],"wp:term":[{"taxonomy":"category","embeddable":true,"href":"https:\/\/www.europesays.com\/fr\/wp-json\/wp\/v2\/categories?post=249468"},{"taxonomy":"post_tag","embeddable":true,"href":"https:\/\/www.europesays.com\/fr\/wp-json\/wp\/v2\/tags?post=249468"}],"curies":[{"name":"wp","href":"https:\/\/api.w.org\/{rel}","templated":true}]}}