{"id":249470,"date":"2025-07-14T13:57:11","date_gmt":"2025-07-14T13:57:11","guid":{"rendered":"https:\/\/www.europesays.com\/fr\/249470\/"},"modified":"2025-07-14T13:57:11","modified_gmt":"2025-07-14T13:57:11","slug":"la-societe-civile-ukrainienne-cle-de-la-resistance-face-a-la-russie-rts-ch","status":"publish","type":"post","link":"https:\/\/www.europesays.com\/fr\/249470\/","title":{"rendered":"La soci\u00e9t\u00e9 civile ukrainienne, cl\u00e9 de la r\u00e9sistance face \u00e0 la Russie &#8211; rts.ch"},"content":{"rendered":"<p>Trois ans apr\u00e8s l&rsquo;invasion russe, l&rsquo;Ukraine continue de r\u00e9sister. Sa capacit\u00e9 de d\u00e9fense, peu anticip\u00e9e par les analystes, repose en grande partie sur une soci\u00e9t\u00e9 civile engag\u00e9e et exigeante, souligne Anna Colin Lebedev, sp\u00e9cialiste de la r\u00e9gion, lundi dans l&rsquo;\u00e9mission Tout un monde.<\/p>\n<p>Le 24 f\u00e9vrier 2022, au moment o\u00f9 la Russie envahissait l&rsquo;Ukraine, beaucoup pr\u00e9disaient la chute rapide de Kiev. Trois ans plus tard, le pays tient bon.<\/p>\n<p>Anna Colin Lebedev, ma\u00eetresse de conf\u00e9rences en sciences politiques \u00e0 l&rsquo;Universit\u00e9 Paris Nanterre, explore cette r\u00e9silience dans son nouveau livre \u00ab\u00a0Ukraine: la force des faibles\u00a0\u00bb, <a href=\"https:\/\/www.seuil.com\/ouvrage\/ukraine-la-force-des-faibles-anna-colin-lebedev\/9782021605587\" class=\"inline-link\" title=\"Ukraine : la force des faibles , Anna Co... | Editions Seuil\" data-item-id=\"richtext_link\" target=\"_blank\" rel=\"noopener nofollow\">un essai paru en juin<\/a> aux \u00e9ditions du Seuil.<\/p>\n<p>Une r\u00e9sistance fa\u00e7onn\u00e9e par une transformation soci\u00e9tale depuis 2014<\/p>\n<p>Avant 2014, vivre en paix \u00e9tait une \u00e9vidence pour les Ukrainiens et les Ukrainiennes. L\u2019id\u00e9e d\u2019un conflit arm\u00e9 avec la Russie semblait improbable: seuls 3% de la population ukrainienne la percevaient alors comme une menace, selon un <a href=\"https:\/\/ratinggroup.ua\/en\/research\/ukraine\/reyting_ugroz_iyul_2012.html\" class=\"inline-link\" title=\"Threats rating: July 2012 - Ukraine - Research\" data-item-id=\"richtext_link\" target=\"_blank\" rel=\"noopener nofollow\">sondage de 2012<\/a>.<\/p>\n<p>Pourtant, l&rsquo;annexion de la Crim\u00e9e en 2014 et le conflit dans le Donbass ont chang\u00e9 la donne. \u00c0 ce moment-l\u00e0, l\u2019arm\u00e9e ukrainienne \u00e9tait en mauvais \u00e9tat, sous-financ\u00e9e, mal \u00e9quip\u00e9e et peu entra\u00een\u00e9e.<\/p>\n<p>Face \u00e0 cette faiblesse institutionnelle, la soci\u00e9t\u00e9 civile a pris le relais. \u00ab\u00a0Les Ukrainiens savaient qu&rsquo;ils ne pouvaient pas enti\u00e8rement compter sur l&rsquo;Etat pour les d\u00e9fendre\u00a0\u00bb, juge l&rsquo;experte.<\/p>\n<blockquote class=\"rts-quote quote with-image\">\n<p class=\"q-text\">Les fondements de la r\u00e9sistance ont \u00e9t\u00e9 pos\u00e9s en 2014 pour que, derri\u00e8re chaque arme, il y ait un Ukrainien pr\u00eat \u00e0 combattre et de nombreux autres pr\u00eats \u00e0 organiser et soutenir le combat<\/p>\n<p><img decoding=\"async\" class=\"q-img\" src=\"https:\/\/www.europesays.com\/fr\/wp-content\/uploads\/2025\/07\/wx5085-25907601.image\" data-ratio=\"square\"\/>  Anna Colin Lebedev, ma\u00eetresse de conf\u00e9rences en sciences politiques \u00e0 l&rsquo;Universit\u00e9 Paris Nanterre <\/p><\/blockquote>\n<p>\u00ab\u00a0Dans les huit ans qui ont suivi, la soci\u00e9t\u00e9 s&rsquo;est transform\u00e9e\u00a0\u00bb, souligne la sociologue sp\u00e9cialis\u00e9e dans les soci\u00e9t\u00e9s post-sovi\u00e9tiques, notamment la relation entre les citoyens et l\u2019Etat. \u00ab\u00a0Les fondements de la r\u00e9sistance de 2022 ont \u00e9t\u00e9 pos\u00e9s en 2014 et dans les ann\u00e9es qui ont suivi pour que, derri\u00e8re chaque arme, il y ait un Ukrainien pr\u00eat \u00e0 combattre et de nombreux autres pr\u00eats \u00e0 organiser et soutenir le combat.\u00a0\u00bb<\/p>\n<p><strong class=\"inline-title\">&gt;&gt; Lire aussi\u00a0: <\/strong><a href=\"https:\/\/www.rts.ch\/info\/dossiers\/2022\/guerre-en-ukraine\/2025\/article\/guerre-en-ukraine-dans-l-enfer-des-postes-de-secours-du-front-28806237.html\" data-item-id=\"richtext_link\" rel=\"nofollow noopener\" target=\"_blank\">Au c\u0153ur des postes de secours secrets sur la ligne de front en Ukraine<\/a><\/p>\n<p>Une mobilisation citoyenne \u00e0 plusieurs \u00e9chelles<\/p>\n<p>Cette p\u00e9riode a vu na\u00eetre une mobilisation in\u00e9dite. Des milliers de citoyennes et citoyens se sont organis\u00e9s, ils ont fond\u00e9 des ONG, soutenu les soldats et se sont engag\u00e9s jusque dans les rouages de l\u2019Etat, notamment au minist\u00e8re de la D\u00e9fense.<\/p>\n<p>M\u00eame le recrutement de soldats a \u00e9t\u00e9 largement soutenu par l&rsquo;afflux de volontaires. Face \u00e0 une arm\u00e9e d\u00e9sorganis\u00e9e en 2014, les citoyennes et les citoyens ont eux-m\u00eames mis en place des solutions innovantes pour faciliter l&rsquo;enr\u00f4lement, tout en consid\u00e9rant les comp\u00e9tences des civils et en r\u00e9pondant \u00e0 leurs pr\u00e9occupations.<\/p>\n<p>Selon Anna Colin Lebedev, cela a permis, en quelques ann\u00e9es, de transformer une arm\u00e9e vacillante en une force capable de faire face \u00e0 l&rsquo;invasion massive en 2022. \u00ab\u00a0Cette capacit\u00e9 \u00e0 prendre en mains des t\u00e2ches normalement d\u00e9volues \u00e0 l&rsquo;arm\u00e9e a permis de cr\u00e9er un recrutement plus cibl\u00e9 et efficace.\u00a0\u00bb<\/p>\n<p> &gt;&gt; Re\u00e9couter l&rsquo;interview d&rsquo;Anna Colin Lebedev dans La Matinale en 2022\u00a0:   <img decoding=\"async\" class=\"embed-responsive-item\" loading=\"lazy\" src=\"https:\/\/www.europesays.com\/fr\/wp-content\/uploads\/2025\/07\/k5tl5u-26866379.image\" alt=\"Anna Colin Lebedev sur le plateau de La Matinale. [RTS - La Matinale]\"\/>    L&rsquo;invit\u00e9e de La Matinale (vid\u00e9o) &#8211; Anna Colin Lebedev, son dernier ouvrage sur l&rsquo;Ukraine et la Russie \/ L&rsquo;invit\u00e9-e de La Matinale \/ 11 min. \/ le 12 septembre 2022 La soci\u00e9t\u00e9 civile comme moteur d&rsquo;innovation<\/p>\n<p>En Ukraine, l\u2019engagement citoyen va bien au-del\u00e0 du soutien \u00e0 l\u2019effort de guerre. \u00ab\u00a0C&rsquo;est l&rsquo;un des moteurs principaux non seulement de la d\u00e9fense, mais aussi de l&rsquo;innovation et de l&rsquo;adaptation face aux difficult\u00e9s successives\u00a0\u00bb, affirme la chercheuse.<\/p>\n<p>Ce rapport exigeant \u00e0 l\u2019Etat, parfois conflictuel, pourrait \u00eatre per\u00e7u comme une fragilit\u00e9. Pourtant, pour l\u2019Ukraine, c\u2019est une force: une pression constante pour r\u00e9former.<\/p>\n<blockquote class=\"rts-quote quote\">\n<p class=\"q-text\">L&rsquo;engagement citoyen est l&rsquo;un des moteurs principaux non seulement de la d\u00e9fense ukrainienne, mais aussi d&rsquo;innovation et d&rsquo;adaptation<\/p>\n<p>  Anna Colin Lebedev, auteure du livre \u00ab\u00a0Ukraine : la force des faibles\u00a0\u00bb <\/p><\/blockquote>\n<p>Apr\u00e8s trois ans de conflit, la soci\u00e9t\u00e9 ukrainienne, bien que meurtrie, est dynamis\u00e9e par les \u00e9preuves travers\u00e9es. Cette r\u00e9silience la rendra plus exigeante envers ses dirigeants, estime Anna Colin Lebedev. D\u00e9j\u00e0 moteurs de la r\u00e9sistance, ils aspireront \u00e0 un Etat plus juste et \u00e0 une soci\u00e9t\u00e9 post-guerre plus forte.<\/p>\n<p class=\"sources\">Propos recueillis par Eric Guevara-Frey<\/p>\n<p class=\"credit\">Article web: Klara Soukup<\/p>\n","protected":false},"excerpt":{"rendered":"Trois ans apr\u00e8s l&rsquo;invasion russe, l&rsquo;Ukraine continue de r\u00e9sister. Sa capacit\u00e9 de d\u00e9fense, peu anticip\u00e9e par les analystes,&hellip;\n","protected":false},"author":2,"featured_media":249471,"comment_status":"","ping_status":"","sticky":false,"template":"","format":"standard","meta":{"footnotes":""},"categories":[1591],"tags":[11,38956,6211,2120,3576,16309,1887,1146,131,3577,5701,3578,74,12,316,9855,1885,1886,132,38957,220,10884],"class_list":{"0":"post-249470","1":"post","2":"type-post","3":"status-publish","4":"format-standard","5":"has-post-thumbnail","7":"category-russie","8":"tag-actualites","9":"tag-anna-colin-lebedev","10":"tag-conference","11":"tag-conflit","12":"tag-conflit-arme","13":"tag-etat","14":"tag-federation-de-russie","15":"tag-guerre","16":"tag-guerre-en-ukraine","17":"tag-guerre-et-paix","18":"tag-innovation","19":"tag-invasion","20":"tag-monde","21":"tag-news","22":"tag-politique","23":"tag-resistance","24":"tag-russia","25":"tag-russian-federation","26":"tag-russie","27":"tag-societe-civile","28":"tag-ukraine","29":"tag-ukrainiens"},"share_on_mastodon":{"url":"https:\/\/pubeurope.com\/@fr\/114851941224448002","error":""},"_links":{"self":[{"href":"https:\/\/www.europesays.com\/fr\/wp-json\/wp\/v2\/posts\/249470","targetHints":{"allow":["GET"]}}],"collection":[{"href":"https:\/\/www.europesays.com\/fr\/wp-json\/wp\/v2\/posts"}],"about":[{"href":"https:\/\/www.europesays.com\/fr\/wp-json\/wp\/v2\/types\/post"}],"author":[{"embeddable":true,"href":"https:\/\/www.europesays.com\/fr\/wp-json\/wp\/v2\/users\/2"}],"replies":[{"embeddable":true,"href":"https:\/\/www.europesays.com\/fr\/wp-json\/wp\/v2\/comments?post=249470"}],"version-history":[{"count":0,"href":"https:\/\/www.europesays.com\/fr\/wp-json\/wp\/v2\/posts\/249470\/revisions"}],"wp:featuredmedia":[{"embeddable":true,"href":"https:\/\/www.europesays.com\/fr\/wp-json\/wp\/v2\/media\/249471"}],"wp:attachment":[{"href":"https:\/\/www.europesays.com\/fr\/wp-json\/wp\/v2\/media?parent=249470"}],"wp:term":[{"taxonomy":"category","embeddable":true,"href":"https:\/\/www.europesays.com\/fr\/wp-json\/wp\/v2\/categories?post=249470"},{"taxonomy":"post_tag","embeddable":true,"href":"https:\/\/www.europesays.com\/fr\/wp-json\/wp\/v2\/tags?post=249470"}],"curies":[{"name":"wp","href":"https:\/\/api.w.org\/{rel}","templated":true}]}}