{"id":249492,"date":"2025-07-14T14:09:09","date_gmt":"2025-07-14T14:09:09","guid":{"rendered":"https:\/\/www.europesays.com\/fr\/249492\/"},"modified":"2025-07-14T14:09:09","modified_gmt":"2025-07-14T14:09:09","slug":"tournee-des-lions-2025-darcy-graham-jamie-osborne-avec-trois-ecossais-et-deux-irlandais-nouvelle-salve-darrivees-dans-le-groupe-dandy-farrell","status":"publish","type":"post","link":"https:\/\/www.europesays.com\/fr\/249492\/","title":{"rendered":"Tourn\u00e9e des Lions 2025 \u2013 Darcy Graham, Jamie Osborne\u2026 Avec trois \u00c9cossais et deux Irlandais, nouvelle salve d\u2019arriv\u00e9es dans le groupe d\u2019Andy Farrell"},"content":{"rendered":"<p>\n                \u00c0 cinq jours d\u2019affronter les Wallabies pour la premi\u00e8re fois de l\u2019\u00e9t\u00e9, les Lions britanniques et irlandais ont vu une nouvelle fois arriver de nouveaux \u00e9l\u00e9ments dans leur groupe. Les \u00c9cossais Rory Sutherland, Darcy Graham et Ewan Ashman ont rejoint l\u2019effectif ainsi que les deux Irlandais Jamie Osborne et Tom Clarkson.\n            <\/p>\n<p>Les Lions britanniques et irlandais continuent de proc\u00e9der \u00e0 un large turnover dans leur effectif depuis quelques jours en appelant de nouvelles unit\u00e9s. <strong><a href=\"https:\/\/www.rugbyrama.fr\/2025\/07\/12\/tournees-des-lions-2025-luke-cowan-dickie-et-garry-ringrose-blesses-a-une-semaine-du-match-face-a-laustralie-jamie-george-appele-en-renfort-par-andy-12822650.php\" target=\"_self\" rel=\"nofollow noopener\">Apr\u00e8s avoir convoqu\u00e9 Jamie George en remplacement de Luke Cowan-Dickie<\/a><\/strong>, au lendemain de leur <strong><a href=\"https:\/\/www.rugbyrama.fr\/2025\/07\/12\/international-les-lions-britanniques-et-irlandais-humilient-une-selection-australo-neo-zelandaise-avant-les-trois-chocs-face-aux-wallabies-12822313.php\" target=\"_self\" rel=\"nofollow noopener\">victoire face \u00e0 une s\u00e9lection australo-n\u00e9o-z\u00e9landaise (48-0)<\/a><\/strong>, Andy Farrell et son staff ont r\u00e9quisitionn\u00e9\u00a0trois \u00c9cossais ainsi que deux Irlandais afin de pr\u00e9parer les prochains tests face \u00e0 l\u2019Australie (19, 26\u00a0juillet, 2\u00a0ao\u00fbt).<\/p>\n<p data-end=\"267\" data-start=\"0\">Les deux joueurs irlandais du Leinster, Tom Clarkson (pilier, 8 s\u00e9lections avec le XV du tr\u00e8fle) et Jamie Osborne (centre, 8 s\u00e9lections) r\u00e9cents participants \u00e0 la tourn\u00e9e irlandaise\u00a0en G\u00e9orgie et au Portugal ont rejoint le groupe d\u2019Andy Farrell \u00e0 Brisbane.<\/p>\n<blockquote data-class=\"twitter-tweet\">\n<p lang=\"en\" dir=\"ltr\">A squad update from Brisbane! \\ud83e\\udd81\\u2b07\\ufe0f<a href=\"https:\/\/twitter.com\/hashtag\/Lions2025?src=hash&amp;ref_src=twsrc%5Etfw\" rel=\"nofollow noopener\" target=\"_blank\">#Lions2025<\/a><\/p>\n<p>\u2014 British &amp; Irish Lions (@lionsofficial) <a href=\"https:\/\/twitter.com\/lionsofficial\/status\/1944313637172392094?ref_src=twsrc%5Etfw\" rel=\"nofollow noopener\" target=\"_blank\">July 13, 2025<\/a><\/p><\/blockquote>\n<p>Darcy Graham en remplacement de Blair Kinghorn, bless\u00e9<\/p>\n<p data-end=\"267\" data-start=\"0\">Ils vont \u00e9galement \u00eatre accompagn\u00e9s d\u2019un trio d\u2019\u00c9cossais\u00a0: Rory Sutherland (pilier, d\u00e9j\u00e0 pr\u00e9sent lors de l\u2019\u00e9pop\u00e9e des Lions en Afrique du Sud en 2021), Ewan Ashman (talonneur) et Darcy Graham (ailier). Les trois hommes \u00e9taient jusqu\u2019\u00e0 pr\u00e9sent en Nouvelle-Z\u00e9lande avec la s\u00e9lection \u00e9cossaise o\u00f9 ils pr\u00e9paraient un test face aux Samoa apr\u00e8s s\u2019\u00eatre inclin\u00e9s\u00a0contre les Fidji samedi dernier.<\/p>\n<blockquote data-class=\"twitter-tweet\">\n<p lang=\"en\" dir=\"ltr\">The latest from Lions camp in Brisbane! \\u2b07\\ufe0f<a href=\"https:\/\/twitter.com\/hashtag\/Lions2025?src=hash&amp;ref_src=twsrc%5Etfw\" rel=\"nofollow noopener\" target=\"_blank\">#Lions2025<\/a><\/p>\n<p>\u2014 British &amp; Irish Lions (@lionsofficial) <a href=\"https:\/\/twitter.com\/lionsofficial\/status\/1944600835205513314?ref_src=twsrc%5Etfw\" rel=\"nofollow noopener\" target=\"_blank\">July 14, 2025<\/a><\/p><\/blockquote>\n<p data-end=\"267\" data-start=\"0\">L\u2019ailier d\u2019\u00c9dimbourg, Darcy Graham, postule directement pour le premier test face au Wallabies (samedi, 12h) suite \u00e0 une suspicion de blessure de Blair Kinghorn. L\u2019arri\u00e8re ou ailier du Stade toulousain, aurait \u00e9t\u00e9 victime d&rsquo;une mauvaise r\u00e9ception sous un ballon haut. Toutefois, les examens pass\u00e9s par l&rsquo;\u00c9cossais n&rsquo;ont pas r\u00e9v\u00e9l\u00e9 de l\u00e9sion importante.<\/p>\n<p data-end=\"267\" data-start=\"0\">Ashman et Sutherland vont, quant \u00e0 eux,\u00a0participer au dernier test du XV du chardon (samedi \u00e0 Auckland) avant de s\u2019envoler pour Melbourne le lendemain. Les Lions y affronteront une s\u00e9lection du Pacifique, le 22\u00a0juillet.<\/p>\n<p>                    <script async src=\"https:\/\/platform.twitter.com\/widgets.js\" charset=\"utf-8\"><\/script><\/p>\n","protected":false},"excerpt":{"rendered":"\u00c0 cinq jours d\u2019affronter les Wallabies pour la premi\u00e8re fois de l\u2019\u00e9t\u00e9, les Lions britanniques et irlandais ont&hellip;\n","protected":false},"author":2,"featured_media":249493,"comment_status":"","ping_status":"","sticky":false,"template":"","format":"standard","meta":{"footnotes":""},"categories":[1416],"tags":[1011,27,479,1468,60],"class_list":{"0":"post-249492","1":"post","2":"type-post","3":"status-publish","4":"format-standard","5":"has-post-thumbnail","7":"category-rugby","8":"tag-fr","9":"tag-france","10":"tag-rugby","11":"tag-rugby-football","12":"tag-sports"},"share_on_mastodon":{"url":"https:\/\/pubeurope.com\/@fr\/114851988327244253","error":""},"_links":{"self":[{"href":"https:\/\/www.europesays.com\/fr\/wp-json\/wp\/v2\/posts\/249492","targetHints":{"allow":["GET"]}}],"collection":[{"href":"https:\/\/www.europesays.com\/fr\/wp-json\/wp\/v2\/posts"}],"about":[{"href":"https:\/\/www.europesays.com\/fr\/wp-json\/wp\/v2\/types\/post"}],"author":[{"embeddable":true,"href":"https:\/\/www.europesays.com\/fr\/wp-json\/wp\/v2\/users\/2"}],"replies":[{"embeddable":true,"href":"https:\/\/www.europesays.com\/fr\/wp-json\/wp\/v2\/comments?post=249492"}],"version-history":[{"count":0,"href":"https:\/\/www.europesays.com\/fr\/wp-json\/wp\/v2\/posts\/249492\/revisions"}],"wp:featuredmedia":[{"embeddable":true,"href":"https:\/\/www.europesays.com\/fr\/wp-json\/wp\/v2\/media\/249493"}],"wp:attachment":[{"href":"https:\/\/www.europesays.com\/fr\/wp-json\/wp\/v2\/media?parent=249492"}],"wp:term":[{"taxonomy":"category","embeddable":true,"href":"https:\/\/www.europesays.com\/fr\/wp-json\/wp\/v2\/categories?post=249492"},{"taxonomy":"post_tag","embeddable":true,"href":"https:\/\/www.europesays.com\/fr\/wp-json\/wp\/v2\/tags?post=249492"}],"curies":[{"name":"wp","href":"https:\/\/api.w.org\/{rel}","templated":true}]}}