{"id":249506,"date":"2025-07-14T14:17:18","date_gmt":"2025-07-14T14:17:18","guid":{"rendered":"https:\/\/www.europesays.com\/fr\/249506\/"},"modified":"2025-07-14T14:17:18","modified_gmt":"2025-07-14T14:17:18","slug":"dans-les-courbes-jessaye-de-trouver-un-peu-de-mouvement-des-femmes-creent-et-exposent-leurs-oeuvres-lors-du-5eme-symposium-international-de-sculpture-monumentale-sur-pierre-et-metal","status":"publish","type":"post","link":"https:\/\/www.europesays.com\/fr\/249506\/","title":{"rendered":"\u00ab\u00a0Dans les courbes, j&rsquo;essaye de trouver un peu de mouvement\u00a0\u00bb. Des femmes cr\u00e9ent et exposent leurs \u0153uvres lors du 5\u00e8me symposium international de sculpture monumentale sur pierre et m\u00e9tal"},"content":{"rendered":"<p class=\"article__intro\">Jusqu&rsquo;au 20 juillet, le g\u00eete de la M\u00e9tairie, \u00e0 Saint-Michel-de-Chavaignes, accueille un \u00e9v\u00e9nement en hommage \u00e0 H\u00e9l\u00e8ne Bertaux, une sculptrice du XIX\u1d49 si\u00e8cle. Pour la premi\u00e8re fois, le rendez-vous est enti\u00e8rement consacr\u00e9 aux femmes sculptrices.<\/p>\n<p>\n      L\u2019actu des r\u00e9gions\n    <\/p>\n<p>\n      Chaque jour, un tour d\u2019horizon des principales infos de toutes les r\u00e9gions.\n    <\/p>\n<p>    France T\u00e9l\u00e9visions utilise votre adresse e-mail afin de vous envoyer la newsletter \u00ab\u00a0L\u2019actu des r\u00e9gions\u00a0\u00bb. Vous pouvez vous d\u00e9sinscrire \u00e0 tout moment via le lien en bas de cette newsletter. <a target=\"_blank\" href=\"https:\/\/www.francetelevisions.fr\/groupe\/confidentialite\/politique-de-confidentialite\/politique-de-confidentialite-de-france-televisions-6503\" rel=\"nofollow noopener\">Notre politique de confidentialit\u00e9<\/a><\/p>\n<p>Son nom est assez peu connu du grand public et pourtant, elle fut \u00e0 l&rsquo;origine d&rsquo;une vraie r\u00e9volution dans le monde artistique. Elle mit sa renomm\u00e9e au service d&rsquo;une cause, celle des femmes sculptrices et peintres.<\/p>\n<p>N\u00e9e en 1825, H\u00e9l\u00e8ne Bertaux se fit un nom en apprenant aupr\u00e8s des grands sculpteurs de son temps, parvint \u00e0 se faire une place et son talent fut reconnu au point qu&rsquo;elle cr\u00e9a une \u00e9cole de sculpture pour les femmes. A la t\u00eate de \u00ab\u00a0l&rsquo;Union des femmes peintres et sculpteurs\u00a0\u00bb, elle parvint \u00e0 faire admettre les femmes \u00e0 l&rsquo;Ecoles des Beaux-Arts, en 1897.<\/p>\n<p>Au Mus\u00e9e d&rsquo;Arts de Nantes, on peut admirer un marbre intitul\u00e9 <a target=\"_blank\" rel=\"noopener noreferrer nofollow\" href=\"https:\/\/museedartsdenantes.nantesmetropole.fr\/actualites\/une-visite-100-femmes-artistes\/\">\u00ab\u00a0Jeune Gaulois prisonnier\u00a0\u00bb<\/a> qu&rsquo;elle r\u00e9alisa en 1867. \u00ab\u00a0Ce marbre acad\u00e9mique \u00e0 l\u2019esth\u00e9tique n\u00e9o-classique est l\u2019un des premiers nus, ni all\u00e9gorique, ni mythologique, ex\u00e9cut\u00e9 par une femme\u00a0\u00bb, peut-on lire sur la pr\u00e9sentation qui en est faite.<\/p>\n<p>Depuis 2010, le comit\u00e9 <a target=\"_blank\" rel=\"noopener noreferrer nofollow\" href=\"https:\/\/www.mains-d-art.fr\/\">Mains d&rsquo;art<\/a> lui rend hommage lors du symposium de sculpture monumentale sur pierre et m\u00e9tal, \u00e0 Saint-Michel-de-Chavaignes, dans la Sarthe, o\u00f9 elle v\u00e9cut ses derni\u00e8res ann\u00e9es.<\/p>\n<p>Pour sa cinqui\u00e8me \u00e9dition, et le bicentenaire de la naissance d&rsquo;H\u00e9l\u00e8ne Bertaux, le symposium a d\u00e9cid\u00e9 de n&rsquo;inviter que des femmes sculptrices. Elles sont cinq : Aurore Besson, Gisella Garcia, Fiona Paterson, Nathalie Pitel et Coralie Quincey.<\/p>\n<p><a data-article-figure=\"\" href=\"https:\/\/france3-regions.franceinfo.fr\/image\/zhCEyBhymVD6WUebHKP4Bh4PrKU\/1600x739\/regions\/2025\/07\/13\/whatsapp-image-2025-07-13-at-15-19-31-1-6873cc3e9ecf4842326673.jpg\" data-pswp-width=\"1600\" data-pswp-height=\"739\" target=\"_blank\" rel=\"nofollow noopener\"><\/p>\n<p>          <img width=\"600\" height=\"400\" class=\"article-image lazy\" data-src=\"https:\/\/www.europesays.com\/fr\/wp-content\/uploads\/2025\/07\/whatsapp-image-2025-07-13-at-15-19-31-1-6873cc3e9ecf4842326673.jpg\" alt=\"Fiona Paterson, artiste n\u00e9e au Zimbabwe de parents irlandais, sculpte un troupeau d'oies avec des fers \u00e0 b\u00e9ton.\" fetchpriority=\"high\" as=\"image\"\/><\/p>\n<p>\n            Fiona Paterson, artiste n\u00e9e au Zimbabwe de parents irlandais, sculpte un troupeau d&rsquo;oies avec des fers \u00e0 b\u00e9ton.<br \/>\n                           \u2022<br \/>\n                                      \u00a9 France T\u00e9l\u00e9visions Caroline Ditte\n                      <\/p>\n<p><\/a><\/p>\n<p>Fiona Paterson a choisi de sculpter un troupeau d&rsquo;oies en travaillant des morceaux de fer \u00e0 b\u00e9ton.<\/p>\n<p>\u00ab\u00a0Je suis plut\u00f4t plasticienne, dit-elle, je fais du land art avec des mat\u00e9riaux naturels. Mais pour les sculptures non \u00e9ph\u00e9m\u00e8res je choisis plut\u00f4t le m\u00e9tal. J&rsquo;aime bien quand c&rsquo;est rouill\u00e9. M\u00eame avec quelque chose de l\u00e9ger on peut cr\u00e9er quelque chose de costaud. Dans les courbes, j&rsquo;essaye de trouver un peu de mouvement. C&rsquo;est un d\u00e9fi avec le m\u00e9tal tr\u00e8s rigide.\u00a0\u00bb<\/p>\n<p><a data-article-figure=\"\" href=\"https:\/\/france3-regions.franceinfo.fr\/image\/8XhQf6w5xG5p96tIR_AKemqbvuM\/1600x739\/regions\/2025\/07\/13\/sculpture-3-6873cf08ea276173562165.jpg\" data-pswp-width=\"1600\" data-pswp-height=\"739\" target=\"_blank\" rel=\"nofollow noopener\"><\/p>\n<p>          <img width=\"600\" height=\"400\" class=\"article-image lazy\" data-src=\"https:\/\/www.europesays.com\/fr\/wp-content\/uploads\/2025\/07\/sculpture-3-6873cf08ea276173562165.jpg\" alt=\"Sous un soleil de plomb, les artistes ont deux semaines pour r\u00e9aliser leur \u0153uvre.\" fetchpriority=\"high\" as=\"image\"\/><\/p>\n<p>\n            Sous un soleil de plomb, les artistes ont deux semaines pour r\u00e9aliser leur \u0153uvre.<br \/>\n                           \u2022<br \/>\n                                      \u00a9 France T\u00e9l\u00e9visions Caroline Ditte\n                      <\/p>\n<p><\/a><\/p>\n<p>Un peu plus loin, l&rsquo;Angevine Aurore Besson a souhait\u00e9 s&rsquo;inspirer de la blouse de travail d&rsquo;H\u00e9l\u00e8ne Bertaux en en sculptant une reproduction monumentale en pierre.<\/p>\n<p>\u00ab\u00a0On n&rsquo;a pas beaucoup d&rsquo;images d&rsquo;H\u00e9l\u00e8ne Bertaux, explique la plasticienne qui travaille avec une meuleuse. Une des images la montre avec sa blouse sur sa robe. On cherche des aspects de mati\u00e8re qui vont nous int\u00e9resser.\u00a0\u00bb<\/p>\n<p>La plasticienne dit \u00ab\u00a0on\u00a0\u00bb parce qu&rsquo;elle appr\u00e9cie d&rsquo;\u00eatre \u00e0 c\u00f4t\u00e9 d&rsquo;autres artistes et de s&rsquo;enrichir de leur fa\u00e7on de travailler la pierre.<\/p>\n<p>\u00ab\u00a0J&rsquo;ai choisi de lui rendre hommage, en tant que f\u00e9ministe, femme artiste\u00a0\u00bb, tient \u00e0 dire Aurore Besson \u00e0 propos d&rsquo;H\u00e9l\u00e8ne Bertaux. <\/p>\n<p>Le public peut venir voir ces femmes travailler tout au long de ce rendez-vous. Les \u0153uvres seront ensuite expos\u00e9es de fa\u00e7on p\u00e9renne sur la commune.<\/p>\n<p>\u00ab\u00a0Il y en a d\u00e9j\u00e0 une vingtaine, pr\u00e9cise Andr\u00e9 Chambrier, le pr\u00e9sident du symposium. Il y en a un peu partout. Il y a m\u00eame un parcours pour une randonn\u00e9e des sculptures.\u00a0\u00bb<\/p>\n<p><a target=\"_blank\" rel=\"noopener noreferrer nofollow\" href=\"https:\/\/www.mains-d-art.fr\/symposium-2025\/\"><strong>Symposium 2025<\/strong><\/a><strong>, du 4 au 20 juillet 2025, au g\u00eete de la M\u00e9taierie Saint-Michel-de-Chavaignes.<\/strong><\/p>\n<p><strong>Retrouvez-nous\u00a0sur nos r\u00e9seaux sociaux et sur\u00a0<\/strong><a rel=\"noopener noreferrer nofollow\" href=\"http:\/\/france.tv\" target=\"_blank\"><strong>france.tv<\/strong><\/a><\/p>\n","protected":false},"excerpt":{"rendered":"Jusqu&rsquo;au 20 juillet, le g\u00eete de la M\u00e9tairie, \u00e0 Saint-Michel-de-Chavaignes, accueille un \u00e9v\u00e9nement en hommage \u00e0 H\u00e9l\u00e8ne Bertaux,&hellip;\n","protected":false},"author":2,"featured_media":249507,"comment_status":"","ping_status":"","sticky":false,"template":"","format":"standard","meta":{"footnotes":""},"categories":[1358],"tags":[1348,1384,1385,1386,58,59,1011,27],"class_list":{"0":"post-249506","1":"post","2":"type-post","3":"status-publish","4":"format-standard","5":"has-post-thumbnail","7":"category-arts-et-design","8":"tag-arts","9":"tag-arts-and-design","10":"tag-arts-et-design","11":"tag-design","12":"tag-divertissement","13":"tag-entertainment","14":"tag-fr","15":"tag-france"},"share_on_mastodon":{"url":"https:\/\/pubeurope.com\/@fr\/114852019739644665","error":""},"_links":{"self":[{"href":"https:\/\/www.europesays.com\/fr\/wp-json\/wp\/v2\/posts\/249506","targetHints":{"allow":["GET"]}}],"collection":[{"href":"https:\/\/www.europesays.com\/fr\/wp-json\/wp\/v2\/posts"}],"about":[{"href":"https:\/\/www.europesays.com\/fr\/wp-json\/wp\/v2\/types\/post"}],"author":[{"embeddable":true,"href":"https:\/\/www.europesays.com\/fr\/wp-json\/wp\/v2\/users\/2"}],"replies":[{"embeddable":true,"href":"https:\/\/www.europesays.com\/fr\/wp-json\/wp\/v2\/comments?post=249506"}],"version-history":[{"count":0,"href":"https:\/\/www.europesays.com\/fr\/wp-json\/wp\/v2\/posts\/249506\/revisions"}],"wp:featuredmedia":[{"embeddable":true,"href":"https:\/\/www.europesays.com\/fr\/wp-json\/wp\/v2\/media\/249507"}],"wp:attachment":[{"href":"https:\/\/www.europesays.com\/fr\/wp-json\/wp\/v2\/media?parent=249506"}],"wp:term":[{"taxonomy":"category","embeddable":true,"href":"https:\/\/www.europesays.com\/fr\/wp-json\/wp\/v2\/categories?post=249506"},{"taxonomy":"post_tag","embeddable":true,"href":"https:\/\/www.europesays.com\/fr\/wp-json\/wp\/v2\/tags?post=249506"}],"curies":[{"name":"wp","href":"https:\/\/api.w.org\/{rel}","templated":true}]}}