{"id":249512,"date":"2025-07-14T14:20:15","date_gmt":"2025-07-14T14:20:15","guid":{"rendered":"https:\/\/www.europesays.com\/fr\/249512\/"},"modified":"2025-07-14T14:20:15","modified_gmt":"2025-07-14T14:20:15","slug":"14-juillet-on-sera-la-la-nouvelle-chanson-de-jean-jacques-goldman-conclut-le-defile-en-beaute","status":"publish","type":"post","link":"https:\/\/www.europesays.com\/fr\/249512\/","title":{"rendered":"14-Juillet : \u00ab\u00a0On sera l\u00e0\u00a0\u00bb, la nouvelle chanson de Jean-Jacques Goldman, conclut le d\u00e9fil\u00e9 en beaut\u00e9"},"content":{"rendered":"<ul class=\"jsx-862013697 ArticleChapo__List\">\n<li class=\"jsx-862013697 ArticleChapo__List_Item flex\">Longtemps en retrait du monde de la musique, Jean-Jacques Goldman a \u00e9crit une nouvelle chanson en 2025.<\/li>\n<li class=\"jsx-862013697 ArticleChapo__List_Item flex\">La personnalit\u00e9 pr\u00e9f\u00e9r\u00e9e des Fran\u00e7ais l&rsquo;a sp\u00e9cialement compos\u00e9e pour les bless\u00e9s de guerre.<\/li>\n<li class=\"jsx-862013697 ArticleChapo__List_Item flex\">Elo\u00efz et Yvard l&rsquo;ont interpr\u00e9t\u00e9e ce mercredi 14 juillet sur le rond-point des Champs-\u00c9lys\u00e9es, en conclusion du d\u00e9fil\u00e9.<\/li>\n<\/ul>\n<p><a href=\"https:\/\/www.tf1info.fr\/emissions\/tf1\/14-juillet-l-edition-speciale-sur-tf1-et-lci-12158\/\" rel=\"noopener\" class=\"jsx-484472199 Link jsx-1428418400 jsx-640816507\" target=\"_blank\"><\/p>\n<p style=\"font-weight:400\" class=\"jsx-1837267516\">Suivez la couverture compl\u00e8te<\/p>\n<p style=\"font-weight:800\" class=\"jsx-1837267516\">14 Juillet : le d\u00e9fil\u00e9 <\/p>\n<p><\/a><\/p>\n<p data-module=\"article-paragraph\" class=\"jsx-3046738180 Paragraph Paragraph__End\">Ancien gendarme bless\u00e9, Yvard s&rsquo;est reconstruit en se d\u00e9vouant \u00e0 la musique. Il chante, ce mercredi 14 juillet sur le rond-point des Champs-\u00c9lys\u00e9es, en compagnie d&rsquo;Elo\u00efz, gendarme r\u00e9serviste, les paroles de <a href=\"https:\/\/www.tf1info.fr\/culture\/on-sera-la-decouvrez-le-nouveau-titre-inedit-ecrit-par-jean-jacques-goldman-2364669.html\" target=\"_blank\" rel=\"noopener\">la nouvelle chanson de Jean-Jacques Goldman, On sera l\u00e0.\u00a0<\/a>\u00a0<\/p>\n<p data-module=\"article-paragraph\" class=\"jsx-3046738180 Paragraph Paragraph__End\">L&rsquo;artiste a \u00e9crit et compos\u00e9 cette chanson, apr\u00e8s plusieurs ann\u00e9es d&rsquo;inactivit\u00e9 et de mise en retrait, pour les bless\u00e9s de guerre, \u00e0 l&rsquo;occasion du centenaire du Bleuet de France, association d\u00e9di\u00e9e \u00e0 cette cause, dont les membres accompagnent nos deux interpr\u00e8tes avec une chor\u00e9graphie de parapluies aux couleurs du drapeau fran\u00e7ais, comme le montre la vid\u00e9o en t\u00eate de cet article, issue du JT de 13H de ce jour de f\u00eate nationale, et celle ci-dessous.<\/p>\n<p><a href=\"https:\/\/www.tf1info.fr\/societe\/en-direct-celebrations-defile-militaire-du-14-juillet-2025-suivez-notre-emission-speciale-sur-tf1-tf1-et-lci-2382672.html\" rel=\"noopener\" class=\"jsx-3308031228 Link flex\" target=\"_blank\"><img decoding=\"async\" src=\"https:\/\/www.europesays.com\/fr\/wp-content\/uploads\/2025\/07\/militaire-defile-c8ea97-0@1x.jpeg\" alt=\"AFP\" loading=\"lazy\" importance=\"low\" fetchpriority=\"low\" class=\"\" aria-hidden=\"true\"\/><\/p>\n<p class=\"jsx-3657663356 ReadMoreArticle__Title\">Lire aussi<\/p>\n<p class=\"jsx-3657663356\">C\u00e9l\u00e9brations du 14-Juillet\u00a0: revivez les temps forts du d\u00e9fil\u00e9 militaire et de la sp\u00e9ciale de TF1 et LCI<\/p>\n<p><\/a><\/p>\n<p>14-Juillet : la nouvelle chanson de Jean-Jacques Goldman conclut le d\u00e9fil\u00e9 en beaut\u00e9Source : Emission sp\u00e9ciale, D\u00e9fil\u00e9 du 14 juillet<\/p>\n<p><img decoding=\"async\" src=\"https:\/\/www.europesays.com\/fr\/wp-content\/uploads\/2025\/07\/14-juillet-la-nouvelle-chanson-de-jean-jacques-goldman-conclut-le-defile-en-beaute-f6d33c-0@1x.jpeg\" alt=\"14-Juillet : la nouvelle chanson de Jean-Jacques Goldman conclut le d\u00e9fil\u00e9 en beaut\u00e9\" loading=\"lazy\" importance=\"low\" fetchpriority=\"low\" class=\"\"\/><img decoding=\"async\" src=\"https:\/\/www.tf1info.fr\/images\/icons\/player-logo-play.svg\" alt=\"Logo lecture\" class=\"jsx-d0de44c05fe3042c PlayerLazyload__Play\"\/><\/p>\n<p data-module=\"article-paragraph\" class=\"jsx-3046738180 Paragraph\">Le titre avait \u00e9t\u00e9 <a href=\"https:\/\/www.tf1info.fr\/culture\/on-sera-la-decouvrez-le-nouveau-titre-inedit-ecrit-par-jean-jacques-goldman-2364669.html\" target=\"_blank\" rel=\"noopener\">d\u00e9voil\u00e9 en avant-premi\u00e8re<\/a> le jeudi 10 avril, \u00e0 la Salle Pleyel, lors du concert caritatif \u00ab\u00a0Sentinelles d&rsquo;un soir\u00a0\u00bb, organis\u00e9 au profit des anciens combattants, des victimes de guerre et du terrorisme, ainsi que des pupilles de la nation, afin de r\u00e9colter des fonds pour l&rsquo;anniversaire de l&rsquo;association.\u00a0<\/p>\n<p data-module=\"article-paragraph\" class=\"jsx-3046738180 Paragraph Paragraph__End\">\u00ab\u00a0Heureux et fier de pouvoir aider le Bleuet de France, qui accompagne ceux qui nous prot\u00e8gent et leurs familles\u00a0\u00bb, avait indiqu\u00e9 Jean-Jacques Goldman dans un message diffus\u00e9 lors de l&rsquo;\u00e9v\u00e9nement.<\/p>\n<p>La r\u00e9daction de TF1info | Reportage TF1 Olivier SANTIKI, Emmanuelle BINET, S\u00e9verine FORTIN<\/p>\n","protected":false},"excerpt":{"rendered":"Longtemps en retrait du monde de la musique, Jean-Jacques Goldman a \u00e9crit une nouvelle chanson en 2025. La&hellip;\n","protected":false},"author":2,"featured_media":249513,"comment_status":"","ping_status":"","sticky":false,"template":"","format":"standard","meta":{"footnotes":""},"categories":[1355],"tags":[10915,38891,1111,11,1921,58,38975,59,1011,27,1922,7195,1361,873,626,133,5010],"class_list":{"0":"post-249512","1":"post","2":"type-post","3":"status-publish","4":"format-standard","5":"has-post-thumbnail","7":"category-musique","8":"tag-14-juillet","9":"tag-14-juillet-le-defile","10":"tag-actu","11":"tag-actualites","12":"tag-article-video","13":"tag-divertissement","14":"tag-edition-speciale-tf1","15":"tag-entertainment","16":"tag-fr","17":"tag-france","18":"tag-info","19":"tag-jean-jacques-goldman","20":"tag-music","21":"tag-musique","22":"tag-paris","23":"tag-video","24":"tag-video-sujets-de-societe"},"share_on_mastodon":{"url":"https:\/\/pubeurope.com\/@fr\/114852031805671506","error":""},"_links":{"self":[{"href":"https:\/\/www.europesays.com\/fr\/wp-json\/wp\/v2\/posts\/249512","targetHints":{"allow":["GET"]}}],"collection":[{"href":"https:\/\/www.europesays.com\/fr\/wp-json\/wp\/v2\/posts"}],"about":[{"href":"https:\/\/www.europesays.com\/fr\/wp-json\/wp\/v2\/types\/post"}],"author":[{"embeddable":true,"href":"https:\/\/www.europesays.com\/fr\/wp-json\/wp\/v2\/users\/2"}],"replies":[{"embeddable":true,"href":"https:\/\/www.europesays.com\/fr\/wp-json\/wp\/v2\/comments?post=249512"}],"version-history":[{"count":0,"href":"https:\/\/www.europesays.com\/fr\/wp-json\/wp\/v2\/posts\/249512\/revisions"}],"wp:featuredmedia":[{"embeddable":true,"href":"https:\/\/www.europesays.com\/fr\/wp-json\/wp\/v2\/media\/249513"}],"wp:attachment":[{"href":"https:\/\/www.europesays.com\/fr\/wp-json\/wp\/v2\/media?parent=249512"}],"wp:term":[{"taxonomy":"category","embeddable":true,"href":"https:\/\/www.europesays.com\/fr\/wp-json\/wp\/v2\/categories?post=249512"},{"taxonomy":"post_tag","embeddable":true,"href":"https:\/\/www.europesays.com\/fr\/wp-json\/wp\/v2\/tags?post=249512"}],"curies":[{"name":"wp","href":"https:\/\/api.w.org\/{rel}","templated":true}]}}