{"id":249514,"date":"2025-07-14T14:21:12","date_gmt":"2025-07-14T14:21:12","guid":{"rendered":"https:\/\/www.europesays.com\/fr\/249514\/"},"modified":"2025-07-14T14:21:12","modified_gmt":"2025-07-14T14:21:12","slug":"la-bande-annonce-du-film-tourne-dans-les-vosges-devoilee","status":"publish","type":"post","link":"https:\/\/www.europesays.com\/fr\/249514\/","title":{"rendered":"la bande-annonce du film tourn\u00e9 dans les Vosges d\u00e9voil\u00e9e"},"content":{"rendered":"<p>Il ne faut pas attendre tr\u00e8s longtemps pour entendre un speaker scander \u00ab \u00c9pinaal&#8230; est-ce que vous \u00eates l\u00e0 \u00a0?\u00a0\u00bb Dans l&rsquo;instant qui suit, on d\u00e9couvre les premi\u00e8res images d&rsquo;un match de hockey sur glace film\u00e9 \u00e0 la patinoire de la Cit\u00e9 des Images.<\/p>\n<p>L&rsquo;adaptation du roman \u00a0\u00bbConnemara\u00a0\u00bb, de l&rsquo;\u00e9crivain vosgien Nicolas Mathieu, est pr\u00e9vu dans les salles le 10 septembre 2025.<\/p>\n<p>M\u00e9lanie Thierry (Le dernier pour la route) et Bastien Bouillon (La nuit du 12) tiennent les premiers r\u00f4les dans ce film, r\u00e9alis\u00e9 par le Strasbourgeois Alex Lutz (Guy). Le roman a \u00e9t\u00e9 \u00e9crit en 2022 par Nicolas Mathieu, soit quatre ans apr\u00e8s son <a href=\"https:\/\/www.vosgesmatin.fr\/actualite\/2018\/11\/07\/prix-goncourt-verdict-vers-12-h-45-pour-le-nanceien-nicolas-mathieu\" target=\"_blank\" rel=\"noopener\">prix Goncourt pour \u00a0\u00bbLeurs enfants apr\u00e8s eux\u00a0\u00bb.<\/a><\/p>\n<p>H\u00e9l\u00e8ne, Parisienne en plein burn-out, choisit de retourner s&rsquo;installer dans les Vosges, l\u00e0 o\u00f9 elle a grandi, avec toute sa famille. Elle retrouve un bonne qualit\u00e9 de vie mais son quotidien est chamboul\u00e9 quand elle recroise Christophe, le bel hockeyeur des ann\u00e9es lyc\u00e9es. Une liaison s&rsquo;installe entre eux malgr\u00e9 une trajectoire sociale qui, aujourd&rsquo;hui, les oppose.<\/p>\n","protected":false},"excerpt":{"rendered":"Il ne faut pas attendre tr\u00e8s longtemps pour entendre un speaker scander \u00ab \u00c9pinaal&#8230; est-ce que vous \u00eates&hellip;\n","protected":false},"author":2,"featured_media":249515,"comment_status":"","ping_status":"","sticky":false,"template":"","format":"standard","meta":{"footnotes":""},"categories":[1354],"tags":[650,1687,58,1796,59,778,107,1346,1011,27,1360,3456,273,774],"class_list":{"0":"post-249514","1":"post","2":"type-post","3":"status-publish","4":"format-standard","5":"has-post-thumbnail","7":"category-films","8":"tag-cinema","9":"tag-culture-loisirs","10":"tag-divertissement","11":"tag-edition-epinal","12":"tag-entertainment","13":"tag-epinal","14":"tag-fil-info","15":"tag-films","16":"tag-fr","17":"tag-france","18":"tag-movies","19":"tag-region-lorraine","20":"tag-selection-de-la-redaction","21":"tag-vosges"},"share_on_mastodon":{"url":"https:\/\/pubeurope.com\/@fr\/114852035580061580","error":""},"_links":{"self":[{"href":"https:\/\/www.europesays.com\/fr\/wp-json\/wp\/v2\/posts\/249514","targetHints":{"allow":["GET"]}}],"collection":[{"href":"https:\/\/www.europesays.com\/fr\/wp-json\/wp\/v2\/posts"}],"about":[{"href":"https:\/\/www.europesays.com\/fr\/wp-json\/wp\/v2\/types\/post"}],"author":[{"embeddable":true,"href":"https:\/\/www.europesays.com\/fr\/wp-json\/wp\/v2\/users\/2"}],"replies":[{"embeddable":true,"href":"https:\/\/www.europesays.com\/fr\/wp-json\/wp\/v2\/comments?post=249514"}],"version-history":[{"count":0,"href":"https:\/\/www.europesays.com\/fr\/wp-json\/wp\/v2\/posts\/249514\/revisions"}],"wp:featuredmedia":[{"embeddable":true,"href":"https:\/\/www.europesays.com\/fr\/wp-json\/wp\/v2\/media\/249515"}],"wp:attachment":[{"href":"https:\/\/www.europesays.com\/fr\/wp-json\/wp\/v2\/media?parent=249514"}],"wp:term":[{"taxonomy":"category","embeddable":true,"href":"https:\/\/www.europesays.com\/fr\/wp-json\/wp\/v2\/categories?post=249514"},{"taxonomy":"post_tag","embeddable":true,"href":"https:\/\/www.europesays.com\/fr\/wp-json\/wp\/v2\/tags?post=249514"}],"curies":[{"name":"wp","href":"https:\/\/api.w.org\/{rel}","templated":true}]}}