{"id":249516,"date":"2025-07-14T14:22:09","date_gmt":"2025-07-14T14:22:09","guid":{"rendered":"https:\/\/www.europesays.com\/fr\/249516\/"},"modified":"2025-07-14T14:22:09","modified_gmt":"2025-07-14T14:22:09","slug":"elles-peuvent-vous-transmettre-des-maladies-et-pas-seulement-lors-de-balades-en-foret","status":"publish","type":"post","link":"https:\/\/www.europesays.com\/fr\/249516\/","title":{"rendered":"elles peuvent vous transmettre des maladies et pas seulement lors de balades en for\u00eat !"},"content":{"rendered":"<p><strong>Auparavant, les tiques \u00e9taient essentiellement pr\u00e9sentes<br \/>\nen for\u00eat. Depuis quelques ann\u00e9es, celles-ci investissent de plus en<br \/>\nplus les zones urbaines, principalement les parcs et autres<br \/>\njardins. Aux \u00c9tats-Unis, le risque de se faire mordre est d\u00e9sormais<br \/>\n\u00e9quivalent en ville et en for\u00eat, un ph\u00e9nom\u00e8ne dans lequel le<br \/>\nr\u00e9chauffement joue un r\u00f4le important.<\/strong><\/p>\n<p>Les tiques de plus en plus pr\u00e9sentes en ville<\/p>\n<p>Le terme \u00ab\u00a0tiques\u00a0\u00bb d\u00e9signe un ordre d\u2019arachnides<br \/>\nacariens, les Ixodida. Regroupant un peu moins d\u2019un<br \/>\nmillier d\u2019esp\u00e8ces, les tiques <strong>vivent g\u00e9n\u00e9ralement dans les<br \/>\nenvironnements forestiers<\/strong> mais appr\u00e9cient \u00e9galement les<br \/>\nhautes herbes, les buissons, les haies ainsi que les zones humides.<br \/>\nCes acariens se fixent sur la v\u00e9g\u00e9tation dans l\u2019attente d\u2019un h\u00f4te<br \/>\npotentiel, \u00e0 savoir les animaux sauvages mais aussi parfois, les<br \/>\nhumains.<\/p>\n<p>Le 2 juillet 2025, le magazine <a href=\"https:\/\/www.nationalgeographic.com\/animals\/article\/ticks-urban-populations-rising\" target=\"_blank\" rel=\"noopener nofollow\">National Geographic<\/a> publiait un<br \/>\narticle complet traitant d\u2019un ph\u00e9nom\u00e8ne assez pr\u00e9occupant :<br \/>\nl\u2019augmentation de la pr\u00e9sence des tiques en milieu urbain.<br \/>\nL\u2019article donne la parole \u00e0 deux sp\u00e9cialistes ayant constat\u00e9 une<br \/>\n<strong>importante propagation de plusieurs esp\u00e8ces de<br \/>\ntiques<\/strong> \u2013 dont certaines dangereuses \u2013 sur la c\u00f4te est et<br \/>\nla c\u00f4te ouest des \u00c9tats-Unis.<\/p>\n<p>Pour rappel, certaines esp\u00e8ces de tiques <strong>peuvent<br \/>\ntransmettre la maladie de Lyme<\/strong>, apr\u00e8s une infection par la<br \/>\nbact\u00e9rie Borrelia burgdorferi. Souvent, les personnes<br \/>\ntouch\u00e9es n\u2019ont aucun sympt\u00f4mes mais la maladie peut \u00eatre<br \/>\ninvalidante, causant des troubles articulaires, neurologiques ou<br \/>\ncutan\u00e9s parfois s\u00e9v\u00e8res. En 2022, <a href=\"https:\/\/sciencepost.fr\/maladie-de-lyme-touche-population-mondiale\/\" target=\"_blank\" rel=\"noopener nofollow\">les chercheurs d\u2019une \u00e9tude<br \/>\nchinoise<\/a> estimaient que <strong>pas moins de 14% de la<br \/>\npopulation mondiale<\/strong> avait d\u00e9j\u00e0 contract\u00e9 la maladie.<\/p>\n<p><img loading=\"lazy\" data-lazyloaded=\"1\" decoding=\"async\" class=\"size-full wp-image-313139\" src=\"https:\/\/www.europesays.com\/fr\/wp-content\/uploads\/2025\/07\/1584px-Ixodus_ricinus_5x.jpg\" alt=\"tique du mouton Lyme\" width=\"1584\" height=\"1080\"  data-\/><br \/>\nLa tique du mouton (Ixodes ricinus), principal vecteur de<br \/>\nla maladie de Lyme en Europe.<br \/>Cr\u00e9dits : Richard Bartz \/ WikipediaLe r\u00f4le du r\u00e9chauffement climatique<\/p>\n<p>Aux \u00c9tats-Unis mais \u00e9galement dans d\u2019autres pays comme la<br \/>\nFrance, les tiques ont toujours pu atteindre les villes, gr\u00e2ce \u00e0<br \/>\ndes h\u00f4tes comme les oiseaux, les rats ou encore, les \u00e9cureuils. Ces<br \/>\nderni\u00e8res se d\u00e9veloppent parfaitement bien dans des <strong>lieux<br \/>\nurbains disposant de parcs et de jardins<\/strong>. Malheureusement,<br \/>\nla proximit\u00e9 entre les tiques et les humains semble n\u2019avoir jamais<br \/>\n\u00e9t\u00e9 aussi grande. Outre-Atlantique, le risque de se faire mordre<br \/>\nserait aujourd\u2019hui <strong>aussi \u00e9lev\u00e9 en ville qu\u2019en<br \/>\nfor\u00eat.<\/strong><\/p>\n<p>Il faut dire que <strong>le r\u00e9chauffement climatique joue un<br \/>\nr\u00f4le pr\u00e9pond\u00e9rant<\/strong> dans l\u2019accroissement de la pr\u00e9sence des<br \/>\ntiques en ville. En effet, la hausse des temp\u00e9ratures semble<br \/>\nproportionnelle \u00e0 celle des zones o\u00f9 ces acariens peuvent<br \/>\ns\u2019installer. Leurs p\u00e9riodes d\u2019activit\u00e9 \u2013 survie et reproduction \u2013 a<br \/>\nfait l\u2019objet d\u2019une augmentation significative. Citons par exemple<br \/>\nle fait que d\u00e9sormais, les tiques peuvent rester actives durant<br \/>\nl\u2019hiver, si la temp\u00e9rature <strong>ne descend pas en dessous de<br \/>\n4\u00b0C<\/strong>. De nos jours, les cas de contraction de la maladie de<br \/>\nLyme par des humains ayant fr\u00e9quent\u00e9 des parcs ne sont plus si<br \/>\nrares. De plus, les experts estiment que cette maladie<br \/>\n<strong>infecte environ 20 \u00e0 30% des b\u00e9b\u00e9s tiques.<\/strong><\/p>\n<p>Enfin,, si les parcs et jardins \u00e9taient des endroits que l\u2019on<br \/>\npensaient s\u00fbrs, il incombe aujourd\u2019hui de prendre quelques<br \/>\npr\u00e9cautions, par exemple porter des v\u00eatements longs et examiner sa<br \/>\npeau au retour. Ceci est d\u2019autant plus judicieux en cas de forte<br \/>\nchaleur, <strong>synonyme d\u2019agressivit\u00e9 chez certaines<br \/>\nesp\u00e8ces<\/strong> de tiques.<\/p>\n","protected":false},"excerpt":{"rendered":"Auparavant, les tiques \u00e9taient essentiellement pr\u00e9sentes en for\u00eat. Depuis quelques ann\u00e9es, celles-ci investissent de plus en plus les&hellip;\n","protected":false},"author":2,"featured_media":249517,"comment_status":"","ping_status":"","sticky":false,"template":"","format":"standard","meta":{"footnotes":""},"categories":[10],"tags":[1011,27,72,71],"class_list":{"0":"post-249516","1":"post","2":"type-post","3":"status-publish","4":"format-standard","5":"has-post-thumbnail","7":"category-sante","8":"tag-fr","9":"tag-france","10":"tag-health","11":"tag-sante"},"share_on_mastodon":{"url":"https:\/\/pubeurope.com\/@fr\/114852039670970103","error":""},"_links":{"self":[{"href":"https:\/\/www.europesays.com\/fr\/wp-json\/wp\/v2\/posts\/249516","targetHints":{"allow":["GET"]}}],"collection":[{"href":"https:\/\/www.europesays.com\/fr\/wp-json\/wp\/v2\/posts"}],"about":[{"href":"https:\/\/www.europesays.com\/fr\/wp-json\/wp\/v2\/types\/post"}],"author":[{"embeddable":true,"href":"https:\/\/www.europesays.com\/fr\/wp-json\/wp\/v2\/users\/2"}],"replies":[{"embeddable":true,"href":"https:\/\/www.europesays.com\/fr\/wp-json\/wp\/v2\/comments?post=249516"}],"version-history":[{"count":0,"href":"https:\/\/www.europesays.com\/fr\/wp-json\/wp\/v2\/posts\/249516\/revisions"}],"wp:featuredmedia":[{"embeddable":true,"href":"https:\/\/www.europesays.com\/fr\/wp-json\/wp\/v2\/media\/249517"}],"wp:attachment":[{"href":"https:\/\/www.europesays.com\/fr\/wp-json\/wp\/v2\/media?parent=249516"}],"wp:term":[{"taxonomy":"category","embeddable":true,"href":"https:\/\/www.europesays.com\/fr\/wp-json\/wp\/v2\/categories?post=249516"},{"taxonomy":"post_tag","embeddable":true,"href":"https:\/\/www.europesays.com\/fr\/wp-json\/wp\/v2\/tags?post=249516"}],"curies":[{"name":"wp","href":"https:\/\/api.w.org\/{rel}","templated":true}]}}