{"id":249523,"date":"2025-07-14T14:27:10","date_gmt":"2025-07-14T14:27:10","guid":{"rendered":"https:\/\/www.europesays.com\/fr\/249523\/"},"modified":"2025-07-14T14:27:10","modified_gmt":"2025-07-14T14:27:10","slug":"volomdymyr-zelensky-veut-nommer-ioulia-svyrydenko-premiere-ministre","status":"publish","type":"post","link":"https:\/\/www.europesays.com\/fr\/249523\/","title":{"rendered":"Volomdymyr Zelensky veut nommer Ioulia Svyrydenko premi\u00e8re ministre"},"content":{"rendered":"<p>Ce serait le premier remaniement politique majeur pour l\u2019Ukraine depuis le d\u00e9but de la guerre.<\/p>\n<p class=\"fig-paragraph\">Le pr\u00e9sident ukrainien\u00a0<a href=\"http:\/\/www.lefigaro.fr\/international\/guerre-en-ukraine-volodymyr-zelensky-dit-avoir-eu-une-discussion-productive-avec-l-envoye-americain-keith-kellogg-20250714\" target=\"_blank\" data-fig-type=\"NewsFlash\" rel=\"noopener nofollow\" data-gtm-custom-categorie=\"navigation\" data-gtm-custom-action=\"crossclick\" data-gtm-custom-label=\"Contextuel\" data-gtm-event=\"customEventSPE\" data-fig-domain=\"LEFIGARO\">Volodymyr Zelensky<\/a>\u00a0a propos\u00e9 lundi de nommer Premi\u00e8re ministre son actuelle ministre de l&rsquo;\u00c9conomie, Ioulia Svyrydenko, ce qui constituerait un remaniement politique majeur pour ce pays en guerre. Ioulia Svyrydenko, 39 ans, s&rsquo;est illustr\u00e9e cette ann\u00e9e lors des difficiles n\u00e9gociations concernant l&rsquo;accord sur les minerais finalement conclu avec les Etats-Unis. \u00abJ&rsquo;ai propos\u00e9 que Ioulia Svyrydenko prenne la t\u00eate du gouvernement de l&rsquo;Ukraine et en renouvelle le travail en profondeur\u00bb, a \u00e9crit Volodymyr Zelensky sur les r\u00e9seaux sociaux. \u00abJ&rsquo;attends avec impatience la pr\u00e9sentation du plan d&rsquo;action du nouveau gouvernement dans un avenir proche\u00bb, a-t-il ajout\u00e9, accompagnant son message d&rsquo;une photo de Ioulia Svyrydenko et lui.<\/p>\n<p class=\"fig-paragraph\">Cette nomination doit encore \u00eatre approuv\u00e9e par le parlement ukrainien, qui s&rsquo;est largement uni derri\u00e8re le pr\u00e9sident depuis l&rsquo;invasion russe et devrait, sauf surprise, soutenir son choix. Ioulia Svyrydenko, qui est d\u00e9j\u00e0 vice-Premi\u00e8re ministre, avait \u00e9t\u00e9 nomm\u00e9e \u00e0 l&rsquo;Economie quelques mois avant le d\u00e9but de l&rsquo;invasion russe de f\u00e9vrier 2022.<\/p>\n","protected":false},"excerpt":{"rendered":"Ce serait le premier remaniement politique majeur pour l\u2019Ukraine depuis le d\u00e9but de la guerre. Le pr\u00e9sident ukrainien\u00a0Volodymyr&hellip;\n","protected":false},"author":2,"featured_media":249524,"comment_status":"","ping_status":"","sticky":false,"template":"","format":"standard","meta":{"footnotes":""},"categories":[5],"tags":[11,1011,27,14,12,220,134,28],"class_list":{"0":"post-249523","1":"post","2":"type-post","3":"status-publish","4":"format-standard","5":"has-post-thumbnail","7":"category-international","8":"tag-actualites","9":"tag-fr","10":"tag-france","11":"tag-international","12":"tag-news","13":"tag-ukraine","14":"tag-volodymyr-zelensky","15":"tag-world"},"share_on_mastodon":{"url":"https:\/\/pubeurope.com\/@fr\/114852059058127091","error":""},"_links":{"self":[{"href":"https:\/\/www.europesays.com\/fr\/wp-json\/wp\/v2\/posts\/249523","targetHints":{"allow":["GET"]}}],"collection":[{"href":"https:\/\/www.europesays.com\/fr\/wp-json\/wp\/v2\/posts"}],"about":[{"href":"https:\/\/www.europesays.com\/fr\/wp-json\/wp\/v2\/types\/post"}],"author":[{"embeddable":true,"href":"https:\/\/www.europesays.com\/fr\/wp-json\/wp\/v2\/users\/2"}],"replies":[{"embeddable":true,"href":"https:\/\/www.europesays.com\/fr\/wp-json\/wp\/v2\/comments?post=249523"}],"version-history":[{"count":0,"href":"https:\/\/www.europesays.com\/fr\/wp-json\/wp\/v2\/posts\/249523\/revisions"}],"wp:featuredmedia":[{"embeddable":true,"href":"https:\/\/www.europesays.com\/fr\/wp-json\/wp\/v2\/media\/249524"}],"wp:attachment":[{"href":"https:\/\/www.europesays.com\/fr\/wp-json\/wp\/v2\/media?parent=249523"}],"wp:term":[{"taxonomy":"category","embeddable":true,"href":"https:\/\/www.europesays.com\/fr\/wp-json\/wp\/v2\/categories?post=249523"},{"taxonomy":"post_tag","embeddable":true,"href":"https:\/\/www.europesays.com\/fr\/wp-json\/wp\/v2\/tags?post=249523"}],"curies":[{"name":"wp","href":"https:\/\/api.w.org\/{rel}","templated":true}]}}