{"id":249525,"date":"2025-07-14T14:28:09","date_gmt":"2025-07-14T14:28:09","guid":{"rendered":"https:\/\/www.europesays.com\/fr\/249525\/"},"modified":"2025-07-14T14:28:09","modified_gmt":"2025-07-14T14:28:09","slug":"un-aspirant-officier-se-coupe-loreille-avec-son-epee-pendant-le-defile-du-14-juillet-a-paris","status":"publish","type":"post","link":"https:\/\/www.europesays.com\/fr\/249525\/","title":{"rendered":"Un aspirant officier se coupe l&rsquo;oreille avec son \u00e9p\u00e9e pendant le d\u00e9fil\u00e9 du 14 juillet \u00e0 Paris"},"content":{"rendered":"<p>Il aura donn\u00e9 son sang pour la <strong>comm\u00e9moration du 14 juillet<\/strong> ce lundi sur l&rsquo;avenue des Champs-Elys\u00e9es \u00e0 Paris. Alors qu&rsquo;il se trouvait dans les rangs de l&rsquo;\u00e9cole militaire inter-armes, le jeune aspirant s&rsquo;est coup\u00e9 au niveau de l&rsquo;oreille avec son \u00e9p\u00e9e.\u00a0<\/p>\n<p>Malgr\u00e9 <strong>le sang visible sur les images de France 2,<\/strong> l&rsquo;homme n&rsquo;a pas bronch\u00e9 et il a poursuivi le d\u00e9fil\u00e9. Le journaliste de RFI St\u00e9phane Geneste a constat\u00e9 cet incident sur son compte X (ex-Twitter).\u00a0<\/p>\n","protected":false},"excerpt":{"rendered":"Il aura donn\u00e9 son sang pour la comm\u00e9moration du 14 juillet ce lundi sur l&rsquo;avenue des Champs-Elys\u00e9es \u00e0&hellip;\n","protected":false},"author":2,"featured_media":249526,"comment_status":"","ping_status":"","sticky":false,"template":"","format":"standard","meta":{"footnotes":""},"categories":[4],"tags":[11,1011,27,1757,12,25],"class_list":{"0":"post-249525","1":"post","2":"type-post","3":"status-publish","4":"format-standard","5":"has-post-thumbnail","7":"category-france","8":"tag-actualites","9":"tag-fr","10":"tag-france","11":"tag-insolite","12":"tag-news","13":"tag-republique-francaise"},"share_on_mastodon":{"url":"https:\/\/pubeurope.com\/@fr\/114852063112670988","error":""},"_links":{"self":[{"href":"https:\/\/www.europesays.com\/fr\/wp-json\/wp\/v2\/posts\/249525","targetHints":{"allow":["GET"]}}],"collection":[{"href":"https:\/\/www.europesays.com\/fr\/wp-json\/wp\/v2\/posts"}],"about":[{"href":"https:\/\/www.europesays.com\/fr\/wp-json\/wp\/v2\/types\/post"}],"author":[{"embeddable":true,"href":"https:\/\/www.europesays.com\/fr\/wp-json\/wp\/v2\/users\/2"}],"replies":[{"embeddable":true,"href":"https:\/\/www.europesays.com\/fr\/wp-json\/wp\/v2\/comments?post=249525"}],"version-history":[{"count":0,"href":"https:\/\/www.europesays.com\/fr\/wp-json\/wp\/v2\/posts\/249525\/revisions"}],"wp:featuredmedia":[{"embeddable":true,"href":"https:\/\/www.europesays.com\/fr\/wp-json\/wp\/v2\/media\/249526"}],"wp:attachment":[{"href":"https:\/\/www.europesays.com\/fr\/wp-json\/wp\/v2\/media?parent=249525"}],"wp:term":[{"taxonomy":"category","embeddable":true,"href":"https:\/\/www.europesays.com\/fr\/wp-json\/wp\/v2\/categories?post=249525"},{"taxonomy":"post_tag","embeddable":true,"href":"https:\/\/www.europesays.com\/fr\/wp-json\/wp\/v2\/tags?post=249525"}],"curies":[{"name":"wp","href":"https:\/\/api.w.org\/{rel}","templated":true}]}}