{"id":249527,"date":"2025-07-14T14:29:11","date_gmt":"2025-07-14T14:29:11","guid":{"rendered":"https:\/\/www.europesays.com\/fr\/249527\/"},"modified":"2025-07-14T14:29:11","modified_gmt":"2025-07-14T14:29:11","slug":"chelsea-une-situation-evitable-pour-tout-le-monde-que-risque-luis-enrique-apres-son-coup-de-sang-en-finale","status":"publish","type":"post","link":"https:\/\/www.europesays.com\/fr\/249527\/","title":{"rendered":"Chelsea\u00a0: \u00ab\u00a0Une situation \u00e9vitable pour tout le monde\u00a0\u00bb\u2026 Que risque Luis Enrique apr\u00e8s son coup de sang en finale\u00a0?"},"content":{"rendered":"<p>Une saison longue, tr\u00e8s longue et un \u00e9pilogue qui ne se conclut pas de la meilleure des fa\u00e7ons. Apr\u00e8s 65 matchs, un titre de champion de France, une Ligue des champions et une Coupe de France, le <a href=\"https:\/\/www.20minutes.fr\/sport\/psg\/\" target=\"_blank\" class=\"color-ultramarine c-link\" rel=\"noopener\">Paris Saint-Germain<\/a> a termin\u00e9 l\u2019exercice 2024-2025 par une d\u00e9faite en <a href=\"https:\/\/www.20minutes.fr\/sport\/football\/4163456-20250713-direct-psg-chelsea-parisiens-marche-fabuleux-grand-chelem-suivez-finale-coupe-monde-clubs\" target=\"_blank\" class=\"color-ultramarine c-link\" rel=\"noopener\">finale de la Coupe du monde des clubs (3-0) face \u00e0 Chelsea<\/a>, dimanche au MetLife Stadium de New York.<\/p>\n<p>La rencontre s\u2019est termin\u00e9e avec une petite \u00e9chauffour\u00e9e entre les joueurs de Chelsea et ceux du PSG, \u00e0 laquelle s\u2019est m\u00eal\u00e9 <a href=\"https:\/\/www.20minutes.fr\/dossier\/luis_enrique\" target=\"_blank\" class=\"color-ultramarine c-link\" rel=\"noopener\">Luis Enrique<\/a>, l\u2019entra\u00eeneur parisien, qui a fait tomber Joao Pedro apr\u00e8s lui avoir mis une main au cou. \u00ab\u00a0A la fin du match, il y a eu une situation qui \u00e9tait \u00e9vitable pour tout le monde, a expliqu\u00e9 l\u2019Espagnol en conf\u00e9rence de presse apr\u00e8s la rencontre. Mon objectif, comme toujours, \u00e9tait d\u2019essayer de s\u00e9parer les joueurs afin d\u2019\u00e9viter tout nouveau probl\u00e8me.\u00a0\u00bb<\/p>\n<p>Quelle sanction pour Luis Enrique\u00a0?<\/p>\n<p>\u00ab\u00a0Il y avait beaucoup de tension, beaucoup de pression, et \u00e0 partir de l\u00e0, il y a eu une s\u00e9rie de bousculades entre plusieurs joueurs que nous aurions d\u00fb tous \u00e9viter et qui ne devraient plus jamais se reproduire\u00a0\u00bb, a-t-il ajout\u00e9. Dans une s\u00e9quence capt\u00e9e par DAZN, Luis Enrique explique \u00e0 l\u2019un des membres de son staff avoir \u00e9t\u00e9 pouss\u00e9 par l\u2019attaquant des Blues\u00a0: \u00ab\u00a0Je le touche, il se jette par terre\u00a0\u00bb<\/p>\n<p>Pour ce geste d\u2019humeur, l\u2019ancien entra\u00eeneur du FC Barcelone risque-t-il une sanction\u00a0? Selon <a href=\"https:\/\/www.marca.com\/futbol\/mundial-de-clubes\/2025\/07\/14\/luis-enrique-senalado-fifa.html\" rel=\"nofollow noopener\" target=\"_blank\" class=\"color-ultramarine c-link\">Marca<\/a>, tout d\u00e9pendra de ce que rapporte l\u2019arbitre de la rencontre dans son rapport. Le journal espagnol \u00e9voque une sanction financi\u00e8re pour Luis Enrique, mais probablement pas de matchs de suspension, que \u00e7a soit en Ligue 1 ou en Ligue des champions, que la Fifa ne r\u00e9git pas.<\/p>\n<\/p>\n<p>Luis Enrique pourrait, en revanche, \u00eatre suspendu pour la prochaine \u00e9dition de la Coupe du monde des clubs, dans quatre ans. D\u2019ici l\u00e0, la comp\u00e9tition aura bien le temps de dispara\u00eetre.<\/p>\n","protected":false},"excerpt":{"rendered":"Une saison longue, tr\u00e8s longue et un \u00e9pilogue qui ne se conclut pas de la meilleure des fa\u00e7ons.&hellip;\n","protected":false},"author":2,"featured_media":249528,"comment_status":"","ping_status":"","sticky":false,"template":"","format":"standard","meta":{"footnotes":""},"categories":[2],"tags":[11,11871,31402,63,1011,27,921,12,2332,517],"class_list":{"0":"post-249527","1":"post","2":"type-post","3":"status-publish","4":"format-standard","5":"has-post-thumbnail","7":"category-actualites","8":"tag-actualites","9":"tag-chelsea","10":"tag-coupe-du-monde-des-clubs-2025","11":"tag-football","12":"tag-fr","13":"tag-france","14":"tag-luis-enrique","15":"tag-news","16":"tag-paris-saint-germain-psg","17":"tag-sport"},"share_on_mastodon":{"url":"https:\/\/pubeurope.com\/@fr\/114852066910707349","error":""},"_links":{"self":[{"href":"https:\/\/www.europesays.com\/fr\/wp-json\/wp\/v2\/posts\/249527","targetHints":{"allow":["GET"]}}],"collection":[{"href":"https:\/\/www.europesays.com\/fr\/wp-json\/wp\/v2\/posts"}],"about":[{"href":"https:\/\/www.europesays.com\/fr\/wp-json\/wp\/v2\/types\/post"}],"author":[{"embeddable":true,"href":"https:\/\/www.europesays.com\/fr\/wp-json\/wp\/v2\/users\/2"}],"replies":[{"embeddable":true,"href":"https:\/\/www.europesays.com\/fr\/wp-json\/wp\/v2\/comments?post=249527"}],"version-history":[{"count":0,"href":"https:\/\/www.europesays.com\/fr\/wp-json\/wp\/v2\/posts\/249527\/revisions"}],"wp:featuredmedia":[{"embeddable":true,"href":"https:\/\/www.europesays.com\/fr\/wp-json\/wp\/v2\/media\/249528"}],"wp:attachment":[{"href":"https:\/\/www.europesays.com\/fr\/wp-json\/wp\/v2\/media?parent=249527"}],"wp:term":[{"taxonomy":"category","embeddable":true,"href":"https:\/\/www.europesays.com\/fr\/wp-json\/wp\/v2\/categories?post=249527"},{"taxonomy":"post_tag","embeddable":true,"href":"https:\/\/www.europesays.com\/fr\/wp-json\/wp\/v2\/tags?post=249527"}],"curies":[{"name":"wp","href":"https:\/\/api.w.org\/{rel}","templated":true}]}}