{"id":24953,"date":"2025-04-14T18:56:11","date_gmt":"2025-04-14T18:56:11","guid":{"rendered":"https:\/\/www.europesays.com\/fr\/24953\/"},"modified":"2025-04-14T18:56:11","modified_gmt":"2025-04-14T18:56:11","slug":"le-peintre-toulonnais-laurent-mattio-au-coeur-dune-grande-exposition-au-musee-regards-de-provence-a-marseille","status":"publish","type":"post","link":"https:\/\/www.europesays.com\/fr\/24953\/","title":{"rendered":"Le peintre toulonnais Laurent Mattio au c\u0153ur d\u2019une grande exposition au mus\u00e9e Regards de Provence \u00e0 Marseille"},"content":{"rendered":"<p>Peindre la lumi\u00e8re: Laurent Mattio en a fait l\u2019excellence de son \u0153uvre. L\u2019artiste toulonnais du si\u00e8cle dernier fait l\u2019objet d\u2019une exposition majeure au mus\u00e9e Regards de Provence, \u00e0 Marseille, jusqu\u2019en septembre prochain.<\/p>\n<p>N\u00e9 en 1892 \u00e0 Toulon, Laurent Mattio \u00e9prouve, d\u00e8s l\u2019enfance, un go\u00fbt particulier pour le dessin. Une vocation n\u00e9e lors d\u2019une rencontre fortuite avec un artiste peignant en plein air. Les Beaux Arts de Toulon d\u2019abord, ceux de Paris \u2013 o\u00f9 il entre gr\u00e2ce \u00e0 l\u2019obtention d\u2019une bourse \u2013 o\u00f9 il se forme aupr\u00e8s de grands ma\u00eetres comme Edmond Barbaroux et Fernand Cormon, lui permettent d\u2019explorer sa palette artistique.<\/p>\n<p>Sous l\u2019influence d\u2019Edmond Barbarroux, peintre officiel de la Marine, Laurent Mattio, d\u00e9veloppe une approche rigoureuse du paysage m\u00e9diterran\u00e9en et perfectionne son art du trait. Marines, paysages&#8230; fondent son \u0153uvre, la M\u00e9diterran\u00e9e son th\u00e8me de pr\u00e9dilection.<\/p>\n<p>Amoureux du port de Toulon<\/p>\n<p>Pour cette exposition, il aura fallu plus d\u2019un an de travail et de collaboration entre Adeline et Pierre Dumon, directrice du mus\u00e9e et pr\u00e9sident de l\u2019association Regards de Provence, et la famille du peintre, d\u00e9c\u00e9d\u00e9 en 1965 \u00e0 l\u2019\u00e2ge de 72 ans.<\/p>\n<p>Famille qui assure le commissariat de l\u2019exposition par l\u2019interm\u00e9diaire de Pierre-Fran\u00e7ois Mattio l\u2019un des petits-enfants du peintre, de Lydiane Mattio et Jeanne Guyon, arri\u00e8re-petite-filles, et Alice Mattio, \u00e9pouse de Jean-G\u00e9rard Mattio, seul enfant du peintre.<\/p>\n<p>\u00ab\u00a0On a grandi au milieu de ses peintures, on a toujours connu les murs couverts de ses marines ou de ses repr\u00e9sentations de l\u2019arri\u00e8re-pays\u00a0\u00bb, explique Marine Mattio, arri\u00e8re-petite-fille de l\u2019artiste, en charge de l\u2019\u00e9criture du catalogue qui accompagne l\u2019exposition.<\/p>\n<p>Ce dernier reproduit les 155 \u0153uvres pr\u00e9sent\u00e9es, accompagn\u00e9es de textes et commentaires que la jeune femme a r\u00e9dig\u00e9 d\u2019apr\u00e8s les \u00e9crits d\u2019Alice et Odette Mattio. Odette, \u00e9pouse de Laurent Mattio, d\u00e9c\u00e9d\u00e9e en 2000 \u00e0 l\u2019\u00e2ge de 99 ans.<\/p>\n<p>C\u2019est aussi \u00e0 travers les souvenirs et les r\u00e9cits de cette a\u00efeule que la lign\u00e9e a fait connaissance avec l\u2019artiste peintre. \u00ab\u00a0Et les souvenirs qu\u2019en avaient mon p\u00e8re, mon oncle et ma tante. Mon arri\u00e8re-grand-m\u00e8re \u00e9tait elle aussi artiste peintre, poursuit Marine Mattio. Elle \u00e9crivait \u00e9galement des po\u00e8mes.\u00a0\u00bb Surtout, les m\u00e9moires de son mari, qu\u2019elle voulait laisser \u00e0 ses petits-enfants.<\/p>\n<p>Et c\u2019est gr\u00e2ce \u00e0 ces m\u00e9moires, et \u00e0 l\u2019\u00e9norme travail de conservation d\u2019articles de presse, documents et correspondances qu\u2019elle a r\u00e9alis\u00e9es \u00ab\u00a0qu\u2019on a appris qu\u2019elle \u00e9tait la personnalit\u00e9 de Laurent Mattio, comment il travaillait, qu\u2019elle \u00e9tait aussi sa fa\u00e7on de voir la vie\u00a0\u00bb.<\/p>\n<p>Il \u00e9tait fou amoureux de Provence et de M\u00e9diteran\u00e9e. \u00ab\u00a0Une proportion \u00e9norme de sa peinture est concentr\u00e9e sur la r\u00e9gion toulonnaise, sur Marseille \u00e9galement. Jusqu\u2019\u00e0 Nice. Il a \u00e9galement peint un peu du c\u00f4t\u00e9 de S\u00e8te, Collioure.\u00a0\u00bb L\u2019Espagne et l\u2019Italie encore, ou encore la Loire ou l\u2019Alsace au gr\u00e9 de ses voyages.<\/p>\n<p>                                Ami avec Georges Simenon<\/p>\n<p>C\u2019\u00e9tait aussi quelqu\u2019un d\u2019ind\u00e9pendant et de d\u00e9termin\u00e9, presque obstin\u00e9, dans son travail, son quotidien.<\/p>\n<p>\u00ab\u00a0Tout en restant quelqu\u2019un de chaleureux, d\u2019accessible. On a beaucoup de correspondances qui nous montrent qu\u2019il \u00e9tait ami avec des gens \u00e0 la vie simple, des p\u00eacheurs, ou son encadreur.\u00a0\u00bb Dans le m\u00eame temps, il avait d\u00e9velopp\u00e9 des liens sensibles avec diff\u00e9rentes personnalit\u00e9s, Georges Simenon par exemple.<\/p>\n<p>Sa passion pour le dessin, la peinture, cette affection particuli\u00e8re pour le travail autour de la lumi\u00e8re, Laurent Mattio l\u2019a transmise \u00e0 son fils unique, Jean G\u00e9rard. Et d\u2019une certaine mani\u00e8re, \u00e0 ses petits enfants: \u00ab\u00a0Mon p\u00e8re, mon oncle et ma tante sont tous les trois architectes, ma cousine Jeanne est designer\u00a0\u00bb, sourit Marine Mattio. Avant d\u2019ajouter: \u00ab\u00a0On a vraiment ce lien au dessin, \u00e0 cette exactitude du trait.\u00a0\u00bb<\/p>\n<p>Inventaire de ses \u0153uvres<\/p>\n<p>Le site laurentmattio.fr est d\u00e9di\u00e9 \u00e0 l\u2019\u0153uvre de ce maitre de la peinture proven\u00e7ale. Un site Internet aliment\u00e9 par la famille, sur lequel trouver des \u00e9l\u00e9ments biographiques et surtout, un inventaire de ses \u0153uvres. Inventaire que la famille aimerait enrichir de photographies des \u0153uvres que l\u2019artiste a r\u00e9alis\u00e9 au cours de sa carri\u00e8re.<\/p>\n<p>\u00ab\u00a0On sait qu\u2019il a peint environ 1.200 \u0153uvres, que certaines ont \u00e9t\u00e9 vendues jusqu\u2019en Argentine&#8230;\u00a0\u00bb, pr\u00e9cise Marine Mattio. La famille lance donc un appel pour, simplement, enrichir sa base de donn\u00e9es. \u00ab\u00a0Ce n\u2019est pas destin\u00e9 \u00e0 \u00eatre diffus\u00e9, juste pour nous aider \u00e0 conna\u00eetre davantage son \u0153uvre et comment elle a rayonn\u00e9 un peu partout.\u00a0\u00bb<\/p>\n<p>On peut les contacter via le site ou sur laurentmattio@yahoo.fr.<\/p>\n<p>&gt;&gt; Jusqu\u2019au 28 septembre, Mus\u00e9e Regards de Provence, Marseille. 8,50 euros. Renseignements: 04.96.17.40.40.<\/p>\n<p>              <img ci-src=\"https:\/\/www.varmatin.com\/expos\/protec\/DATA_ART_15333466-lMxlmtDF.jpg?vh=6ee115&amp;ci_seal=7fc562b2b1\" alt=\"\"\/><br \/>\n        Sa passion pour le dessin, la peinture, cette affection particuli\u00e8re pour le travail autour de la lumi\u00e8re, Laurent Mattio l\u2019a transmise \u00e0 son fils unique, Jean G\u00e9rard.  <strong>Karine Michel.<\/strong> <\/p>\n","protected":false},"excerpt":{"rendered":"Peindre la lumi\u00e8re: Laurent Mattio en a fait l\u2019excellence de son \u0153uvre. L\u2019artiste toulonnais du si\u00e8cle dernier fait&hellip;\n","protected":false},"author":2,"featured_media":24954,"comment_status":"","ping_status":"","sticky":false,"template":"","format":"standard","meta":{"footnotes":""},"categories":[1358],"tags":[1348,1384,1385,8981,251,1386,58,59,8202,1011,27],"class_list":{"0":"post-24953","1":"post","2":"type-post","3":"status-publish","4":"format-standard","5":"has-post-thumbnail","7":"category-arts-et-design","8":"tag-arts","9":"tag-arts-and-design","10":"tag-arts-et-design","11":"tag-arts-plastiques","12":"tag-culture","13":"tag-design","14":"tag-divertissement","15":"tag-entertainment","16":"tag-expos","17":"tag-fr","18":"tag-france"},"share_on_mastodon":{"url":"https:\/\/pubeurope.com\/@fr\/114337846637299650","error":""},"_links":{"self":[{"href":"https:\/\/www.europesays.com\/fr\/wp-json\/wp\/v2\/posts\/24953","targetHints":{"allow":["GET"]}}],"collection":[{"href":"https:\/\/www.europesays.com\/fr\/wp-json\/wp\/v2\/posts"}],"about":[{"href":"https:\/\/www.europesays.com\/fr\/wp-json\/wp\/v2\/types\/post"}],"author":[{"embeddable":true,"href":"https:\/\/www.europesays.com\/fr\/wp-json\/wp\/v2\/users\/2"}],"replies":[{"embeddable":true,"href":"https:\/\/www.europesays.com\/fr\/wp-json\/wp\/v2\/comments?post=24953"}],"version-history":[{"count":0,"href":"https:\/\/www.europesays.com\/fr\/wp-json\/wp\/v2\/posts\/24953\/revisions"}],"wp:featuredmedia":[{"embeddable":true,"href":"https:\/\/www.europesays.com\/fr\/wp-json\/wp\/v2\/media\/24954"}],"wp:attachment":[{"href":"https:\/\/www.europesays.com\/fr\/wp-json\/wp\/v2\/media?parent=24953"}],"wp:term":[{"taxonomy":"category","embeddable":true,"href":"https:\/\/www.europesays.com\/fr\/wp-json\/wp\/v2\/categories?post=24953"},{"taxonomy":"post_tag","embeddable":true,"href":"https:\/\/www.europesays.com\/fr\/wp-json\/wp\/v2\/tags?post=24953"}],"curies":[{"name":"wp","href":"https:\/\/api.w.org\/{rel}","templated":true}]}}