{"id":249531,"date":"2025-07-14T14:33:13","date_gmt":"2025-07-14T14:33:13","guid":{"rendered":"https:\/\/www.europesays.com\/fr\/249531\/"},"modified":"2025-07-14T14:33:13","modified_gmt":"2025-07-14T14:33:13","slug":"le-chateau-de-fleville-une-marque-de-la-renaissance-italienne-en-lorraine","status":"publish","type":"post","link":"https:\/\/www.europesays.com\/fr\/249531\/","title":{"rendered":"le ch\u00e2teau de Fl\u00e9ville, une marque de la Renaissance italienne en Lorraine"},"content":{"rendered":"<p>C\u2019est un ch\u00e2teau de la Loire qui s\u2019est invit\u00e9 en Lorraine\u00a0\u00bb ironise Alexis de Bryas, p\u00e8re de Jehan, Ren\u00e9, et Guislain, propri\u00e9taires des lieux. On ne peut dire plus juste puisque ce chef-d\u2019\u0153uvre de l\u2019Ancien r\u00e9gime porte en lui chaque \u00e9volution architecturale de son temps. \u00cates-vous pr\u00eat pour une visite chevaleresque\u00a0?<\/p>\n<p>  Un ch\u00e2teau (presque) lorrain<\/p>\n<p>N\u2019ayez crainte, vous ne traverserez pas les trois cents hectares que compte le domaine. En revanche, les ch\u00e2telains ont pr\u00e9par\u00e9 un parcours digne d\u2019une \u00e9pop\u00e9e m\u00e9di\u00e9vale.<\/p>\n<p>B\u00e2ti au XIVe\u00a0si\u00e8cle pour prot\u00e9ger le sud de Nancy, le <a href=\"https:\/\/www.estrepublicain.fr\/culture-loisirs\/2025\/03\/31\/les-comperes-du-donjon-renovent-le-chateau\" target=\"_blank\" rel=\"noopener\"> dernier donjon<\/a> de la r\u00e9gion s\u2019\u00e9rige aujourd\u2019hui comme l\u2019unique t\u00e9moin de l\u2019\u00e9poque moyen\u00e2geuse du ch\u00e2teau. Deux si\u00e8cles plus tard, en 1533, l\u2019influence italienne s\u2019implante en Lorraine. Apr\u00e8s avoir guerroy\u00e9 en Toscane, Nicolas de Lutzelbourg fait construire une b\u00e2tisse faisant \u00e9cho aux villas des M\u00e9dicis. Arcs, loggia et balcon filant sont encore perceptibles aujourd\u2019hui.<\/p>\n<p>Ces inspirations \u00e9taient tr\u00e8s courantes au XVIe\u00a0si\u00e8cle, \u00e0 l\u2019image des ch\u00e2teaux de la Loire qui concentrent les plus belles expressions de l\u2019art renaissant.<\/p>\n<p>Ce contenu est bloqu\u00e9 car vous n&rsquo;avez pas accept\u00e9 les cookies et autres traceurs.<\/p>\n<p>En cliquant sur \u00ab J\u2019accepte \u00bb, les cookies et autres traceurs seront d\u00e9pos\u00e9s et vous pourrez visualiser les contenus  (<a href=\"\" class=\"consentModule_policy\" target=\"_blank\" title=\"Consulter la politique de protection des donn\u00e9es du fournisseur\">plus d&rsquo;informations<\/a>).<\/p>\n<p>En cliquant sur \u00ab J\u2019accepte tous les cookies \u00bb, vous autorisez des d\u00e9p\u00f4ts de cookies et autres traceurs pour le stockage de vos donn\u00e9es sur nos sites et applications \u00e0 des fins de personnalisation et de ciblage publicitaire.<\/p>\n<p class=\"consentModule_secondaryText\">Vous gardez la possibilit\u00e9 de retirer votre consentement \u00e0 tout moment en consultant notre <a href=\"https:\/\/www.estrepublicain.fr\/protection-des-donnees\" target=\"_blank\" title=\"Consulter notre politique de protection des donn\u00e9es\" rel=\"noopener\">politique de protection des donn\u00e9es<\/a>. <br \/>&#13;<br \/>\n            <a href=\"https:\/\/www.estrepublicain.fr\/magazine-tourisme-et-patrimoine\/2025\/07\/14\/javascript:Didomi.notice.show()\" class=\"consentModule_cmp\" target=\"_blank\" rel=\"noopener\">G\u00e9rer mes choix<\/a>&#13;\n        <\/p>\n<p>&#13;<br \/>\n                        J&rsquo;accepte&#13;<br \/>\n            J&rsquo;accepte tous les cookies&#13;\n        <\/p>\n<p>  Surprises au rendez-vous<\/p>\n<p>Une fois la Cour d\u2019honneur franchi, une petite chapelle vous attend d\u00e8s l\u2019entr\u00e9e. Cet agencement est unique en son genre, contribuant \u00e0 la singularit\u00e9 de l\u2019\u00e9difice miraculeusement sauv\u00e9 de l\u2019arasement par Louis XIII.<\/p>\n<p>La visite guid\u00e9e comprend 17 pi\u00e8ces au total. En contemplant la magnificence de la salle des Ducs, les enfants pourront se v\u00eatir de v\u00e9ritables armures de chevaliers pour s\u2019impr\u00e9gner pleinement des lieux. Il ne faudra cependant pas r\u00e9veiller Stanislas qui poss\u00e8de sa propre chambre dans le ch\u00e2teau. Le parc de style romantique fera parfaitement l\u2019affaire pour les duels d\u2019\u00e9p\u00e9es.<\/p>\n<p>Il se peut \u00e9galement que vous croisiez <a href=\"https:\/\/www.estrepublicain.fr\/p\/genevieve-de-fontenay\" target=\"_blank\" rel=\"noopener\">Genevi\u00e8ve de Fontenay<\/a> dans une salle de r\u00e9ception. Cette statue de cire annonce une <a href=\"https:\/\/www.estrepublicain.fr\/culture-loisirs\/2024\/07\/28\/fleville-des-celebrites-au-chateau\" target=\"_blank\" rel=\"noopener\">prochaine collaboration<\/a> avec le mus\u00e9e Gr\u00e9vin. Une cons\u00e9cration pour les propri\u00e9taires qui esp\u00e8rent accueillir des sculptures de souverains fran\u00e7ais dans les mois \u00e0 venir. E<\/p>\n<p>n guise de pr\u00e9lude, un spectacle son et lumi\u00e8re, accompagn\u00e9 de cascades \u00e9questres est organis\u00e9 <a href=\"https:\/\/www.estrepublicain.fr\/culture-loisirs\/2025\/07\/04\/terra-loreina-fait-revivre-l-histoire-de-la-lorraine-de-1870-a-1945-sur-les-facades-du-chateau-de-fleville\" target=\"_blank\" rel=\"noopener\"> jusqu\u2019au 23\u00a0juillet (trois dates ont \u00e9t\u00e9 ajout\u00e9es)<\/a>. Une occasion \u00e0 ne pas manquer.<\/p>\n","protected":false},"excerpt":{"rendered":"C\u2019est un ch\u00e2teau de la Loire qui s\u2019est invit\u00e9 en Lorraine\u00a0\u00bb ironise Alexis de Bryas, p\u00e8re de Jehan,&hellip;\n","protected":false},"author":2,"featured_media":249532,"comment_status":"","ping_status":"","sticky":false,"template":"","format":"standard","meta":{"footnotes":""},"categories":[9635],"tags":[1111,11,7782,1704,1777,674,9650,1011,27,775,31022,20065,9649,3457,1702,12,25],"class_list":{"0":"post-249531","1":"post","2":"type-post","3":"status-publish","4":"format-standard","5":"has-post-thumbnail","7":"category-nancy","8":"tag-actu","9":"tag-actualites","10":"tag-balades-et-randonnees","11":"tag-edition-nancy-et-agglomeration","12":"tag-eu","13":"tag-europe","14":"tag-fleville-devant-nancy","15":"tag-fr","16":"tag-france","17":"tag-grand-est","18":"tag-le-guide-de-lete-lorraine","19":"tag-magazine-tourisme-et-patrimoine","20":"tag-metropole-du-grand-nancy-54b2","21":"tag-meurthe-et-moselle","22":"tag-nancy","23":"tag-news","24":"tag-republique-francaise"},"share_on_mastodon":{"url":"https:\/\/pubeurope.com\/@fr\/114852082752182445","error":""},"_links":{"self":[{"href":"https:\/\/www.europesays.com\/fr\/wp-json\/wp\/v2\/posts\/249531","targetHints":{"allow":["GET"]}}],"collection":[{"href":"https:\/\/www.europesays.com\/fr\/wp-json\/wp\/v2\/posts"}],"about":[{"href":"https:\/\/www.europesays.com\/fr\/wp-json\/wp\/v2\/types\/post"}],"author":[{"embeddable":true,"href":"https:\/\/www.europesays.com\/fr\/wp-json\/wp\/v2\/users\/2"}],"replies":[{"embeddable":true,"href":"https:\/\/www.europesays.com\/fr\/wp-json\/wp\/v2\/comments?post=249531"}],"version-history":[{"count":0,"href":"https:\/\/www.europesays.com\/fr\/wp-json\/wp\/v2\/posts\/249531\/revisions"}],"wp:featuredmedia":[{"embeddable":true,"href":"https:\/\/www.europesays.com\/fr\/wp-json\/wp\/v2\/media\/249532"}],"wp:attachment":[{"href":"https:\/\/www.europesays.com\/fr\/wp-json\/wp\/v2\/media?parent=249531"}],"wp:term":[{"taxonomy":"category","embeddable":true,"href":"https:\/\/www.europesays.com\/fr\/wp-json\/wp\/v2\/categories?post=249531"},{"taxonomy":"post_tag","embeddable":true,"href":"https:\/\/www.europesays.com\/fr\/wp-json\/wp\/v2\/tags?post=249531"}],"curies":[{"name":"wp","href":"https:\/\/api.w.org\/{rel}","templated":true}]}}