{"id":249535,"date":"2025-07-14T14:35:10","date_gmt":"2025-07-14T14:35:10","guid":{"rendered":"https:\/\/www.europesays.com\/fr\/249535\/"},"modified":"2025-07-14T14:35:10","modified_gmt":"2025-07-14T14:35:10","slug":"deux-journees-de-mistral-et-des-temperatures-elevees-mais-assez-stables-cette-semaine","status":"publish","type":"post","link":"https:\/\/www.europesays.com\/fr\/249535\/","title":{"rendered":"deux journ\u00e9es de mistral et des temp\u00e9ratures \u00e9lev\u00e9es mais assez stables cette semaine"},"content":{"rendered":"<p>Cette semaine, le mercure restera haut dans les villes proven\u00e7ales. Et le mistral sera de la partie, deux jours durant, avec des pointes assez \u00e9lev\u00e9es. Voici les pr\u00e9visions m\u00e9t\u00e9orologiques, donn\u00e9es par M\u00e9t\u00e9o-France (antenne d&rsquo;Aix) des prochains jours.<\/p>\n<p><strong>Mardi 15 juillet :<\/strong> toujours du beau temps. Un vent mod\u00e9r\u00e9 : du mistral dans les terres et un souffle venant de l&rsquo;ouest sur le littoral. Avec des vitesses mod\u00e9r\u00e9es : de 40 \u00e0 50 km\/h.<\/p>\n<p>C\u00f4t\u00e9 temp\u00e9ratures, les nuits seront plut\u00f4t douces avec 16\u00b0C \u00e0 Digne, 20\u00b0C \u00e0 Orange, Avignon et Aix et autour de 21\u00b0C en bord de mer. La journ\u00e9e, on atteindra les 34\u00b0C \u00e0 Digne, Orange ou encore Avignon, les 35\u00b0C \u00e0 Aix, les 33\u00b0C \u00e0 Marseille et jusqu&rsquo;\u00e0 36\u00b0C \u00e0 <strong>Cadenet et Manosque o\u00f9 il fera le plus chaud<\/strong>.<\/p>\n<p><strong>Un mistral qui s&rsquo;\u00e9tendra aux Alpes-de-Haute-Provence<\/strong><\/p>\n<p><strong>Mercredi 16 juillet :<\/strong> dans la nuit de mardi \u00e0 mercredi, le mistral va se lever. Il s&rsquo;agit l\u00e0 d&rsquo;un mistral assez fort (moins tout de m\u00eame que <a href=\"https:\/\/www.laprovence.com\/article\/ecoplanete\/12471404616102\/incendie-a-marseille-le-cocktail-meteo-explosif-etait-reuni-comment-est-on-arrive-a-un-feu-de-cette-ampleur\" target=\"_blank\" rel=\"nofollow noopener\">celui qui a souffl\u00e9 mardi dernier<\/a>). Les rafales atteindront entre 60 et 80 km\/h dans l&rsquo;int\u00e9rieur du Vaucluse, Salon, le pourtour de l&rsquo;\u00e9tang de Berre, les Calanques et Marseille.<\/p>\n<p>Fait assez rare, il soufflera aussi dans les plaines des Alpes-de-Haute-Provence, comme sur le plateau de Forcalquier et \u00e0 Manosque.<\/p>\n<p>Le thermom\u00e8tre n&rsquo;indiquera pas de chiffres en dessous de 15\u00b0C \u00e0 Digne, 21\u00b0C \u00e0 Orange, Avignon et Aix et 23\u00b0C \u00e0 Marseille. Et ce dans la nuit. En ce qui concerne les plus hautes temp\u00e9ratures : 31\u00b0C \u00e0 Orange et Marseille ; 32\u00b0C \u00e0 Avignon, Digne ou encore la cit\u00e9 phoc\u00e9enne. Le ciel sera clair.<\/p>\n<p>Plus de 30\u00b0C dans toutes les villes de la r\u00e9gion<\/p>\n<p><strong>Jeudi 17 juillet : <\/strong>toujours un ciel bien d\u00e9gag\u00e9 et un mistral en baisse, mais encore assez haut tout de m\u00eame de 50 \u00e0 70 km\/h dans la vall\u00e9e du Rh\u00f4ne, la C\u00f4te Bleue, l&rsquo;\u00e9tang de Berre et Marseille. De 40 \u00e0 50 km\/h dans les Alpes-de-Haute-Provence.<\/p>\n<p>Le mercure sera \u00e9quivalent \u00e0 celui de la veille pour les minimales. Pour les maximales : 31\u00b0C \u00e0 Marseille et dans la vall\u00e9e du Rh\u00f4ne ; 33\u00b0C \u00e0 Aix et Digne et 36\u00b0C \u00e0 Manosque.<\/p>\n<p><strong>Vendredi 18 juillet :<\/strong>\u00a0 le vent prendra fin, l&rsquo;azur gardera son bleu \u00e9t\u00e9. Le mercure le plus bas affichera 13\u00b0C \u00e0 Digne, 15\u00b0C \u00e0 Manosque ; 16\u00b0C \u00e0 Aix ; 18\u00b0C \u00e0 Avignon et 19\u00b0C \u00e0 Marseille. En journ\u00e9e : 30\u00b0C \u00e0 Marseille et de 32 \u00e0 33\u00b0C dans les terres. Loin d&rsquo;une nouvelle canicule !<\/p>\n","protected":false},"excerpt":{"rendered":"Cette semaine, le mercure restera haut dans les villes proven\u00e7ales. Et le mistral sera de la partie, deux&hellip;\n","protected":false},"author":2,"featured_media":249536,"comment_status":"","ping_status":"","sticky":false,"template":"","format":"standard","meta":{"footnotes":""},"categories":[9619],"tags":[17,1111,11,1102,154,4070,1777,674,1011,27,23216,2487,552,12,1186,882,16,25,13209,2310],"class_list":{"0":"post-249535","1":"post","2":"type-post","3":"status-publish","4":"format-standard","5":"has-post-thumbnail","7":"category-toulon","8":"tag-17","9":"tag-actu","10":"tag-actualites","11":"tag-breakingnews","12":"tag-des","13":"tag-deux","14":"tag-eu","15":"tag-europe","16":"tag-fr","17":"tag-france","18":"tag-journees","19":"tag-meteo","20":"tag-mistral","21":"tag-news","22":"tag-provence","23":"tag-provence-alpes-cote-dazur","24":"tag-region","25":"tag-republique-francaise","26":"tag-temperatures","27":"tag-toulon"},"share_on_mastodon":{"url":"https:\/\/pubeurope.com\/@fr\/114852090761868116","error":""},"_links":{"self":[{"href":"https:\/\/www.europesays.com\/fr\/wp-json\/wp\/v2\/posts\/249535","targetHints":{"allow":["GET"]}}],"collection":[{"href":"https:\/\/www.europesays.com\/fr\/wp-json\/wp\/v2\/posts"}],"about":[{"href":"https:\/\/www.europesays.com\/fr\/wp-json\/wp\/v2\/types\/post"}],"author":[{"embeddable":true,"href":"https:\/\/www.europesays.com\/fr\/wp-json\/wp\/v2\/users\/2"}],"replies":[{"embeddable":true,"href":"https:\/\/www.europesays.com\/fr\/wp-json\/wp\/v2\/comments?post=249535"}],"version-history":[{"count":0,"href":"https:\/\/www.europesays.com\/fr\/wp-json\/wp\/v2\/posts\/249535\/revisions"}],"wp:featuredmedia":[{"embeddable":true,"href":"https:\/\/www.europesays.com\/fr\/wp-json\/wp\/v2\/media\/249536"}],"wp:attachment":[{"href":"https:\/\/www.europesays.com\/fr\/wp-json\/wp\/v2\/media?parent=249535"}],"wp:term":[{"taxonomy":"category","embeddable":true,"href":"https:\/\/www.europesays.com\/fr\/wp-json\/wp\/v2\/categories?post=249535"},{"taxonomy":"post_tag","embeddable":true,"href":"https:\/\/www.europesays.com\/fr\/wp-json\/wp\/v2\/tags?post=249535"}],"curies":[{"name":"wp","href":"https:\/\/api.w.org\/{rel}","templated":true}]}}