{"id":249541,"date":"2025-07-14T14:38:09","date_gmt":"2025-07-14T14:38:09","guid":{"rendered":"https:\/\/www.europesays.com\/fr\/249541\/"},"modified":"2025-07-14T14:38:09","modified_gmt":"2025-07-14T14:38:09","slug":"livia-jampy-cheffe-de-file-lfi-a-montpellier-la-volonte-de-representer-la-jeunesse","status":"publish","type":"post","link":"https:\/\/www.europesays.com\/fr\/249541\/","title":{"rendered":"Livia Jampy, cheffe de file LFI \u00e0 Montpellier, \u00ab\u00a0la volont\u00e9 de repr\u00e9senter la jeunesse\u00a0\u00bb"},"content":{"rendered":"<p>\nEntretien avec Livia Jampy, cheffe de file pour la France Insoumise \u00e0 Montpellier, charg\u00e9e d&rsquo;animer et de pr\u00e9parer la campagne pour les \u00e9lections municipales 2026.<\/p>\n<p>\n\u00a9 InfOccitanie \u2013 A.F \/ Livia Jampy est cheffe de file pour la France Insoumise \u00e0 Montpellier..<\/p>\n<p>La semaine derni\u00e8re, une conf\u00e9rence s\u2019est tenue pour annoncer les quatre chefs \/ cheffes de file pour La France Insoumise \u00e0 Montpellier. Comment s\u2019est d\u00e9roul\u00e9 ce processus, d\u2019abord au sein des deux assembl\u00e9es g\u00e9n\u00e9rales, puis pour la d\u00e9signation des noms ?<\/p>\n<p>Alors, nous, \u00e0 la France Insoumise, on suit un processus d\u00e9fini au niveau national. Un calendrier a \u00e9t\u00e9 mis en place pour d\u00e9signer les chefs de file charg\u00e9s d\u2019animer les campagnes dans les diff\u00e9rentes communes de France. Nous avons organis\u00e9 une premi\u00e8re assembl\u00e9e municipale, qui avait pour objectif de d\u00e9finir un texte d\u2019orientation strat\u00e9gique locale. L\u2019id\u00e9e \u00e9tait de fixer les grandes lignes de notre action \u00e0 Montpellier, nos aspirations, nos priorit\u00e9s pour ces \u00e9lections municipales, et ce, avec les militants et militantes locaux. \u00c0 Montpellier, notre organisation est territorialis\u00e9e par quartier. Ce sont donc les militantes et militants actifs dans ces quartiers qui ont particip\u00e9 \u00e0 cette premi\u00e8re assembl\u00e9e. La deuxi\u00e8me assembl\u00e9e, elle, avait pour but de d\u00e9signer les co-chefs de file, c\u2019est-\u00e0-dire les personnes charg\u00e9es d\u2019animer la campagne jusqu\u2019aux \u00e9lections municipales. Ce n\u2019est pas un cas unique, en fait. D\u2019autres villes ont \u00e9galement fait le choix d\u2019avoir quatre chefs de file. C\u2019est une d\u00e9marche qui vise \u00e0 garantir une repr\u00e9sentation plus large et \u00e0 rassembler un maximum de forces militantes autour d\u2019un projet commun. Dans notre cas, chaque co-chef de file a une importance particuli\u00e8re. Par exemple, moi, j\u2019incarne la volont\u00e9 de repr\u00e9senter la jeunesse dans cette campagne. On constate qu\u2019il y a tr\u00e8s peu de jeunes candidats et candidates aux \u00e9lections municipales, surtout dans les grandes villes comme Montpellier. C\u2019est important d\u2019avoir cette repr\u00e9sentation-l\u00e0.<\/p>\n<p>Le fait d\u2019\u00eatre quatre, \u00e9tait-ce pr\u00e9vu d\u00e8s le d\u00e9part ou c\u2019est le fruit d\u2019un compromis, peut-\u00eatre parce qu\u2019il \u00e9tait difficile de choisir une ou deux personnes ?<\/p>\n<p>C\u2019est un processus qui a pris du temps, car il y a eu beaucoup de discussions. On fonctionne par consensus, ce qui signifie qu\u2019on prend le temps d\u2019\u00e9changer, de d\u00e9battre, pour aboutir \u00e0 une solution partag\u00e9e. Avoir quatre co-chefs de file nous a sembl\u00e9 \u00eatre la meilleure solution pour rassembler tout le monde et envoyer un message fort d\u2019unit\u00e9 \u00e0 Montpellier.<\/p>\n<p>Et maintenant que les quatre chefs \/ cheffes de file sont d\u00e9sign\u00e9s, comment allez-vous organiser la campagne ? Est-ce que chacun aura un r\u00f4le pr\u00e9cis ?<\/p>\n<p>On est encore au d\u00e9but du quatuor. Le calendrier de la France Insoumise pr\u00e9voit la d\u00e9signation de la t\u00eate de liste en septembre. D\u2019ici l\u00e0, pendant l\u2019\u00e9t\u00e9, notre travail va surtout consister \u00e0 \u00e9laborer le programme : d\u00e9finir les axes prioritaires, identifier les th\u00e9matiques importantes pour Montpellier. On travaille collectivement sur ces questions-l\u00e0, puis en septembre, viendra le temps de la d\u00e9signation de la t\u00eate de liste, conform\u00e9ment au calendrier national.<\/p>\n<p>Concernant la communication, le fait d\u2019avoir quatre visages peut-il troubler les \u00e9lecteurs ? Est-ce qu\u2019il n\u2019y a pas un risque de confusion pour certains ?<\/p>\n<p>Nous, \u00e0 la France Insoumise, on a toujours mis le programme au c\u0153ur de tout. Ce qu\u2019on veut pr\u00e9senter \u00e0 la rentr\u00e9e, c\u2019est un projet clair, auquel les \u00e9lecteurs pourront s\u2019identifier. Ce qui compte, c\u2019est ce que l\u2019on propose concr\u00e8tement, pas seulement l\u2019image ou le nom d\u2019une t\u00eate de liste. Notre objectif, c\u2019est de construire une v\u00e9ritable alternative \u00e0 la politique men\u00e9e aujourd\u2019hui par Micha\u00ebl Delafosse.<\/p>\n<p>Justement, en parlant des \u00e9lections municipales, envisagez-vous des alliances ?<\/p>\n<p>Notre liste est ouverte aux syndicats, aux associations, et \u00e0 toutes les personnes qui se reconna\u00eetront dans le programme que nous allons proposer. C\u2019est toujours comme \u00e7a que nous avons fonctionn\u00e9 : ce qui prime, c\u2019est le programme. Par exemple, avec les \u00e9cologistes, nous partageons des combats communs sur certains grands projets comme le LIEN ou le COM, que nous consid\u00e9rons comme des grands projets routiers inutiles.<\/p>\n<p>Quel est votre regard sur la politique men\u00e9e par Micha\u00ebl Delafosse ?<\/p>\n<p>La politique de Micha\u00ebl Delafosse est dans la continuit\u00e9 de celle d\u2019Emmanuel Macron. Sur Montpellier, la crise du logement est s\u00e9v\u00e8re. Chaque ann\u00e9e, des \u00e9tudiants se retrouvent \u00e0 la rue, et la politique locale n\u2019est pas \u00e0 la hauteur. Quand les syndicats \u00e9tudiants se sont mobilis\u00e9s contre l\u2019augmentation des loyers dans les r\u00e9sidences universitaires, Micha\u00ebl Delafosse s\u2019est positionn\u00e9 en faveur de cette hausse. C\u2019est un d\u00e9saccord majeur. Et ce n\u2019est pas seulement une question de jeunesse : les quartiers populaires aussi sont d\u00e9laiss\u00e9s. La semaine derni\u00e8re, une coupure d\u2019\u00e9lectricit\u00e9 a touch\u00e9 le quartier Saint-Martin d\u00e8s 14h, sans qu\u2019aucune annonce ni mesure ne soit prise. Si cela s\u2019\u00e9tait produit dans un quartier du centre-ville, la r\u00e9action aurait \u00e9t\u00e9 imm\u00e9diate. <\/p>\n<p>Ce que vous lui reprochez, c\u2019est une politique trop centr\u00e9e sur le centre-ville au d\u00e9triment des autres quartiers ?<\/p>\n<p>Exactement. C\u2019est un maire de la Com\u00e9die. Oui, on voit des r\u00e9novations, des fontaines \u00e0 l\u2019Esplanade, ce sont des \u00eelots de fra\u00eecheur. C\u2019est bien. Mais pendant l\u2019\u00e9pisode de canicule qu\u2019on vient de traverser, dans les quartiers o\u00f9 les logements sont des bouilloires thermiques, rien n\u2019a \u00e9t\u00e9 mis en place. Ouvrir gratuitement les piscines, par exemple, aurait \u00e9t\u00e9 un geste simple et utile pour les habitants. Il n\u2019y a eu aucune mesure. M\u00eame dans les \u00e9coles, la chaleur est insupportable. On a \u00e9t\u00e9, avec une association de parents d\u2019\u00e9l\u00e8ves, devant la mairie pendant la canicule pour d\u00e9noncer des temp\u00e9ratures d\u00e9passant les 30\u00b0C dans certaines classes. <\/p>\n<p>Un autre sujet qui a fait pol\u00e9mique r\u00e9cemment : la d\u00e9claration de Mathilde Panot sur le d\u00e9sarmement de la police municipale et la vid\u00e9osurveillance. Quelle est votre position \u00e0 ce sujet ?<\/p>\n<p>Ce que nous souhaitons, c\u2019est que la s\u00e9curit\u00e9 reste une comp\u00e9tence de la police nationale, et non de la police municipale. Nous sommes favorables au d\u00e9sarmement de la police municipale, et au retour d\u2019une v\u00e9ritable police de proximit\u00e9, avec un dialogue avec les habitants. Les communes d\u00e9veloppent ainsi des polices municipales arm\u00e9es et multiplient la vid\u00e9osurveillance : des dispositifs r\u00e9pressifs et liberticides qui ont d\u00e9montr\u00e9 leur inefficacit\u00e9. Prenons l\u2019exemple du maire insoumis de Faches-Thumesnil, qui a d\u00e9sarm\u00e9 sa police municipale sans que cela n\u2019entra\u00eene une hausse de la d\u00e9linquance. Au contraire, on voit souvent que plus une police est surarm\u00e9e, plus les tensions augmentent. Nous voulons porter un programme qui privil\u00e9gie la pr\u00e9sence humaine, avec la police municipale, de la m\u00e9diation et de l\u2019\u00e9ducation sp\u00e9cialis\u00e9e plut\u00f4t que la vid\u00e9osurveillance co\u00fbteuse, liberticide et d\u00e9magogique. Ce n\u2019est pas parce qu\u2019il y a des cam\u00e9ras qu\u2019il y aura moins de criminalit\u00e9. Ce qu\u2019il faut, c\u2019est recr\u00e9er de la pr\u00e9sence humaine sur le terrain, du lien avec la population, et redonner confiance dans les institutions, plut\u00f4t que de multiplier des dispositifs s\u00e9curitaires inefficaces et co\u00fbteux comme la vid\u00e9osurveillance.<\/p>\n<p>Et sur la situation des \u00e9tudiants \u00e0 Montpellier, quelle critique adressez-vous \u00e0 la gestion actuelle ? Et que proposez-vous ?<\/p>\n<p>La crise du logement \u00e9tudiant est tr\u00e8s forte. Il y a un d\u00e9s\u00e9quilibre \u00e9norme entre le nombre d\u2019\u00e9tudiants et l\u2019offre de logements publics. On laisse les promoteurs priv\u00e9s s\u2019accaparer le march\u00e9 sous couvert de \u00ab logements \u00e9tudiants \u00bb, ce qui n\u2019aide en rien \u00e0 sortir les jeunes de la pr\u00e9carit\u00e9. Nous, ce que nous proposons, c\u2019est de prioriser les logements CROUS, de redonner du foncier aux CROUS pour construire, et de refuser toute augmentation des loyers en r\u00e9sidence universitaire. Un autre probl\u00e8me que nous avons constat\u00e9 c\u2019est la tarification des parkings autour des universit\u00e9s. Beaucoup d\u2019\u00e9tudiants vivent loin faute de logement, et sont oblig\u00e9s de venir en voiture car les transports en commun ne couvrent pas bien l\u2019ensemble de la ville. On leur impose donc des frais suppl\u00e9mentaires. C\u2019est une mesure pr\u00e9carisante. Enfin, il faut aussi soutenir les associations \u00e9tudiantes, notamment via la distribution alimentaire. Il faut leur donner les moyens de continuer.<\/p>\n<p>Parlons de la gratuit\u00e9 des transports \u00e0 Montpellier, qu\u2019en pensez-vous ?<\/p>\n<p>La gratuit\u00e9 est une bonne chose, bien s\u00fbr. En tant qu\u2019\u00e9tudiante, \u00e7a fait une d\u00e9pense de moins. Mais le probl\u00e8me, c\u2019est la qualit\u00e9 du service. Dans certains quartiers comme Saint-Martin, les trams ne passent que toutes les dix minutes. Quand on rate un tram de quelques secondes, il faut attendre longtemps, ce qui est probl\u00e9matique, surtout en p\u00e9riode de forte chaleur. Il y a r\u00e9guli\u00e8rement des perturbations, avec des temps d\u2019attente de 15 \u00e0 20 minutes, m\u00eame en pleine journ\u00e9e. Donc oui, la gratuit\u00e9 est positive, mais elle ne doit pas masquer les d\u00e9faillances du r\u00e9seau. Ce sont les habitants des quartiers populaires qui sont les plus touch\u00e9s.<\/p>\n<p>Nous demandons un moratoire sur les ZFE. On ne peut pas interdire aux gens de prendre leur voiture si l\u2019offre de transports en commun n\u2019est pas suffisante. Il faut d\u2019abord un maillage efficace du territoire. Il y a aussi un manque de concertation. Je pense au collectif des Quatre Boulevards, qui subit les cons\u00e9quences de travaux mal planifi\u00e9s et non discut\u00e9s avec les riverains. Les voitures et les embouteillages ont \u00e9t\u00e9 d\u00e9plac\u00e9s sous leurs fen\u00eatres, sans qu\u2019ils aient \u00e9t\u00e9 consult\u00e9s.<\/p>\n<p>Le prochaine \u00e9tape pour vous elle est en septembre avec la d\u00e9signation de la t\u00eate de liste ?<\/p>\n<p>Oui, c\u2019est la prochaine grande \u00e9ch\u00e9ance. En attendant, tout l\u2019\u00e9t\u00e9 sera consacr\u00e9 \u00e0 la construction du programme, en lien avec les militants, les habitants, et les outils que la France Insoumise met \u00e0 disposition. Nous allons r\u00e9fl\u00e9chir aux priorit\u00e9s, aux urgences locales, \u00e0 ce qu\u2019on peut concr\u00e8tement mettre en \u0153uvre \u00e0 l\u2019\u00e9chelle de Montpellier.<\/p>\n","protected":false},"excerpt":{"rendered":"Entretien avec Livia Jampy, cheffe de file pour la France Insoumise \u00e0 Montpellier, charg\u00e9e d&rsquo;animer et de pr\u00e9parer&hellip;\n","protected":false},"author":2,"featured_media":249542,"comment_status":"","ping_status":"","sticky":false,"template":"","format":"standard","meta":{"footnotes":""},"categories":[9599],"tags":[1111,11,1777,674,1011,27,780,2208,12,2680,25],"class_list":{"0":"post-249541","1":"post","2":"type-post","3":"status-publish","4":"format-standard","5":"has-post-thumbnail","7":"category-montpellier","8":"tag-actu","9":"tag-actualites","10":"tag-eu","11":"tag-europe","12":"tag-fr","13":"tag-france","14":"tag-lfi","15":"tag-montpellier","16":"tag-news","17":"tag-occitanie","18":"tag-republique-francaise"},"share_on_mastodon":{"url":"https:\/\/pubeurope.com\/@fr\/114852102303233295","error":""},"_links":{"self":[{"href":"https:\/\/www.europesays.com\/fr\/wp-json\/wp\/v2\/posts\/249541","targetHints":{"allow":["GET"]}}],"collection":[{"href":"https:\/\/www.europesays.com\/fr\/wp-json\/wp\/v2\/posts"}],"about":[{"href":"https:\/\/www.europesays.com\/fr\/wp-json\/wp\/v2\/types\/post"}],"author":[{"embeddable":true,"href":"https:\/\/www.europesays.com\/fr\/wp-json\/wp\/v2\/users\/2"}],"replies":[{"embeddable":true,"href":"https:\/\/www.europesays.com\/fr\/wp-json\/wp\/v2\/comments?post=249541"}],"version-history":[{"count":0,"href":"https:\/\/www.europesays.com\/fr\/wp-json\/wp\/v2\/posts\/249541\/revisions"}],"wp:featuredmedia":[{"embeddable":true,"href":"https:\/\/www.europesays.com\/fr\/wp-json\/wp\/v2\/media\/249542"}],"wp:attachment":[{"href":"https:\/\/www.europesays.com\/fr\/wp-json\/wp\/v2\/media?parent=249541"}],"wp:term":[{"taxonomy":"category","embeddable":true,"href":"https:\/\/www.europesays.com\/fr\/wp-json\/wp\/v2\/categories?post=249541"},{"taxonomy":"post_tag","embeddable":true,"href":"https:\/\/www.europesays.com\/fr\/wp-json\/wp\/v2\/tags?post=249541"}],"curies":[{"name":"wp","href":"https:\/\/api.w.org\/{rel}","templated":true}]}}