{"id":249543,"date":"2025-07-14T14:40:14","date_gmt":"2025-07-14T14:40:14","guid":{"rendered":"https:\/\/www.europesays.com\/fr\/249543\/"},"modified":"2025-07-14T14:40:14","modified_gmt":"2025-07-14T14:40:14","slug":"seine-maritime-des-heros-du-quotidien-honores-pour-leur-bravoure-a-la-ceremonie-du-14-juillet-a-rouen","status":"publish","type":"post","link":"https:\/\/www.europesays.com\/fr\/249543\/","title":{"rendered":"Seine-Maritime. Des h\u00e9ros du quotidien honor\u00e9s pour leur bravoure \u00e0 la c\u00e9r\u00e9monie du 14 juillet \u00e0 Rouen"},"content":{"rendered":"<p>\t\t\t\t\t Ils ont fait preuve d\u2019un courage exemplaire face au danger, rel\u00e8ve le pr\u00e9fet de Seine-Maritime. Lors de la c\u00e9r\u00e9monie r\u00e9publicaine organis\u00e9e \u00e0 Rouen ce 14 juillet, le repr\u00e9sentant de l&rsquo;\u00c9tat mettra en lumi\u00e8re des actes de bravoure r\u00e9alis\u00e9s ces derniers mois par des fonctionnaires de police et une conductrice de bus. Six personnes recevront \u00e0 cette occasion une m\u00e9daille d\u2019honneur pour avoir risqu\u00e9 leur vie afin de sauver celle des autres. <\/p>\n<p><strong>Un policier extrait des victimes d\u2019une voiture en flammes<\/strong> <br \/>Le gardien de la paix Yannick Drouet recevra la m\u00e9daille d\u2019argent pour une intervention spectaculaire \u00e0 Petit-Quevilly, le 31 mai 2025. Ce jour-l\u00e0, il n\u2019a pas h\u00e9sit\u00e9 \u00e0 s\u2019\u00e9lancer vers un v\u00e9hicule en feu, apr\u00e8s un accident de la circulation, pour en extraire le conducteur et un passager coinc\u00e9 \u00e0 l\u2019int\u00e9rieur. <\/p>\n<p>Le pr\u00e9fet a salu\u00e9 son \u00ab courage extraordinaire \u00bb, rappelant que l\u2019intervention s\u2019\u00e9tait d\u00e9roul\u00e9e dans un contexte particuli\u00e8rement p\u00e9rilleux, le v\u00e9hicule contenant des bonbonnes de protoxyde d\u2019azote, ce qui faisait craindre une explosion imminente. <\/p>\n<p><strong>Une action collective sous haute tension<\/strong> <br \/>Trois autres policiers seront d\u00e9cor\u00e9s de la m\u00e9daille de bronze pour leur r\u00f4le essentiel lors de cette m\u00eame intervention. <br \/>Il s\u2019agit de Natacha Besnard, polici\u00e8re adjointe, de Vincent Levard, brigadier-chef, et de Vincent Pillon, gardien de la paix. <\/p>\n<p>La jeune polici\u00e8re s\u2019est illustr\u00e9e par un geste d\u00e9cisif : elle a pulv\u00e9ris\u00e9 le contenu d\u2019un extincteur sur le capot en feu du v\u00e9hicule pour ralentir la propagation des flammes, cr\u00e9ant ainsi un laps de temps pr\u00e9cieux pour ses coll\u00e8gues. <br \/>Ces derniers ont alors pu \u00e9loigner un bless\u00e9 extrait de l\u2019habitacle et tenter d\u2019en d\u00e9gager un second, agissant malgr\u00e9 le danger d\u2019explosion toujours pr\u00e9sent.\n\t\t\t\t <\/p>\n","protected":false},"excerpt":{"rendered":"Ils ont fait preuve d\u2019un courage exemplaire face au danger, rel\u00e8ve le pr\u00e9fet de Seine-Maritime. Lors de la&hellip;\n","protected":false},"author":2,"featured_media":249544,"comment_status":"","ping_status":"","sticky":false,"template":"","format":"standard","meta":{"footnotes":""},"categories":[9587],"tags":[1111,11,1777,674,1011,27,1934,12,5161,25,9590,5163],"class_list":{"0":"post-249543","1":"post","2":"type-post","3":"status-publish","4":"format-standard","5":"has-post-thumbnail","7":"category-rouen","8":"tag-actu","9":"tag-actualites","10":"tag-eu","11":"tag-europe","12":"tag-fr","13":"tag-france","14":"tag-infos-locales","15":"tag-news","16":"tag-normandie","17":"tag-republique-francaise","18":"tag-rouen","19":"tag-seine-maritime"},"share_on_mastodon":{"url":"https:\/\/pubeurope.com\/@fr\/114852110230590253","error":""},"_links":{"self":[{"href":"https:\/\/www.europesays.com\/fr\/wp-json\/wp\/v2\/posts\/249543","targetHints":{"allow":["GET"]}}],"collection":[{"href":"https:\/\/www.europesays.com\/fr\/wp-json\/wp\/v2\/posts"}],"about":[{"href":"https:\/\/www.europesays.com\/fr\/wp-json\/wp\/v2\/types\/post"}],"author":[{"embeddable":true,"href":"https:\/\/www.europesays.com\/fr\/wp-json\/wp\/v2\/users\/2"}],"replies":[{"embeddable":true,"href":"https:\/\/www.europesays.com\/fr\/wp-json\/wp\/v2\/comments?post=249543"}],"version-history":[{"count":0,"href":"https:\/\/www.europesays.com\/fr\/wp-json\/wp\/v2\/posts\/249543\/revisions"}],"wp:featuredmedia":[{"embeddable":true,"href":"https:\/\/www.europesays.com\/fr\/wp-json\/wp\/v2\/media\/249544"}],"wp:attachment":[{"href":"https:\/\/www.europesays.com\/fr\/wp-json\/wp\/v2\/media?parent=249543"}],"wp:term":[{"taxonomy":"category","embeddable":true,"href":"https:\/\/www.europesays.com\/fr\/wp-json\/wp\/v2\/categories?post=249543"},{"taxonomy":"post_tag","embeddable":true,"href":"https:\/\/www.europesays.com\/fr\/wp-json\/wp\/v2\/tags?post=249543"}],"curies":[{"name":"wp","href":"https:\/\/api.w.org\/{rel}","templated":true}]}}