{"id":249549,"date":"2025-07-14T14:46:20","date_gmt":"2025-07-14T14:46:20","guid":{"rendered":"https:\/\/www.europesays.com\/fr\/249549\/"},"modified":"2025-07-14T14:46:20","modified_gmt":"2025-07-14T14:46:20","slug":"strasbourg-quand-une-mosquee-se-veut-le-temple-de-la-concorde-republicaine","status":"publish","type":"post","link":"https:\/\/www.europesays.com\/fr\/249549\/","title":{"rendered":"Strasbourg. Quand une mosqu\u00e9e se veut le temple de la concorde r\u00e9publicaine"},"content":{"rendered":"<p>L\u2019image est in\u00e9dite. Encadrant le mihrab, niche murale donnant la direction de la Mecque, les drapeaux fran\u00e7ais et europ\u00e9en et deux affiches tricolores frapp\u00e9es d\u2019une coupole stylis\u00e9e, le logo de la grande mosqu\u00e9e. \u00ab Que la France vive heureuse et prosp\u00e8re, qu\u2019elle soit forte et grande par l\u2019union et la concorde, qu\u2019elle conserve un rang glorieux au sein des nations \u00bb, r\u00e9cite l\u2019imam Kalilou Sylla.<\/p>\n<p>La pri\u00e8re des rabbins au mot pr\u00e8s<\/p>\n<p>Pour la premi\u00e8re fois, cette pri\u00e8re solennelle pour la R\u00e9publique r\u00e9sonne dans une mosqu\u00e9e. Des imams invoquaient d\u00e9j\u00e0 la France \u00e0 la fin de leurs pr\u00eaches, y compris \u00e0 la grande mosqu\u00e9e de Strasbourg. Mais jamais sur le mod\u00e8le des cultes reconnus par le r\u00e9gime h\u00e9rit\u00e9 du Concordat en Alsace Moselle : \u00e9glises et synagogues se pavoisent de tricolore \u00e0 l\u2019approche de la F\u00eate nationale, un mariage des genres impensable dans le reste de la France. Aujourd\u2019hui, la pri\u00e8re ressemble au mot pr\u00e8s \u00e0 celle dite par les rabbins. Y compris quand l\u2019imam prie Allah d\u2019\u00ab accorder [sa] protection et [sa] b\u00e9n\u00e9diction \u00bb aux \u00ab forces de s\u00e9curit\u00e9 et de secours qui s\u2019engagent [\u2026] pour d\u00e9fendre la France \u00bb, en r\u00e9f\u00e9rence aux forces de l\u2019ordre et \u00e0 l\u2019arm\u00e9e.<\/p>\n<p>Dans le public, le pr\u00e9fet, la maire, les repr\u00e9sentants des collectivit\u00e9s, l\u2019archev\u00eaque de Strasbourg, le pasteur Pierre Magne de la Croix, le Crif\u2026 Le pr\u00e9sident du consistoire Maurice Dahan, arborant le pin\u2019s jaune pour les otages du Hamas, est assis \u00e0 c\u00f4t\u00e9 du pr\u00e9sident de la mosqu\u00e9e Sa\u00efd Aalla. On aper\u00e7oit Pap Ndiaye pour le Conseil de l\u2019Europe ou l\u2019eurod\u00e9put\u00e9e Fabienne Keller. Tous silencieux. Le temps est au recueillement, pas \u00e0 la (g\u00e9o)politique.<\/p>\n<p>Paradoxe : cette pri\u00e8re r\u00e9publicaine a lieu dans une mosqu\u00e9e devenue propri\u00e9t\u00e9 du Maroc en septembre 2020. \u00ab Ce n\u2019est pas un hasard ! C\u2019est le reflet de l\u2019ouverture du Maroc \u00bb, commente la conseill\u00e8re r\u00e9gionale Gabrielle Rosner.<\/p>\n<p>Des spahis au serment de Koufra<\/p>\n<p>Car l\u2019islam r\u00e9publicain s\u2019inscrit dans l\u2019histoire de l\u2019Alsace, rappelle l\u2019aum\u00f4nier Yousra, \u00e9voquant le serment de Koufra du r\u00e9giment de marche du Tchad, le drapeau tricolore hiss\u00e9 par un spahi sur la fl\u00e8che de la cath\u00e9drale, les tirailleurs alg\u00e9riens venus d\u00e9fendre Strasbourg en 1945\u2026 \u00ab Mon beau-p\u00e8re a particip\u00e9 \u00e0 la lib\u00e9ration de l\u2019Alsace \u00bb, se souvient la Franco-Tunisienne Lilia Bensedrine, directrice du festival des Sacr\u00e9es journ\u00e9es. Quand son fils lui a annonc\u00e9 qu\u2019il venait faire ses \u00e9tudes ici, il l\u2019a pr\u00e9venu : \u00ab Couvre-toi, il y fait tr\u00e8s froid ! \u00bb<\/p>\n","protected":false},"excerpt":{"rendered":"L\u2019image est in\u00e9dite. Encadrant le mihrab, niche murale donnant la direction de la Mecque, les drapeaux fran\u00e7ais et&hellip;\n","protected":false},"author":2,"featured_media":249550,"comment_status":"","ping_status":"","sticky":false,"template":"","format":"standard","meta":{"footnotes":""},"categories":[2820],"tags":[1111,11,2389,2649,1777,674,107,1011,27,775,12,5889,25,640],"class_list":{"0":"post-249549","1":"post","2":"type-post","3":"status-publish","4":"format-standard","5":"has-post-thumbnail","7":"category-strasbourg","8":"tag-actu","9":"tag-actualites","10":"tag-alsace","11":"tag-bas-rhin","12":"tag-eu","13":"tag-europe","14":"tag-fil-info","15":"tag-fr","16":"tag-france","17":"tag-grand-est","18":"tag-news","19":"tag-religion-croyance","20":"tag-republique-francaise","21":"tag-strasbourg"},"share_on_mastodon":{"url":"https:\/\/pubeurope.com\/@fr\/114852133769034131","error":""},"_links":{"self":[{"href":"https:\/\/www.europesays.com\/fr\/wp-json\/wp\/v2\/posts\/249549","targetHints":{"allow":["GET"]}}],"collection":[{"href":"https:\/\/www.europesays.com\/fr\/wp-json\/wp\/v2\/posts"}],"about":[{"href":"https:\/\/www.europesays.com\/fr\/wp-json\/wp\/v2\/types\/post"}],"author":[{"embeddable":true,"href":"https:\/\/www.europesays.com\/fr\/wp-json\/wp\/v2\/users\/2"}],"replies":[{"embeddable":true,"href":"https:\/\/www.europesays.com\/fr\/wp-json\/wp\/v2\/comments?post=249549"}],"version-history":[{"count":0,"href":"https:\/\/www.europesays.com\/fr\/wp-json\/wp\/v2\/posts\/249549\/revisions"}],"wp:featuredmedia":[{"embeddable":true,"href":"https:\/\/www.europesays.com\/fr\/wp-json\/wp\/v2\/media\/249550"}],"wp:attachment":[{"href":"https:\/\/www.europesays.com\/fr\/wp-json\/wp\/v2\/media?parent=249549"}],"wp:term":[{"taxonomy":"category","embeddable":true,"href":"https:\/\/www.europesays.com\/fr\/wp-json\/wp\/v2\/categories?post=249549"},{"taxonomy":"post_tag","embeddable":true,"href":"https:\/\/www.europesays.com\/fr\/wp-json\/wp\/v2\/tags?post=249549"}],"curies":[{"name":"wp","href":"https:\/\/api.w.org\/{rel}","templated":true}]}}