{"id":249563,"date":"2025-07-14T14:53:16","date_gmt":"2025-07-14T14:53:16","guid":{"rendered":"https:\/\/www.europesays.com\/fr\/249563\/"},"modified":"2025-07-14T14:53:16","modified_gmt":"2025-07-14T14:53:16","slug":"girondins-le-defenseur-ruben-droehnle-va-signer-a-bordeaux","status":"publish","type":"post","link":"https:\/\/www.europesays.com\/fr\/249563\/","title":{"rendered":"Girondins : le d\u00e9fenseur Ruben Droehnl\u00e9 va signer \u00e0 Bordeaux"},"content":{"rendered":"<p><img decoding=\"async\" src=\"https:\/\/www.europesays.com\/fr\/wp-content\/uploads\/2025\/07\/671_8381ea6bcf995738c232c31cc2f936bd.jpg\" alt=\"Girondins : le d\u00e9fenseur Ruben Droehnl\u00e9 va signer \u00e0 Bordeaux\" class=\"img-responsive mt-3\"\/><\/p>\n<p class=\"text-center mb-3\" style=\"font-size: 14px\">\u00a9 Iconsport<\/p>\n<p style=\"text-align: justify;\">C&rsquo;est le journaliste d&rsquo;ICI Gironde, Cl\u00e9ment Carpentier, qui d\u00e9voile que Ruben Droehnl\u00e9 va rejoindre les Girondins Bordeaux. Form\u00e9 au LOSC et sous contrat avec le club lillois jusqu&rsquo;en 2021, il a jou\u00e9 dans ce club lorsque G\u00e9rard Lopez (propri\u00e9taire du FCGB) \u00e9tait le pr\u00e9sident des Dogues. Il a jou\u00e9 en N2 avec la r\u00e9serve du nordiste : plus de 70 matchs.<\/p>\n<blockquote class=\"twitter-tweet\">\n<p dir=\"ltr\" lang=\"fr\">\u26bd\ufe0f Apr\u00e8s L\u00e9o Jousselin, un autre d\u00e9fenseur fran\u00e7ais va s\u2019engager dans les prochaines heures avec les <a href=\"https:\/\/twitter.com\/girondins?ref_src=twsrc%5Etfw\" target=\"_blank\" rel=\"noopener\">@girondins<\/a> : Ruben Droehnl\u00e9 ! <br \/>Form\u00e9 \u00e0 Strasbourg et Lille, il jouait ces derni\u00e8res saisons en Belgique. <a href=\"https:\/\/twitter.com\/hashtag\/Bordeaux?src=hash&amp;ref_src=twsrc%5Etfw\" target=\"_blank\" rel=\"noopener\">#Bordeaux<\/a> <a href=\"https:\/\/twitter.com\/hashtag\/Girondins?src=hash&amp;ref_src=twsrc%5Etfw\" target=\"_blank\" rel=\"noopener\">#Girondins<\/a> <a href=\"https:\/\/twitter.com\/hashtag\/FCGB?src=hash&amp;ref_src=twsrc%5Etfw\" target=\"_blank\" rel=\"noopener\">#FCGB<\/a><\/p>\n<p>\u2014 Clement Carpentier (@clementcarpet) <a href=\"https:\/\/twitter.com\/clementcarpet\/status\/1944755235739574534?ref_src=twsrc%5Etfw\" target=\"_blank\" rel=\"noopener\">July 14, 2025<\/a>\n<\/p><\/blockquote>\n<p>\u00a0<\/p>\n<p style=\"text-align: justify;\">Actuellement en fin de contrat apr\u00e8s une saison avec le RFC Seraing en Belgique (D2), il rejoint les Marine et Blanc. Il compl\u00e8te un secteur de jeu faiblement pourvu avec seulement Grillot et Vandenabeele.<\/p>\n<p style=\"text-align: justify;\">Le natif de Strasbourg a jou\u00e9 28 matchs la saison derni\u00e8re pour 1 but et deux passes d\u00e9cisives. Son arriv\u00e9e n&rsquo;est pas encore officielle.<\/p>\n<p style=\"text-align: justify;\">Ce lundi matin <a href=\"https:\/\/www.webgirondins.com\/actualite-mercato-girondins-leo-jousselin-signe-a-bordeaux-en-national-2-129721\" target=\"_blank\" rel=\"noopener\">L\u00e9o Jousselin a \u00e9t\u00e9 officialis\u00e9 au poste de lat\u00e9ral droit des Girondins<\/a>.<\/p>\n<p>Ils ont aussi sign\u00e9 aux Girondins de Bordeaux : Mathieu Villette (attaquant, 24 ans), Steve Shamal (attaquant, 29 ans), Royce Openda (ailier, 23 ans), Lud\u00e9ric Etonde (attaquant, 24 ans) et <a href=\"https:\/\/www.webgirondins.com\/actualite-girondins-girondins-faissal-mannai-s-engage-avec-bordeaux-129691\" target=\"_blank\" rel=\"noopener\">Fa\u00efssal Manna\u00ef<\/a> (milieu offensif, 29 ans), Guillaume Odru (milieu, 28 ans) et Abou Ba (milieu, 26 ans) et \u00c9ric Vandenabeele (d\u00e9fenseur central, 33 ans), <a href=\"https:\/\/www.webgirondins.com\/actualite-mercato-les-girondins-de-bordeaux-officialisent-l-arrivee-de-leo-jousselin-au-mercato-129722\" target=\"_blank\" rel=\"noopener\">L\u00e9o Jousselin<\/a> (lat\u00e9ral droit, 23 ans).\u00a0<\/p>\n<p style=\"text-align: justify;\">\u00a0<\/p>\n<p>\u00c0 lire &gt;&gt; <strong><a href=\"https:\/\/www.webgirondins.com\/actualite-autour-des-girondins-corentin-michel-ex-girondins-si-bordeaux-m-appelle-la-porte-est-grande-ouverte-129710\" target=\"_blank\" rel=\"noopener\">Corentin Michel (ex-Girondins) : \u00ab\u00a0Si Bordeaux m&rsquo;appelle, la porte est grande ouverte\u00a0\u00bb<\/a><\/strong><\/p>\n<p>Notre podcast court :<\/p>\n<p>\u00a0<\/p>\n<p>\u00a0<\/p>\n<p>    <script async src=\"https:\/\/platform.twitter.com\/widgets.js\" charset=\"utf-8\"><\/script><\/p>\n","protected":false},"excerpt":{"rendered":"\u00a9 Iconsport C&rsquo;est le journaliste d&rsquo;ICI Gironde, Cl\u00e9ment Carpentier, qui d\u00e9voile que Ruben Droehnl\u00e9 va rejoindre les Girondins&hellip;\n","protected":false},"author":2,"featured_media":249564,"comment_status":"","ping_status":"","sticky":false,"template":"","format":"standard","meta":{"footnotes":""},"categories":[2817],"tags":[1111,11,3396,1997,19659,15014,15013,38977,18066,1777,674,1011,27,1987,12,2219,30328,25,38976,6690,3975],"class_list":{"0":"post-249563","1":"post","2":"type-post","3":"status-publish","4":"format-standard","5":"has-post-thumbnail","7":"category-bordeaux","8":"tag-actu","9":"tag-actualites","10":"tag-avec","11":"tag-bordeaux","12":"tag-bordelaise","13":"tag-central","14":"tag-defenseur","15":"tag-droehnle","16":"tag-engager","17":"tag-eu","18":"tag-europe","19":"tag-fr","20":"tag-france","21":"tag-girondins","22":"tag-news","23":"tag-nouvelle-aquitaine","24":"tag-recrue","25":"tag-republique-francaise","26":"tag-ruben","27":"tag-sera","28":"tag-signer"},"share_on_mastodon":{"url":"https:\/\/pubeurope.com\/@fr\/114852161471308465","error":""},"_links":{"self":[{"href":"https:\/\/www.europesays.com\/fr\/wp-json\/wp\/v2\/posts\/249563","targetHints":{"allow":["GET"]}}],"collection":[{"href":"https:\/\/www.europesays.com\/fr\/wp-json\/wp\/v2\/posts"}],"about":[{"href":"https:\/\/www.europesays.com\/fr\/wp-json\/wp\/v2\/types\/post"}],"author":[{"embeddable":true,"href":"https:\/\/www.europesays.com\/fr\/wp-json\/wp\/v2\/users\/2"}],"replies":[{"embeddable":true,"href":"https:\/\/www.europesays.com\/fr\/wp-json\/wp\/v2\/comments?post=249563"}],"version-history":[{"count":0,"href":"https:\/\/www.europesays.com\/fr\/wp-json\/wp\/v2\/posts\/249563\/revisions"}],"wp:featuredmedia":[{"embeddable":true,"href":"https:\/\/www.europesays.com\/fr\/wp-json\/wp\/v2\/media\/249564"}],"wp:attachment":[{"href":"https:\/\/www.europesays.com\/fr\/wp-json\/wp\/v2\/media?parent=249563"}],"wp:term":[{"taxonomy":"category","embeddable":true,"href":"https:\/\/www.europesays.com\/fr\/wp-json\/wp\/v2\/categories?post=249563"},{"taxonomy":"post_tag","embeddable":true,"href":"https:\/\/www.europesays.com\/fr\/wp-json\/wp\/v2\/tags?post=249563"}],"curies":[{"name":"wp","href":"https:\/\/api.w.org\/{rel}","templated":true}]}}