{"id":249569,"date":"2025-07-14T14:56:12","date_gmt":"2025-07-14T14:56:12","guid":{"rendered":"https:\/\/www.europesays.com\/fr\/249569\/"},"modified":"2025-07-14T14:56:12","modified_gmt":"2025-07-14T14:56:12","slug":"a-lille-apres-les-fetes-flamandes-les-geants-mis-en-avant-dans-une-expo-au-palais-des-beaux-arts","status":"publish","type":"post","link":"https:\/\/www.europesays.com\/fr\/249569\/","title":{"rendered":"\u00c0 Lille, apr\u00e8s les f\u00eates flamandes, les g\u00e9ants mis en avant dans une expo au Palais des Beaux-arts"},"content":{"rendered":"<p>            Par<br \/>\n        <strong><br \/>\n            <a href=\"https:\/\/actu.fr\/auteur\/amandine-vachez\" title=\"Consulter tous les articles de Amandine Vachez\" target=\"_blank\" rel=\"noopener\">Amandine Vachez<\/a><br \/>\n        <\/strong><\/p>\n<p>        Publi\u00e9 le<\/p>\n<p>            14 juil. 2025 \u00e0 15h46        <\/p>\n<p>Apr\u00e8s les <a href=\"https:\/\/pba.lille.fr\/FETES-ET-CELEBRATIONS-FLAMANDES-BRUEGHEL-RUBENS-JORDAENS\" target=\"_blank\" rel=\"noopener\">f\u00eates et c\u00e9l\u00e9brations flamandes<\/a>, un autre \u00e9l\u00e9ment du <b>patrimoine nordiste<\/b> sera mis en avant, au <a href=\"https:\/\/actu.fr\/tag\/palais-des-beaux-arts-de-lille\" target=\"_blank\" rel=\"noopener\">Palais des Beaux-arts de Lille<\/a> (Nord) cette ann\u00e9e. Cette exposition s\u2019annonce aussi impressionnante qu\u2019int\u00e9ressante pour celles et ceux curieux d\u2019en savoir plus sur les traditions locales. Elle mettra en avant<b> les g\u00e9ants<\/b>, dans un parcours in\u00e9dit r\u00e9unissant de tr\u00e8s belles collections\u00a0\u00e0 <a href=\"https:\/\/actu.fr\/lille\/\" target=\"_blank\" rel=\"noopener\">Lille<\/a> (Nord) d\u00e8s septembre\u00a02025 et pour quelques mois. L\u2019occasion de <b>c\u00e9l\u00e9brer <\/b>avec panache un<b> anniversaire particulier.<\/b><\/p>\n<p>Pour les 20\u00a0ans des g\u00e9ants au patrimoine culturel immat\u00e9riel de l\u2019UNESCO<\/p>\n<p class=\" wall-content\">Pour les 20\u00a0ans de leur reconnaissance au patrimoine culturel immat\u00e9riel de l\u2019humanit\u00e9 par l\u2019UNESCO, le\u00a0Palais des Beaux-Arts de Lille consacre une exposition aux g\u00e9ants, embl\u00e9matiques du Nord de la France et de la Belgique.<\/p>\n<p class=\" wall-content\">\u00ab\u2009On les appelle Reuze (g\u00e9ant en flamand) \u00e0 Dunkerque ou Cassel, Gayant (g\u00e9ant en picard) \u00e0 Douai, ou encore Jehan, forme ancienne du nom Jean. Pouvant mesurer jusqu\u2019\u00e0 7\u00a0m de haut, les<b> g\u00e9ants perp\u00e9tuent une tradition\u00a0vieille de pr\u00e8s de 500\u00a0ans.<\/b> D\u2019o\u00f9 viennent-ils\u2009? Comment sont-ils con\u00e7us\u2009? \u00c0 quelles occasions sortent-ils\u2009? Comment s\u2019est d\u00e9roul\u00e9e leur\u00a0inscription \u00e0 l\u2019UNESCO\u2009? Le parcours permettra de <b>(re) d\u00e9couvrir leur fabuleuse histoire \u00e0 travers les collections \u00e9tonnantes du Mus\u00e9e de\u00a0l\u2019Hospice Comtesse de Lille<\/b> (photographies, cartes postales, gravures, enseigne\u2026) mais aussi un ensemble de\u00a0planches, dessins et film du Palais des Beaux-Arts sign\u00e9s <a href=\"https:\/\/actu.fr\/hauts-de-france\/lille_59350\/le-dessinateur-francois-boucq-nous-ouvre-portes-atelier-lillois_18279519.html\" target=\"_blank\" rel=\"noopener\">Fran\u00e7ois Boucq<\/a> autour de <b>Lyd\u00e9ric et Phinaert, les\u00a0c\u00e9l\u00e8bres g\u00e9ants de Lille<\/b>. Une t\u00eate de g\u00e9ant en papier m\u00e2ch\u00e9 et un corps en osier permettront aussi de r\u00e9v\u00e9ler tous\u00a0leurs <b>secrets de fabrication<\/b>\u2009\u00bb, annonce la Ville. Un \u00ab\u2009petit\u2009\u00bb Lyd\u00e9ric de 3,70\u00a0m, invit\u00e9 surprise de la Maison des G\u00e9ants d\u2019Ath (Belgique), sera aussi de la partie\u2009!<\/p>\n<p class=\" wall-content\">Cette exposition sera assortie de plusieurs \u00e9v\u00e9nements, orchestr\u00e9s par Dorian Demarcq (artisan d\u2019art, facteur de\u00a0g\u00e9ants)\u2009: <b>vernissage festif avec fanfare et r\u00e9union de g\u00e9ants<\/b>, <a href=\"https:\/\/actu.fr\/tag\/journees-europeennes-du-patrimoine\" target=\"_blank\" rel=\"noopener\">Journ\u00e9es du patrimoine<\/a> les 20 et 21\u00a0septembre et \u00ab\u2009Nuit terrible d\u2019Halloween\u2009\u00bb le 31\u00a0octobre 2025.<\/p>\n<p class=\" wall-content\">Pour pr\u00e9cision, cette exposition est organis\u00e9e par le Palais des Beaux-Arts et le mus\u00e9e de l\u2019Hospice Comtesse, \u00e9quipements de la Ville de Lille. Elle s\u2019int\u00e8gre \u00e0 <a href=\"https:\/\/actu.fr\/hauts-de-france\/lille_59350\/lille-la-fete-universelle-et-intemporelle-la-saison-fiesta-deboule-bientot-dans-la-metropole_62190090.html\" target=\"_blank\" rel=\"noopener\">\u00ab\u2009Fiesta\u2009\u00bb, 7e saison culturelle de lille3000<\/a>, avec le concours de la D\u00e9l\u00e9gation de la Flandre en France, en partenariat avec\u00a0les archives et de la biblioth\u00e8que municipales de Lille.<\/p>\n<p>L\u2019exposition sera visible du 18\u00a0septembre 2025 au 5\u00a0janvier 2026 au Palais des Beaux-Arts de Lille, place de la R\u00e9publique. Tarifs\u2009: Plein tarif 7\u00a0\u20ac \/ tarif r\u00e9duit 4\u00a0\u20ac (pour tous en semaine \u00e0 partir de 16\u2009h\u200930). Gratuit pour tous chaque premier dimanche du mois. <a href=\"https:\/\/actu.fr\/hauts-de-france\/lille_59350\/nouveau-musees-seront-gratuits-chaque-dimanche-les-habitants-lille-lomme-hellemmes_20177239.html\" target=\"_blank\" rel=\"noopener\">Gratuit pour les habitants<\/a> de Lille, Hellemmes et Lomme chaque dimanche.Vid\u00e9os : en ce moment sur Actu<\/p>\n<p class=\" wall-content\">Suivez toute l\u2019actualit\u00e9 de vos villes et m\u00e9dias favoris en vous inscrivant \u00e0 <a href=\"https:\/\/moncompte.actu.fr\" title=\"D\u00e9couvez Mon Actu\" rel=\"nofollow noopener\" data-trk=\"{&quot;cta&quot;:{&quot;action&quot;:&quot;https:\\\/\\\/moncompte.actu.fr&quot;,&quot;category&quot;:&quot;mon compte&quot;,&quot;from&quot;:&quot;article footer&quot;,&quot;name&quot;:&quot;Mon actu&quot;,&quot;type&quot;:&quot;cta&quot;}}\" target=\"_blank\">Mon Actu<\/a>.<\/p>\n<ul class=\"ac-article-tag wall-content\">\n<li><a href=\"https:\/\/actu.fr\/tag\/lille\" data-trk=\"{&quot;cta&quot;:{&quot;action&quot;:&quot;lille&quot;,&quot;category&quot;:&quot;tag&quot;,&quot;from&quot;:&quot;article footer&quot;,&quot;name&quot;:&quot;lille&quot;,&quot;type&quot;:&quot;cta&quot;}}\" target=\"_blank\" rel=\"noopener\">#lille<\/a><\/li>\n<li><a href=\"https:\/\/actu.fr\/tag\/palais-des-beaux-arts\" data-trk=\"{&quot;cta&quot;:{&quot;action&quot;:&quot;Palais des Beaux-Arts&quot;,&quot;category&quot;:&quot;tag&quot;,&quot;from&quot;:&quot;article footer&quot;,&quot;name&quot;:&quot;Palais des Beaux-Arts&quot;,&quot;type&quot;:&quot;cta&quot;}}\" target=\"_blank\" rel=\"noopener\">#Palais des Beaux-Arts<\/a><\/li>\n<\/ul>\n","protected":false},"excerpt":{"rendered":"Par Amandine Vachez Publi\u00e9 le 14 juil. 2025 \u00e0 15h46 Apr\u00e8s les f\u00eates et c\u00e9l\u00e9brations flamandes, un autre&hellip;\n","protected":false},"author":2,"featured_media":249570,"comment_status":"","ping_status":"","sticky":false,"template":"","format":"standard","meta":{"footnotes":""},"categories":[2815],"tags":[1111,11,1777,674,1011,27,811,1307,1652,12,3182,25],"class_list":{"0":"post-249569","1":"post","2":"type-post","3":"status-publish","4":"format-standard","5":"has-post-thumbnail","7":"category-lille","8":"tag-actu","9":"tag-actualites","10":"tag-eu","11":"tag-europe","12":"tag-fr","13":"tag-france","14":"tag-hauts-de-france","15":"tag-lille","16":"tag-loisirs-culture","17":"tag-news","18":"tag-palais-des-beaux-arts","19":"tag-republique-francaise"},"share_on_mastodon":{"url":"https:\/\/pubeurope.com\/@fr\/114852173173489861","error":""},"_links":{"self":[{"href":"https:\/\/www.europesays.com\/fr\/wp-json\/wp\/v2\/posts\/249569","targetHints":{"allow":["GET"]}}],"collection":[{"href":"https:\/\/www.europesays.com\/fr\/wp-json\/wp\/v2\/posts"}],"about":[{"href":"https:\/\/www.europesays.com\/fr\/wp-json\/wp\/v2\/types\/post"}],"author":[{"embeddable":true,"href":"https:\/\/www.europesays.com\/fr\/wp-json\/wp\/v2\/users\/2"}],"replies":[{"embeddable":true,"href":"https:\/\/www.europesays.com\/fr\/wp-json\/wp\/v2\/comments?post=249569"}],"version-history":[{"count":0,"href":"https:\/\/www.europesays.com\/fr\/wp-json\/wp\/v2\/posts\/249569\/revisions"}],"wp:featuredmedia":[{"embeddable":true,"href":"https:\/\/www.europesays.com\/fr\/wp-json\/wp\/v2\/media\/249570"}],"wp:attachment":[{"href":"https:\/\/www.europesays.com\/fr\/wp-json\/wp\/v2\/media?parent=249569"}],"wp:term":[{"taxonomy":"category","embeddable":true,"href":"https:\/\/www.europesays.com\/fr\/wp-json\/wp\/v2\/categories?post=249569"},{"taxonomy":"post_tag","embeddable":true,"href":"https:\/\/www.europesays.com\/fr\/wp-json\/wp\/v2\/tags?post=249569"}],"curies":[{"name":"wp","href":"https:\/\/api.w.org\/{rel}","templated":true}]}}