{"id":24957,"date":"2025-04-14T18:58:12","date_gmt":"2025-04-14T18:58:12","guid":{"rendered":"https:\/\/www.europesays.com\/fr\/24957\/"},"modified":"2025-04-14T18:58:12","modified_gmt":"2025-04-14T18:58:12","slug":"je-vous-en-supplie-kamila-secret-story-son-petit-frere-dans-le-coma-avec-un-pronostic-vital-engage","status":"publish","type":"post","link":"https:\/\/www.europesays.com\/fr\/24957\/","title":{"rendered":"\u00ab\u00a0Je vous en supplie\u00a0\u00bb, Kamila (Secret Story) : son petit fr\u00e8re dans le coma avec un pronostic vital engag\u00e9"},"content":{"rendered":"<p><a href=\"https:\/\/www.public.fr\/kamila-secret-story-son-mari-nore-lui-offre-la-meme-voiture-que-maeva-ghennam\" rel=\"nofollow noopener\" target=\"_blank\"><strong>Kamila<\/strong><\/a> traverse l&rsquo;enfer&#8230; La c\u00e9l\u00e8bre candidate de t\u00e9l\u00e9-r\u00e9alit\u00e9 r\u00e9v\u00e9l\u00e9e en 2017 dans la onzi\u00e8me \u00e9dition de Secret Story vient d&rsquo;annoncer une nouvelle bouleversante sur Snapchat.<\/p>\n<p>Derri\u00e8re une photo prise \u00e0 l&rsquo;h\u00f4pital, quelques mots ont suffi \u00e0 glacer le sang de ses abonn\u00e9s : <strong>son fr\u00e8re est actuellement dans le coma, entre la vie et la mort.<\/strong><\/p>\n<p>\u00ab\u00a0Un pronostic vital engag\u00e9\u00a0\u00bb<\/p>\n<p>\u00ab\u00a0<strong>Je vis actuellement le moment le plus compliqu\u00e9 de ma vie<\/strong>\u00ab\u00a0, a-t-elle \u00e9crit sur le r\u00e9seau social avant d&rsquo;en dire davantage : \u00ab\u00a0<strong>Je suis rentr\u00e9e en France en urgence cette nuit. Mon petit fr\u00e8re est dans le coma, avec un pronostic vital engag\u00e9. Je crois devenir folle de ce qui est en train de se passer<\/strong>\u00ab\u00a0.<\/p>\n<p>Dans un ultime appel \u00e0 l&rsquo;aide, la jeune femme a ensuite suppli\u00e9 sa communaut\u00e9 de prier pour son fr\u00e8re, esp\u00e9rant un \u00e9lan de soutien face \u00e0 l&rsquo;impensable : \u00ab\u00a0<strong>Je vous supplie de faire des pri\u00e8res pour lui, priez avec nous pour qu&rsquo;il puisse s&rsquo;en sortir. Je vous en supplie du plus profond de mon c\u0153ur.<\/strong>\u00ab\u00a0<\/p>\n<p>Malgr\u00e9 la gravit\u00e9 de la situation, <a href=\"https:\/\/www.instagram.com\/kamilaofficiel\/?hl=fr\" target=\"_blank\" rel=\"noreferrer noopener nofollow\">Kamila<\/a> n&rsquo;a pas donn\u00e9 plus de d\u00e9tails pour le moment. La m\u00e8re de famille pr\u00e9f\u00e8re visiblement garder une part de myst\u00e8re autour de l&rsquo;\u00e9tat de son fr\u00e8re. <\/p>\n<p>Kamila, son mari Nor\u00e9 en plein deuil<\/p>\n<p>Le 10 avril dernier, c&rsquo;est son mari, Nor\u00e9, qui traversait d\u00e9j\u00e0 une douloureuse \u00e9preuve personnelle. Son oncle est r\u00e9cemment d\u00e9c\u00e9d\u00e9. Une triste nouvelle que l&rsquo;influenceur n&rsquo;avait pas manqu\u00e9 de partager sur les r\u00e9seaux. <\/p>\n<p>\u00ab\u00a0<strong>Mon oncle, tu vas nous manquer\u2026 Tu \u00e9tais et resteras le boss de notre famille. Tu \u00e9tais aim\u00e9 et respect\u00e9 de tous. Repose en paix<\/strong>\u00ab\u00a0, avait-il \u00e9crit. <\/p>\n<p>Dans la douleur, Kamila et Nor\u00e9 restent plus unis que jamais. <strong>Cela fait plus de 15 ans qu&rsquo;ils se soutiennent mutuellement.<\/strong><\/p>\n<p>En ao\u00fbt dernier, ils ont d&rsquo;ailleurs pris la d\u00e9cision de renouveler leurs v\u0153ux de mariage. Un \u00e9v\u00e8nement qui a suscit\u00e9 de vives r\u00e9actions. <\/p>\n<p>\u00ab\u00a0Vous \u00eates tellement beaux\u00a0\u00bb, \u00ab\u00a0C\u2019est merveilleux de vous voir aussi heureux\u00a0\u00bb, \u00ab\u00a0Votre couple respire l\u2019amour et le bonheur\u00a0\u00bb, \u00ab\u00a0C\u2019est \u00e7a l\u2019amour\u00a0! Grandir, \u00e9voluer et vieillir ensemble. \u00catre toujours l\u00e0 dans les bons comme les mauvais moments. \u00c9couter l\u2019autre. Savoir faire des concessions\u2026 Plein de bonheur et pour toujours\u00a0!\u00a0\u00bb, ont comment\u00e9 plusieurs internautes. De touchants messages. <\/p>\n<p>      Mentionn\u00e9s dans cet article<\/p>\n<p>\u00c0 lire aussi<\/p>\n<p>  <script async src=\"\/\/www.instagram.com\/embed.js\"><\/script><\/p>\n","protected":false},"excerpt":{"rendered":"Kamila traverse l&rsquo;enfer&#8230; La c\u00e9l\u00e8bre candidate de t\u00e9l\u00e9-r\u00e9alit\u00e9 r\u00e9v\u00e9l\u00e9e en 2017 dans la onzi\u00e8me \u00e9dition de Secret Story&hellip;\n","protected":false},"author":2,"featured_media":24958,"comment_status":"","ping_status":"","sticky":false,"template":"","format":"standard","meta":{"footnotes":""},"categories":[1356],"tags":[8982,58,59,1011,27,8983,252,1364],"class_list":{"0":"post-24957","1":"post","2":"type-post","3":"status-publish","4":"format-standard","5":"has-post-thumbnail","7":"category-television","8":"tag-coma","9":"tag-divertissement","10":"tag-entertainment","11":"tag-fr","12":"tag-france","13":"tag-kamila-tir-abdelali","14":"tag-television","15":"tag-tv"},"share_on_mastodon":{"url":"https:\/\/pubeurope.com\/@fr\/114337854541511554","error":""},"_links":{"self":[{"href":"https:\/\/www.europesays.com\/fr\/wp-json\/wp\/v2\/posts\/24957","targetHints":{"allow":["GET"]}}],"collection":[{"href":"https:\/\/www.europesays.com\/fr\/wp-json\/wp\/v2\/posts"}],"about":[{"href":"https:\/\/www.europesays.com\/fr\/wp-json\/wp\/v2\/types\/post"}],"author":[{"embeddable":true,"href":"https:\/\/www.europesays.com\/fr\/wp-json\/wp\/v2\/users\/2"}],"replies":[{"embeddable":true,"href":"https:\/\/www.europesays.com\/fr\/wp-json\/wp\/v2\/comments?post=24957"}],"version-history":[{"count":0,"href":"https:\/\/www.europesays.com\/fr\/wp-json\/wp\/v2\/posts\/24957\/revisions"}],"wp:featuredmedia":[{"embeddable":true,"href":"https:\/\/www.europesays.com\/fr\/wp-json\/wp\/v2\/media\/24958"}],"wp:attachment":[{"href":"https:\/\/www.europesays.com\/fr\/wp-json\/wp\/v2\/media?parent=24957"}],"wp:term":[{"taxonomy":"category","embeddable":true,"href":"https:\/\/www.europesays.com\/fr\/wp-json\/wp\/v2\/categories?post=24957"},{"taxonomy":"post_tag","embeddable":true,"href":"https:\/\/www.europesays.com\/fr\/wp-json\/wp\/v2\/tags?post=24957"}],"curies":[{"name":"wp","href":"https:\/\/api.w.org\/{rel}","templated":true}]}}