{"id":249577,"date":"2025-07-14T15:00:09","date_gmt":"2025-07-14T15:00:09","guid":{"rendered":"https:\/\/www.europesays.com\/fr\/249577\/"},"modified":"2025-07-14T15:00:09","modified_gmt":"2025-07-14T15:00:09","slug":"en-deux-mois-ils-avaient-commis-une-quarantaine-de-cambriolages-dans-le-beaujolais","status":"publish","type":"post","link":"https:\/\/www.europesays.com\/fr\/249577\/","title":{"rendered":"en deux mois, ils avaient commis une quarantaine de cambriolages dans le Beaujolais"},"content":{"rendered":"<p itemprop=\"description\"><strong>Originaires de Vaulx-en-Velin et Rillieux-la-Pape, deux jeunes individus avaient sem\u00e9 la terreur dans le Beaujolais en multipliant les cambriolages.<\/strong><\/p>\n<p>En seulement deux mois, de f\u00e9vrier \u00e0 mars 2024, ils avaient r\u00e9ussi \u00e0 s&rsquo;infiltrer dans 38 habitations et commerces dans diverses communes comme Blac\u00e9, Denic\u00e9 ou L&rsquo;Arbresle.<\/p>\n<p>Finalement identifi\u00e9s par les gendarmes gr\u00e2ce \u00e0 des traces ADN et aux images de vid\u00e9osurveillance, les deux suspects avaient \u00e9t\u00e9 interpell\u00e9s. A leur domicile, des objets vol\u00e9s avaient \u00e9t\u00e9 retrouv\u00e9s.<\/p>\n<p>Jug\u00e9 plus d&rsquo;un an apr\u00e8s les faits \u00e0 Villefranche-sur-Sa\u00f4ne, le duo a ni\u00e9 son implication dans les cambriolages. L&rsquo;un des pr\u00e9venus a simplement reconnu avoir conduit des voitures vol\u00e9es lors de ces m\u00e9faits, sans en dire davantage sur ses potentiels complices.<\/p>\n<p>L&rsquo;individu au casier judiciaire le plus rempli a \u00e9cop\u00e9 de 4 ans de prison ferme. Son camarade a lui \u00e9t\u00e9 condamn\u00e9 \u00e0 2 ans ferme.<\/p>\n<p>Ils devront \u00e9galement rembourser leurs victimes \u00e0 hauteur de 50 000 euros de pr\u00e9judice au total.<\/p>\n","protected":false},"excerpt":{"rendered":"Originaires de Vaulx-en-Velin et Rillieux-la-Pape, deux jeunes individus avaient sem\u00e9 la terreur dans le Beaujolais en multipliant les&hellip;\n","protected":false},"author":2,"featured_media":249578,"comment_status":"","ping_status":"","sticky":false,"template":"","format":"standard","meta":{"footnotes":""},"categories":[1889],"tags":[1111,11,2813,2190,2430,1109,251,1112,2811,1777,674,118,1011,27,1922,1110,1114,2428,2810,12,241,316,25,2812,517,800],"class_list":{"0":"post-249577","1":"post","2":"type-post","3":"status-publish","4":"format-standard","5":"has-post-thumbnail","7":"category-lyon","8":"tag-actu","9":"tag-actualites","10":"tag-article","11":"tag-asvel","12":"tag-auvergne-rhone-alpes","13":"tag-breves","14":"tag-culture","15":"tag-depeches","16":"tag-economique","17":"tag-eu","18":"tag-europe","19":"tag-faits-divers","20":"tag-fr","21":"tag-france","22":"tag-info","23":"tag-informations","24":"tag-infos","25":"tag-lyon","26":"tag-lyonmag","27":"tag-news","28":"tag-ol","29":"tag-politique","30":"tag-republique-francaise","31":"tag-sociale","32":"tag-sport","33":"tag-transports"},"share_on_mastodon":{"url":"https:\/\/pubeurope.com\/@fr\/114852188834628662","error":""},"_links":{"self":[{"href":"https:\/\/www.europesays.com\/fr\/wp-json\/wp\/v2\/posts\/249577","targetHints":{"allow":["GET"]}}],"collection":[{"href":"https:\/\/www.europesays.com\/fr\/wp-json\/wp\/v2\/posts"}],"about":[{"href":"https:\/\/www.europesays.com\/fr\/wp-json\/wp\/v2\/types\/post"}],"author":[{"embeddable":true,"href":"https:\/\/www.europesays.com\/fr\/wp-json\/wp\/v2\/users\/2"}],"replies":[{"embeddable":true,"href":"https:\/\/www.europesays.com\/fr\/wp-json\/wp\/v2\/comments?post=249577"}],"version-history":[{"count":0,"href":"https:\/\/www.europesays.com\/fr\/wp-json\/wp\/v2\/posts\/249577\/revisions"}],"wp:featuredmedia":[{"embeddable":true,"href":"https:\/\/www.europesays.com\/fr\/wp-json\/wp\/v2\/media\/249578"}],"wp:attachment":[{"href":"https:\/\/www.europesays.com\/fr\/wp-json\/wp\/v2\/media?parent=249577"}],"wp:term":[{"taxonomy":"category","embeddable":true,"href":"https:\/\/www.europesays.com\/fr\/wp-json\/wp\/v2\/categories?post=249577"},{"taxonomy":"post_tag","embeddable":true,"href":"https:\/\/www.europesays.com\/fr\/wp-json\/wp\/v2\/tags?post=249577"}],"curies":[{"name":"wp","href":"https:\/\/api.w.org\/{rel}","templated":true}]}}