{"id":249599,"date":"2025-07-14T15:12:21","date_gmt":"2025-07-14T15:12:21","guid":{"rendered":"https:\/\/www.europesays.com\/fr\/249599\/"},"modified":"2025-07-14T15:12:21","modified_gmt":"2025-07-14T15:12:21","slug":"starmer-va-rencontrer-trump-en-visite-privee-en-ecosse-fin-juillet","status":"publish","type":"post","link":"https:\/\/www.europesays.com\/fr\/249599\/","title":{"rendered":"Starmer va rencontrer Trump en visite priv\u00e9e en \u00c9cosse fin juillet"},"content":{"rendered":"<p>Donald Trump se rend r\u00e9guli\u00e8rement en \u00c9cosse pour profiter de ses golfs priv\u00e9s.<\/p>\n<p class=\"fig-paragraph\">Le premier ministre britannique\u00a0<a href=\"http:\/\/www.lefigaro.fr\/international\/royaume-uni-pour-keir-starmer-une-premiere-annee-de-pouvoir-en-eaux-agitees-20250703\" data-fig-type=\"Article\" data-gtm-custom-categorie=\"navigation\" data-gtm-custom-action=\"crossclick\" data-gtm-custom-label=\"Contextuel\" data-gtm-event=\"customEventSPE\" data-fig-domain=\"LEFIGARO\" target=\"_blank\" rel=\"noopener\">Keir Starmer<\/a>\u00a0va rencontrer fin juillet le pr\u00e9sident am\u00e9ricain\u00a0<a href=\"http:\/\/www.lefigaro.fr\/cinema\/pourquoi-donald-trump-a-pourri-le-prochain-film-de-terry-gilliam-20250714\" data-fig-type=\"Article\" data-gtm-custom-categorie=\"navigation\" data-gtm-custom-action=\"crossclick\" data-gtm-custom-label=\"Contextuel\" data-gtm-event=\"customEventSPE\" data-fig-domain=\"LEFIGARO\" target=\"_blank\" rel=\"noopener\">Donald Trump<\/a>\u00a0qui sera en visite priv\u00e9e en \u00c9cosse, o\u00f9 il poss\u00e8de deux complexes de golf, a annonc\u00e9 ce lundi 14 juillet Downing Street.<\/p>\n<p class=\"fig-paragraph\">\u00abLa Maison-Blanche a confirm\u00e9 que le pr\u00e9sident Trump effectuerait une visite priv\u00e9e en \u00c9cosse plus tard dans le mois\u00bb, a indiqu\u00e9 un porte-parole de Keir Starmer. \u00ab\u00c9tant donn\u00e9 qu&rsquo;il s&rsquo;y rend \u00e0 titre priv\u00e9, il n&rsquo;y aura pas de rencontre bilat\u00e9rale formelle, mais le premier ministre est heureux d&rsquo;accepter l&rsquo;invitation du pr\u00e9sident \u00e0 le rencontrer pendant son s\u00e9jour\u00bb, a-t-il ajout\u00e9. Cette visite priv\u00e9e n&rsquo;a pas \u00e9t\u00e9 publiquement confirm\u00e9e par la Maison-Blanche.<\/p>\n<p>                                    <a class=\"fig-a11y-skip a11y-hidden\" href=\"#fig-a11y-skip-main-inarticle\"><br \/>\n        Passer la publicit\u00e9<br \/>\n    <\/a><\/p>\n<p class=\"fig-paragraph\">Donald Trump se rend r\u00e9guli\u00e8rement en \u00c9cosse pour profiter de ses golfs priv\u00e9s, le Trump International Golf Links et le golf de Trunberry. Ce dernier a\u00a0<a href=\"http:\/\/www.lefigaro.fr\/international\/apres-l-ecosse-un-deuxieme-terrain-de-golf-de-donald-trump-vandalise-en-irlande-20250313\" data-fig-type=\"NewsFlash\" data-gtm-custom-categorie=\"navigation\" data-gtm-custom-action=\"crossclick\" data-gtm-custom-label=\"Contextuel\" data-gtm-event=\"customEventSPE\" data-fig-domain=\"LEFIGARO\" target=\"_blank\" rel=\"noopener\">\u00e9t\u00e9 vandalis\u00e9 en mars dernier\u00a0<\/a>par des manifestants qui ont inscrit\u00a0\u00abGaza n\u2019est pas \u00e0 vendre\u00bb\u00a0en grandes lettres blanches sur la pelouse.<\/p>\n","protected":false},"excerpt":{"rendered":"Donald Trump se rend r\u00e9guli\u00e8rement en \u00c9cosse pour profiter de ses golfs priv\u00e9s. Le premier ministre britannique\u00a0Keir Starmer\u00a0va&hellip;\n","protected":false},"author":2,"featured_media":249600,"comment_status":"","ping_status":"","sticky":false,"template":"","format":"standard","meta":{"footnotes":""},"categories":[1588],"tags":[11,75,1777,674,2581,12,473,1853,1851,1850,1852],"class_list":{"0":"post-249599","1":"post","2":"type-post","3":"status-publish","4":"format-standard","5":"has-post-thumbnail","7":"category-royaume-uni","8":"tag-actualites","9":"tag-donald-trump","10":"tag-eu","11":"tag-europe","12":"tag-keir-starmer","13":"tag-news","14":"tag-royaume-uni","15":"tag-royaume-uni-de-grande-bretagne-et-dirlande-du-nord","16":"tag-uk","17":"tag-united-kingdom","18":"tag-united-kingdom-of-great-britain-and-northern-ireland"},"share_on_mastodon":{"url":"https:\/\/pubeurope.com\/@fr\/114852236122879993","error":""},"_links":{"self":[{"href":"https:\/\/www.europesays.com\/fr\/wp-json\/wp\/v2\/posts\/249599","targetHints":{"allow":["GET"]}}],"collection":[{"href":"https:\/\/www.europesays.com\/fr\/wp-json\/wp\/v2\/posts"}],"about":[{"href":"https:\/\/www.europesays.com\/fr\/wp-json\/wp\/v2\/types\/post"}],"author":[{"embeddable":true,"href":"https:\/\/www.europesays.com\/fr\/wp-json\/wp\/v2\/users\/2"}],"replies":[{"embeddable":true,"href":"https:\/\/www.europesays.com\/fr\/wp-json\/wp\/v2\/comments?post=249599"}],"version-history":[{"count":0,"href":"https:\/\/www.europesays.com\/fr\/wp-json\/wp\/v2\/posts\/249599\/revisions"}],"wp:featuredmedia":[{"embeddable":true,"href":"https:\/\/www.europesays.com\/fr\/wp-json\/wp\/v2\/media\/249600"}],"wp:attachment":[{"href":"https:\/\/www.europesays.com\/fr\/wp-json\/wp\/v2\/media?parent=249599"}],"wp:term":[{"taxonomy":"category","embeddable":true,"href":"https:\/\/www.europesays.com\/fr\/wp-json\/wp\/v2\/categories?post=249599"},{"taxonomy":"post_tag","embeddable":true,"href":"https:\/\/www.europesays.com\/fr\/wp-json\/wp\/v2\/tags?post=249599"}],"curies":[{"name":"wp","href":"https:\/\/api.w.org\/{rel}","templated":true}]}}