{"id":249601,"date":"2025-07-14T15:13:10","date_gmt":"2025-07-14T15:13:10","guid":{"rendered":"https:\/\/www.europesays.com\/fr\/249601\/"},"modified":"2025-07-14T15:13:10","modified_gmt":"2025-07-14T15:13:10","slug":"1-500-mygales-decouvertes-dans-un-emballage-de-biscuits","status":"publish","type":"post","link":"https:\/\/www.europesays.com\/fr\/249601\/","title":{"rendered":"1.500 mygales d\u00e9couvertes dans un emballage de biscuits"},"content":{"rendered":"<p>Une vision d\u2019horreur pour les arachnophobes\u2026 La douane <a href=\"https:\/\/www.20minutes.fr\/dossier\/allemagne\" class=\"color-ultramarine c-link\" rel=\"nofollow noopener\" target=\"_blank\">allemande <\/a>a d\u00e9couvert environ 1.500 mygales cach\u00e9es dans ce qui se pr\u00e9sentait comme des emballages de biscuits en provenance du <a href=\"https:\/\/www.20minutes.fr\/dossier\/vietnam\" class=\"color-ultramarine c-link\" rel=\"nofollow noopener\" target=\"_blank\">Vietnam<\/a>, \u00e0 l\u2019a\u00e9roport de <a href=\"https:\/\/www.20minutes.fr\/dossier\/cologne\" class=\"color-ultramarine c-link\" rel=\"nofollow noopener\" target=\"_blank\">Cologne <\/a>(ouest).<\/p>\n<p>Les jeunes araign\u00e9es, enferm\u00e9es dans de petites bo\u00eetes en plastique, \u00e9taient destin\u00e9es \u00e0 un homme demeurant dans l\u2019ouest du pays, contre lequel une proc\u00e9dure p\u00e9nale est en cours. D\u00e9clar\u00e9 comme une livraison de biscuits, le paquet pesait sept kilos au total.<\/p>\n<p>De nombreuses <a href=\"https:\/\/www.20minutes.fr\/dossier\/araignee\" class=\"color-ultramarine c-link\" rel=\"nofollow noopener\" target=\"_blank\">mygales <\/a>n\u2019ont pas surv\u00e9cu \u00e0 ce voyage car elles n\u2019ont pas \u00e9t\u00e9 transport\u00e9es dans des conditions convenables, a pr\u00e9cis\u00e9 la douane. A l\u2019ouverture du paquet s\u2019est d\u00e9gag\u00e9e une odeur pestilentielle, a-t-elle encore pr\u00e9cis\u00e9. Cette d\u00e9couverte remonte \u00e0 trois semaines mais les douaniers ne l\u2019ont annonc\u00e9e que ce lundi 14\u00a0juillet.<\/p>\n","protected":false},"excerpt":{"rendered":"Une vision d\u2019horreur pour les arachnophobes\u2026 La douane allemande a d\u00e9couvert environ 1.500 mygales cach\u00e9es dans ce qui&hellip;\n","protected":false},"author":2,"featured_media":249602,"comment_status":"","ping_status":"","sticky":false,"template":"","format":"standard","meta":{"footnotes":""},"categories":[1587],"tags":[47,11,672,38978,1804,1896,1805,1803,981,1777,674,1801,74,12,1802,951],"class_list":{"0":"post-249601","1":"post","2":"type-post","3":"status-publish","4":"format-standard","5":"has-post-thumbnail","7":"category-allemagne","8":"tag-actualite","9":"tag-actualites","10":"tag-allemagne","11":"tag-araignee","12":"tag-bundesrepublik-deutschland","13":"tag-cologne","14":"tag-de","15":"tag-deutschland","16":"tag-douane","17":"tag-eu","18":"tag-europe","19":"tag-germany","20":"tag-monde","21":"tag-news","22":"tag-republique-federale-dallemagne","23":"tag-vietnam"},"share_on_mastodon":{"url":"https:\/\/pubeurope.com\/@fr\/114852240108462519","error":""},"_links":{"self":[{"href":"https:\/\/www.europesays.com\/fr\/wp-json\/wp\/v2\/posts\/249601","targetHints":{"allow":["GET"]}}],"collection":[{"href":"https:\/\/www.europesays.com\/fr\/wp-json\/wp\/v2\/posts"}],"about":[{"href":"https:\/\/www.europesays.com\/fr\/wp-json\/wp\/v2\/types\/post"}],"author":[{"embeddable":true,"href":"https:\/\/www.europesays.com\/fr\/wp-json\/wp\/v2\/users\/2"}],"replies":[{"embeddable":true,"href":"https:\/\/www.europesays.com\/fr\/wp-json\/wp\/v2\/comments?post=249601"}],"version-history":[{"count":0,"href":"https:\/\/www.europesays.com\/fr\/wp-json\/wp\/v2\/posts\/249601\/revisions"}],"wp:featuredmedia":[{"embeddable":true,"href":"https:\/\/www.europesays.com\/fr\/wp-json\/wp\/v2\/media\/249602"}],"wp:attachment":[{"href":"https:\/\/www.europesays.com\/fr\/wp-json\/wp\/v2\/media?parent=249601"}],"wp:term":[{"taxonomy":"category","embeddable":true,"href":"https:\/\/www.europesays.com\/fr\/wp-json\/wp\/v2\/categories?post=249601"},{"taxonomy":"post_tag","embeddable":true,"href":"https:\/\/www.europesays.com\/fr\/wp-json\/wp\/v2\/tags?post=249601"}],"curies":[{"name":"wp","href":"https:\/\/api.w.org\/{rel}","templated":true}]}}