{"id":249603,"date":"2025-07-14T15:14:10","date_gmt":"2025-07-14T15:14:10","guid":{"rendered":"https:\/\/www.europesays.com\/fr\/249603\/"},"modified":"2025-07-14T15:14:10","modified_gmt":"2025-07-14T15:14:10","slug":"non-le-drapeau-de-lunion-europeenne-ne-fait-pas-reference-a-la-madone-et-aux-tribus-disrael","status":"publish","type":"post","link":"https:\/\/www.europesays.com\/fr\/249603\/","title":{"rendered":"Non, le drapeau de l&rsquo;Union europ\u00e9enne ne fait pas r\u00e9f\u00e9rence \u00e0 la Madone et aux tribus d&rsquo;Isra\u00ebl"},"content":{"rendered":"<p><img decoding=\"async\" class=\"c-ad__placeholder__logo\" src=\"https:\/\/static.euronews.com\/website\/images\/logos\/logo-euronews-grey-6-180x22.svg\" width=\"180\" height=\"22\" alt=\"\" loading=\"lazy\"\/>PUBLICIT\u00c9<\/p>\n<p>Antonio Tajani, vice-Premier ministre et ministre des Affaires \u00e9trang\u00e8res italien, a suscit\u00e9 la controverse apr\u00e8s la publication, le dimanche 29 juin, d&rsquo;un message sur X dans lequel il aborde les origines du drapeau de l&rsquo;Union europ\u00e9enne.<\/p>\n<p>Pour marquer les 40 ans de son adoption officielle comme un embl\u00e8me de l&rsquo;UE, Antonio Tajani a d\u00e9crit le drapeau comme \u00e9tant \u00ab\u00a0bleu comme le manteau de la Madone, avec les 12 \u00e9toiles des tribus d&rsquo;Isra\u00ebl dispos\u00e9es en cercle\u00a0\u00bb. \u00ab\u00a0Un symbole de nos valeurs de libert\u00e9, de nos racines jud\u00e9o-chr\u00e9tiennes\u00a0\u00bb, a-t-il ajout\u00e9.<\/p>\n<p>Cette sortie a suscit\u00e9 une vague de r\u00e9actions sur les r\u00e9seaux sociaux, les internautes soulignant que <a href=\"https:\/\/commission.europa.eu\/about\/flying-european-flag-1985_en\" target=\"_blank\" rel=\"noreferrer noopener\">l&rsquo;UE elle-m\u00eame d\u00e9crit le drapeau<\/a> comme repr\u00e9sentant \u00ab\u00a0les valeurs et l&rsquo;identit\u00e9 commune de millions d&rsquo;Europ\u00e9ens unis dans leur diversit\u00e9\u00a0\u00bb et comme un \u00ab\u00a0symbole d&rsquo;unit\u00e9, de d\u00e9mocratie et de paix\u00a0\u00bb.<\/p>\n<p>Mais ce n&rsquo;est pas la premi\u00e8re fois qu&rsquo;Antonio Tajani tente de r\u00e9pandre cette fake news. Euroverify a d\u00e9tect\u00e9 deux autres posts sur X, en <a href=\"https:\/\/x.com\/Antonio_Tajani\/status\/409614863649243137\" target=\"_blank\" rel=\"noreferrer\">2013<\/a> et <a href=\"https:\/\/x.com\/Antonio_Tajani\/status\/1435595133282553858\" target=\"_blank\" rel=\"noreferrer\">2021<\/a>, dans lesquels il r\u00e9alise les m\u00eames associations avec le manteau de la Madone et les tribus isra\u00e9liennes.<\/p>\n<p>Deux historiens ont affirm\u00e9 \u00e0 Euroverify que l&rsquo;interpr\u00e9tation du ministre italien \u00e9tait \u00ab\u00a0essentiellement incorrecte\u00a0\u00bb.<\/p>\n<p>Les propositions religieuses \u00e9cart\u00e9es<\/p>\n<p>Pour comprendre les origines de ce drapeau, il faut remonter jusqu&rsquo;aux ann\u00e9es 1950. \u00c0 cette \u00e9poque, le Conseil de l&rsquo;Europe &#8211; organisation de d\u00e9fense des droits de l&rsquo;Homme bas\u00e9e \u00e0 Strasbourg comprenant 46 \u00c9tats membres mais n&rsquo;\u00e9tant pas une institution de l&rsquo;UE &#8211; commence \u00e0 examiner des dizaines de propositions de drapeau.<\/p>\n<p>Ces derni\u00e8res ont \u00e9t\u00e9 conserv\u00e9es et sont archiv\u00e9es sur le site web du Conseil de l&rsquo;Europe, qui pr\u00e9cise que plusieurs projets ont \u00e9t\u00e9 rejet\u00e9s en raison de leur connotation religieuse, notamment celles faisant directement r\u00e9f\u00e9rence \u00e0 la Vierge Marie. \u00ab\u00a0Ces propositions ont \u00e9t\u00e9 mises de c\u00f4t\u00e9 pour que le drapeau reste la\u00efc\u00a0\u00bb, peut-on lire sur le site web.<\/p>\n<p>Le Conseil de l&rsquo;Europe a finalement retenu deux options, dont le drapeau avec un cercle de douze \u00e9toiles jaunes sur fond bleu, propos\u00e9 par un membre du personnel nomm\u00e9 Ars\u00e8ne Heitz. C&rsquo;est finalement cette derni\u00e8re qui a \u00e9t\u00e9 adopt\u00e9e, en 1955, par le Comit\u00e9 du Conseil de l&rsquo;Europe.<\/p>\n<p>Trois d\u00e9cennies plus tard, en 1983, le Parlement europ\u00e9en propose ce m\u00eame drapeau comme symbole des Communaut\u00e9s europ\u00e9ennes, anc\u00eatre de l&rsquo;Union europ\u00e9enne. Il sera officiellement adopt\u00e9 deux ans plus tard, en 1985.<\/p>\n<p>Aucune connotation religieuse officielle<\/p>\n<p>Piero Graglia, professeur d&rsquo;histoire des relations internationales \u00e0 l&rsquo;universit\u00e9 de Milan, a assur\u00e9 \u00e0 Euroverify que l&rsquo;interpr\u00e9tation du drapeau par Antonio Tajani \u00e9tait \u00ab\u00a0incorrecte\u00a0\u00bb.<\/p>\n<p>Le nombre d&rsquo;\u00e9toiles a \u00e9t\u00e9 choisi car ce nombre repr\u00e9sente la \u00ab\u00a0perfection\u00a0\u00bb et pour sa signification symbolique plus large dans la culture europ\u00e9enne, a-t-il expliqu\u00e9, ajoutant que le nombre est symbolique dans la philosophie de la Gr\u00e8ce antique, les math\u00e9matiques, ainsi que la mythologie. Une explication \u00e9galement avanc\u00e9e sur le site du Conseil de l&rsquo;Europe.<\/p>\n<p>\u00ab\u00a0Le Conseil de l&rsquo;Europe, lorsqu&rsquo;il a adopt\u00e9 le drapeau, a d\u00e9clar\u00e9 que le bleu \u00e9tait un symbole du ciel occidental au coucher du soleil et que les douze \u00e9toiles repr\u00e9sentaient la perfection. C&rsquo;est la seule interpr\u00e9tation acceptable\u00a0\u00bb, a-t-il assur\u00e9.<\/p>\n<p>Le <a href=\"https:\/\/european-union.europa.eu\/principles-countries-history\/symbols\/european-flag_en\" target=\"_blank\" rel=\"noreferrer noopener\">site officiel de l&rsquo;Union europ\u00e9enne<\/a> d\u00e9crit ce cercle d&rsquo;\u00e9toiles d&rsquo;or sur fond bleu comme repr\u00e9sentant les \u00ab\u00a0id\u00e9aux d&rsquo;unit\u00e9, de solidarit\u00e9 et d&rsquo;harmonie entre les peuples d&rsquo;Europe\u00a0\u00bb. Il n&rsquo;y a donc aucune r\u00e9f\u00e9rence au symbolisme religieux.<\/p>\n<p>Pourtant, bien que le Conseil de l&rsquo;Europe ait d\u00e9clar\u00e9 avoir \u00e9cart\u00e9 des propositions de drapeaux en raison de leurs connotations religieuses, l&rsquo;institution fait, sur son site, une r\u00e9f\u00e9rence religieuse dans la description du drapeau. Les douze \u00e9toiles y sont d\u00e9crites comme rappelant \u00ab\u00a0les ap\u00f4tres, les fils de Jacob, les travaux d&rsquo;Hercule et les mois de l&rsquo;ann\u00e9e\u00a0\u00bb.<\/p>\n<p>Les fils de Jacob, troisi\u00e8me des patriarches du peuple juif, sont \u00e9galement connus sous le nom des douze tribus d&rsquo;Isra\u00ebl, auxquelles Antonio Tajani a fait r\u00e9f\u00e9rence.<\/p>\n<p>Une inspiration religieuse<\/p>\n<p>Bien que le drapeau lui-m\u00eame soit consid\u00e9r\u00e9 comme la\u00efque, son concepteur, Ars\u00e8ne Heitz, a cit\u00e9 une inspiration religieuse.<\/p>\n<p>Selon le professeur Piero Graglia, il se serait inspir\u00e9 de la statue de la Vierge Marie, situ\u00e9e dans la cath\u00e9drale de Strasbourg, o\u00f9 vivait et travaillant Ars\u00e8ne Heitz.<\/p>\n<p>En 2004, <a href=\"https:\/\/www.economist.com\/europe\/2004\/10\/28\/real-politics-at-last\" target=\"_blank\" rel=\"noreferrer noopener\">The Economist<\/a> attribue \u00e9galement \u00e0 Ars\u00e8ne Heitz une d\u00e9claration dans laquelle il dit avoir \u00e9t\u00e9 inspir\u00e9 par un verset biblique de l&rsquo;Apocalypse de Jean, qui fait r\u00e9f\u00e9rence \u00e0 une \u00ab\u00a0femme v\u00eatue du soleil, avec la lune sous ses pieds, et sur sa t\u00eate une couronne de douze \u00e9toiles\u00a0\u00bb.<\/p>\n","protected":false},"excerpt":{"rendered":"PUBLICIT\u00c9 Antonio Tajani, vice-Premier ministre et ministre des Affaires \u00e9trang\u00e8res italien, a suscit\u00e9 la controverse apr\u00e8s la publication,&hellip;\n","protected":false},"author":2,"featured_media":249604,"comment_status":"","ping_status":"","sticky":false,"template":"","format":"standard","meta":{"footnotes":""},"categories":[1586],"tags":[11,38979,7577,1777,674,1011,27,12,25,364],"class_list":{"0":"post-249603","1":"post","2":"type-post","3":"status-publish","4":"format-standard","5":"has-post-thumbnail","7":"category-europe","8":"tag-actualites","9":"tag-antonio-tajani","10":"tag-conseil-de-leurope","11":"tag-eu","12":"tag-europe","13":"tag-fr","14":"tag-france","15":"tag-news","16":"tag-republique-francaise","17":"tag-union-europeenne"},"share_on_mastodon":{"url":"https:\/\/pubeurope.com\/@fr\/114852243989416300","error":""},"_links":{"self":[{"href":"https:\/\/www.europesays.com\/fr\/wp-json\/wp\/v2\/posts\/249603","targetHints":{"allow":["GET"]}}],"collection":[{"href":"https:\/\/www.europesays.com\/fr\/wp-json\/wp\/v2\/posts"}],"about":[{"href":"https:\/\/www.europesays.com\/fr\/wp-json\/wp\/v2\/types\/post"}],"author":[{"embeddable":true,"href":"https:\/\/www.europesays.com\/fr\/wp-json\/wp\/v2\/users\/2"}],"replies":[{"embeddable":true,"href":"https:\/\/www.europesays.com\/fr\/wp-json\/wp\/v2\/comments?post=249603"}],"version-history":[{"count":0,"href":"https:\/\/www.europesays.com\/fr\/wp-json\/wp\/v2\/posts\/249603\/revisions"}],"wp:featuredmedia":[{"embeddable":true,"href":"https:\/\/www.europesays.com\/fr\/wp-json\/wp\/v2\/media\/249604"}],"wp:attachment":[{"href":"https:\/\/www.europesays.com\/fr\/wp-json\/wp\/v2\/media?parent=249603"}],"wp:term":[{"taxonomy":"category","embeddable":true,"href":"https:\/\/www.europesays.com\/fr\/wp-json\/wp\/v2\/categories?post=249603"},{"taxonomy":"post_tag","embeddable":true,"href":"https:\/\/www.europesays.com\/fr\/wp-json\/wp\/v2\/tags?post=249603"}],"curies":[{"name":"wp","href":"https:\/\/api.w.org\/{rel}","templated":true}]}}