{"id":249613,"date":"2025-07-14T15:21:12","date_gmt":"2025-07-14T15:21:12","guid":{"rendered":"https:\/\/www.europesays.com\/fr\/249613\/"},"modified":"2025-07-14T15:21:12","modified_gmt":"2025-07-14T15:21:12","slug":"guitoune-milite-pour-une-revolution-dans-le-rugby-avec-un-retour-en-arriere","status":"publish","type":"post","link":"https:\/\/www.europesays.com\/fr\/249613\/","title":{"rendered":"Guitoune milite pour une r\u00e9volution dans le rugby avec un retour en arri\u00e8re"},"content":{"rendered":"<p>Sofiane Guitoune garde un \u0153il avis\u00e9 sur l\u2019actualit\u00e9 rugbystique. Retrait\u00e9 des terrains depuis la saison derni\u00e8re et un ultime Bouclier de Brennus remport\u00e9 avec le Stade Toulousain, le centre pr\u00e9pare d\u00e9sormais sa reconversion et a d\u00e9but\u00e9 des \u00e9tudes de kin\u00e9.<\/p>\n<p>Guitoune veut beaucoup moins d\u2019arbitrage vid\u00e9o<\/p>\n<p>Quoiqu\u2019il en soit, l\u2019international fran\u00e7ais continue de suivre avec passion le monde du ballon ovale. Invit\u00e9 de l\u2019\u00e9mission Kick Off Rugby sur <a href=\"https:\/\/www.rugbyrama.fr\/2025\/07\/11\/video-fin-de-larbitrage-video-retour-du-plaquage-cathedrale-les-idees-de-sofiane-guitoune-pour-changer-le-rugby-12820964.php\" rel=\"nofollow noopener\" target=\"_blank\">Rugbyrama<\/a>, Sofiane Guitoune a \u00e9t\u00e9 questionn\u00e9 sur la r\u00e8gle qu\u2019il souhaiterait modifier. Sans h\u00e9siter, l\u2019ancien agenais a \u00e9voqu\u00e9 l\u2019arbitrage vid\u00e9o en voulant notamment s\u2019inspirer du tennis et de la possibilit\u00e9 de choisir quand y recourir.<\/p>\n<blockquote>\n<p>\u00ab\u00a0Moi j\u2019arr\u00eaterai l\u2019arbitrage vid\u00e9o ou j\u2019en mettrai bien moins. Genre faire un challenge comme au tennis, o\u00f9 tu peux le demander trois fois par match. Je trouve qu\u2019on perd un temps fou, aujourd\u2019hui on revient sur toutes les actions. C\u2019est une perte de temps \u00e9norme, \u00e7a endort le public, les joueurs \u00e7a nous saoule. Et ca rajoute des comportements de simulation, pour ne pas dire le sport. Moi j\u2019ai jou\u00e9 sans la vid\u00e9o et il n\u2019y avait pas de soucis. Si tu as le droit \u00e0 trois challenges, au moins tu sais pourquoi tu vas aller voir l\u2019arbitre, tu ne vas pas y aller pour demander n\u2019importe quoi.\u00a0\u00bb<\/p>\n<\/blockquote>\n<p>Partagez cette info avec vos amis et vos proches en cliquant ici<br \/>Pour r\u00e9sumer<\/p>\n<p>L\u2019ancien centre du Stade Toulousain a \u00e9t\u00e9 questionn\u00e9 par Rugbyrama sur la r\u00e8gle qu\u2019il souhaiterait changer dans le rugby. Il propose une innovation qui marquerait un certain retour en arri\u00e8re. Il milite pour la r\u00e9duction de l&rsquo;arbitrage vid\u00e9o.<\/p>\n<p> <img decoding=\"async\" width=\"76\" height=\"76\" loading=\"lazy\" src=\"https:\/\/www.europesays.com\/fr\/wp-content\/uploads\/2025\/04\/avatar-quinze.png\" alt=\"Arnaud D\u00e9chelotte\"\/><\/p>\n","protected":false},"excerpt":{"rendered":"Sofiane Guitoune garde un \u0153il avis\u00e9 sur l\u2019actualit\u00e9 rugbystique. Retrait\u00e9 des terrains depuis la saison derni\u00e8re et un&hellip;\n","protected":false},"author":2,"featured_media":249614,"comment_status":"","ping_status":"","sticky":false,"template":"","format":"standard","meta":{"footnotes":""},"categories":[1416],"tags":[1011,27,479,1468,60],"class_list":{"0":"post-249613","1":"post","2":"type-post","3":"status-publish","4":"format-standard","5":"has-post-thumbnail","7":"category-rugby","8":"tag-fr","9":"tag-france","10":"tag-rugby","11":"tag-rugby-football","12":"tag-sports"},"share_on_mastodon":{"url":"https:\/\/pubeurope.com\/@fr\/114852271491215546","error":""},"_links":{"self":[{"href":"https:\/\/www.europesays.com\/fr\/wp-json\/wp\/v2\/posts\/249613","targetHints":{"allow":["GET"]}}],"collection":[{"href":"https:\/\/www.europesays.com\/fr\/wp-json\/wp\/v2\/posts"}],"about":[{"href":"https:\/\/www.europesays.com\/fr\/wp-json\/wp\/v2\/types\/post"}],"author":[{"embeddable":true,"href":"https:\/\/www.europesays.com\/fr\/wp-json\/wp\/v2\/users\/2"}],"replies":[{"embeddable":true,"href":"https:\/\/www.europesays.com\/fr\/wp-json\/wp\/v2\/comments?post=249613"}],"version-history":[{"count":0,"href":"https:\/\/www.europesays.com\/fr\/wp-json\/wp\/v2\/posts\/249613\/revisions"}],"wp:featuredmedia":[{"embeddable":true,"href":"https:\/\/www.europesays.com\/fr\/wp-json\/wp\/v2\/media\/249614"}],"wp:attachment":[{"href":"https:\/\/www.europesays.com\/fr\/wp-json\/wp\/v2\/media?parent=249613"}],"wp:term":[{"taxonomy":"category","embeddable":true,"href":"https:\/\/www.europesays.com\/fr\/wp-json\/wp\/v2\/categories?post=249613"},{"taxonomy":"post_tag","embeddable":true,"href":"https:\/\/www.europesays.com\/fr\/wp-json\/wp\/v2\/tags?post=249613"}],"curies":[{"name":"wp","href":"https:\/\/api.w.org\/{rel}","templated":true}]}}