{"id":249616,"date":"2025-07-14T15:24:11","date_gmt":"2025-07-14T15:24:11","guid":{"rendered":"https:\/\/www.europesays.com\/fr\/249616\/"},"modified":"2025-07-14T15:24:11","modified_gmt":"2025-07-14T15:24:11","slug":"luca-marini-epate-un-mois-et-demi-apres-son-accident","status":"publish","type":"post","link":"https:\/\/www.europesays.com\/fr\/249616\/","title":{"rendered":"Luca Marini \u00e9pate un mois et demi apr\u00e8s son accident"},"content":{"rendered":"<p>Il y a un mois et demi, <a href=\"https:\/\/fr.motorsport.com\/driver\/luca-marini\/201098\/\" target=\"_blank\" rel=\"noopener\">Luca Marini<\/a>\u00a0se blessait gravement dans une chute \u00e0 Suzuka, o\u00f9 il r\u00e9alisait des essais d&rsquo;endurance. Le bilan listait un pneumothorax, une luxation de la hanche gauche, des l\u00e9sions ligamentaires au genou gauche, ainsi que des fractures au sternum et \u00e0 la clavicule gauche. On aurait pu le croire \u00e9cart\u00e9 pour plusieurs mois, et pourtant le pilote Honda a fait son retour \u00e0 la comp\u00e9tition ce week-end, et il l&rsquo;a fait avec brio.<\/p>\n<p>Pour le premier Grand Prix qu&rsquo;il disputait depuis cet accident, et alors qu&rsquo;il expliquait \u00eatre \u00e0 environ 80% de ses capacit\u00e9s, Marini a doucement intensifi\u00e9 son effort au fil des s\u00e9ances, avec des runs de sept tours cons\u00e9cutifs vendredi, huit tours samedi matin, puis le sprint de 15 tours et enfin la course qui en comptait 30. Ne pouvant pas encha\u00eener beaucoup de boucles, il a d\u00fb prendre ses d\u00e9cisions en peu de temps pour r\u00e9gler la moto et \u00e9valuer les pneus, mais physiquement, il a tenu et n&rsquo;a manqu\u00e9 aucun des essais.<\/p>\n<p>Avec l&rsquo;aide des kin\u00e9s et d&rsquo;antidouleurs, dont il \u00e9galement augment\u00e9 le dosage au fil des jours, le pilote montre qu&rsquo;il a su s&rsquo;\u00e9couter pour livrer l&rsquo;effort n\u00e9cessaire jusqu&rsquo;\u00e0 disputer l&rsquo;int\u00e9gralit\u00e9 de la course. Et c&rsquo;est une belle prouesse qu&rsquo;il a r\u00e9alis\u00e9e durant 41 minutes, livrant sa plus belle bataille de la saison pour aller accrocher son meilleur r\u00e9sultat avec Honda, une sixi\u00e8me place. Un classement qu&rsquo;il devait, certes, aux chutes survenues devant lui mais aussi \u00e0 la r\u00e9sistance admirable dont il a fait preuve.<\/p>\n<p>\u00ab\u00a0\u00c7a a \u00e9t\u00e9 une tr\u00e8s bonne course\u00a0\u00bb, se f\u00e9licite Luca Marini. \u00ab\u00a0Compte tenu de mon \u00e9tat, \u00e7a a \u00e9t\u00e9 tr\u00e8s difficile, mais j&rsquo;ai r\u00e9ussi \u00e0 prendre un bon d\u00e9part et \u00e0 me mettre tout de suite dans une tr\u00e8s bonne position. Au d\u00e9but, j&rsquo;ai essay\u00e9 de prendre mon rythme, mais on n&rsquo;est pas encore assez efficaces en pneus neufs et j&rsquo;ai subi quelques d\u00e9passements. Puis, \u00e0 partir du septi\u00e8me tour, j&rsquo;ai commenc\u00e9 \u00e0 \u00eatre fatigu\u00e9.\u00a0\u00bb<\/p>\n<p>Lire aussi :<\/p>\n<p>Des crampes et un bras gauche manquant de force<\/p>\n<p>La douleur s&rsquo;est alors r\u00e9veill\u00e9e et Marini a souffert de crampes. C&rsquo;est la raison pour laquelle on l&rsquo;a parfois vu prendre des positions incongrues. \u00ab\u00a0J&rsquo;avais beaucoup de crampes dans le dos et dans la jambe [droite], donc j&rsquo;essayais de trouver la meilleure position pour me d\u00e9tendre un peu. J&rsquo;avais assez mal dans ces moments-l\u00e0.\u00a0\u00bb<\/p>\n<p>Dans quelle partie du circuit \u00e9tait-il le plus en difficult\u00e9 physiquement\u00a0?\u00a0\u00ab\u00a0Dans les virages 5-6 et 9-10, o\u00f9 on passe un long moment dans la m\u00eame position. Je n&rsquo;arrivais pas \u00e0 me tenir avec le bras gauche, du coup je poussais du pied gauche sur le repose-pied, mais si je poussais trop, je perdais l&rsquo;arri\u00e8re parce qu&rsquo;il n&rsquo;y avait pas assez d&rsquo;adh\u00e9rence au sol.\u00a0\u00bb<\/p>\n<p>   <img decoding=\"async\" draggable=\"false\" src=\"https:\/\/www.europesays.com\/fr\/wp-content\/uploads\/2025\/07\/1752506651_568_luca-marini-honda-hrc.jpg\" alt=\"Luca Marini, Honda HRC\" width=\"1200\" height=\"800\" loading=\"lazy\"\/> <\/p>\n<p class=\"title\">Luca Marini, Honda HRC<\/p>\n<p class=\"photographer\">Photo de: Alexander Trienitz<\/p>\n<p>\u00ab\u00a0Donc je perdais beaucoup l&rsquo;arri\u00e8re et j&rsquo;ai commenc\u00e9 \u00e0 avoir beaucoup de crampes, j&rsquo;ai d\u00fb ralentir un peu par moments. J&rsquo;ai essay\u00e9 de tout le temps changer de position, de m&rsquo;asseoir plus ou de me relaxer un peu sur le r\u00e9servoir. Mais \u00e7a n&rsquo;est pas facile quand il n&rsquo;y a pas de grip au sol parce que la moto est tout le temps flottante, elle glisse \u00e9norm\u00e9ment et il faut en permanence la tenir. C&rsquo;\u00e9tait le cas pour tout le monde, mais dans mon \u00e9tat c&rsquo;\u00e9tait encore plus compliqu\u00e9.\u00a0\u00bb<\/p>\n<p>Finalement, ces difficult\u00e9s l&rsquo;ont en quelque sorte servi sur la dur\u00e9e, puisqu&rsquo;il a pu compter sur des gommes plus performantes en fin de course. Alors qu&rsquo;il \u00e9tait une proie facile dans les d\u00e9passements du d\u00e9but de course par manque de solidit\u00e9 dans les freinages, il a eu le dessus quand les pneus se sont us\u00e9s. C&rsquo;est l\u00e0 qu&rsquo;on l&rsquo;a vu livrer une superbe bagarre dans le peloton et prendre l&rsquo;avantage sur <a href=\"https:\/\/fr.motorsport.com\/driver\/brad-binder\/109383\/\" target=\"_blank\" rel=\"noopener\">Brad Binder<\/a> et <a href=\"https:\/\/fr.motorsport.com\/driver\/jack-miller\/96423\/\" target=\"_blank\" rel=\"noopener\">Jack Miller<\/a>, apr\u00e8s voir d\u00e9j\u00e0 r\u00e9ussi \u00e0 d\u00e9passer son co\u00e9quipier <a href=\"https:\/\/fr.motorsport.com\/driver\/joan-mir\/289392\/\" target=\"_blank\" rel=\"noopener\">Joan Mir<\/a> pr\u00e9c\u00e9demment.<\/p>\n<p>\u00ab\u00a0D&rsquo;un point de vue musculaire, j&rsquo;ai commenc\u00e9 \u00e0 avoir du mal, donc je me suis dit que j&rsquo;allais g\u00e9rer les pneus et mon physique pour arriver au bout. Quand les pneus se sont d\u00e9grad\u00e9s, il m&rsquo;en restait un peu plus que les autres [\u00e0 l&rsquo;arri\u00e8re], alors j&rsquo;ai r\u00e9ussi \u00e0 faire quelques d\u00e9passements et \u00e0 remonter, puis avec les nombreuses chutes qu&rsquo;il y a eu, j&rsquo;ai obtenu un tr\u00e8s bon r\u00e9sultat. J&rsquo;ai eu pas mal de chance, comme les autres qui sont rest\u00e9s sur leurs roues, mais on a aussi r\u00e9ussi \u00e0 ne pas faire d&rsquo;erreur alors qu&rsquo;il \u00e9tait tr\u00e8s facile d&rsquo;en faire. Vers la mi-course, le pneu avant s&rsquo;est beaucoup d\u00e9grad\u00e9 et on ne pouvait plus freiner tr\u00e8s fort.\u00a0\u00bb<\/p>\n<p><img decoding=\"async\" class=\"sizer\" draggable=\"false\" src=\"data:image\/png;base64,iVBORw0KGgoAAAANSUhEUgAAABAAAAAJCAYAAAA7KqwyAAAAGXRFWHRTb2Z0d2FyZQBBZG9iZSBJbWFnZVJlYWR5ccllPAAAABpJREFUeNpi\/P\/\/PwMlgImBQjBqwLAwACDAAOVfAw9\/ZDvcAAAAAElFTkSuQmCC\" alt=\"\" loading=\"lazy\"\/><\/p>\n<p class=\"title\">VID\u00c9O &#8211; R\u00c9SUM\u00c9 : Les meilleurs moments du GP d&rsquo;Allemagne<\/p>\n<p>\u00ab\u00a0Je suis tr\u00e8s content, c&rsquo;est clair. Sixi\u00e8me, \u00e7a fait beaucoup de points pour le championnat. Dans notre position, \u00e7a fait une diff\u00e9rence\u00a0\u00bb, se r\u00e9jouit Marini, qui passe au 15e rang du classement g\u00e9n\u00e9ral. \u00ab\u00a0Et je suis content de l&rsquo;ensemble du week-end, y compris sur le mouill\u00e9. [&#8230;] La moto s&rsquo;est am\u00e9lior\u00e9e avec moi au fil du week-end. J&rsquo;ai tr\u00e8s bien \u00e9conomis\u00e9 mes forces pendant le week-end. Vendredi, j&rsquo;ai fait peu de tours, je l&rsquo;ai fait expr\u00e8s pour essayer d&rsquo;arriver \u00e0 dimanche en \u00e9tant pr\u00e9par\u00e9. Et on a aussi fait du tr\u00e8s bon travail avec [Quir\u00f3nsalud] : je dois les remercier parce qu&rsquo;ils ont fait en sorte que je reste tout le temps en forme physiquement.\u00a0\u00bb<\/p>\n<p>\u00ab\u00a0J&rsquo;ai r\u00e9ussi \u00e0 bien g\u00e9rer les antidouleurs, pour prendre les bonnes doses dimanche afin de ne pas trop sentir la douleur. Mais j&rsquo;ai quand m\u00eame eu pas mal de crampes au niveau musculaire, surtout parce que je devais compenser le peu de forces que j&rsquo;ai dans le bras gauche alors que c&rsquo;est un circuit qui tourne \u00e0 gauche. Maintenant je vais avoir 36 ou 48 heures de travail purement orient\u00e9 sur le fait de r\u00e9cup\u00e9rer pour revenir \u00e0 Brno en \u00e9tant un peu plus en forme.\u00a0\u00bb<\/p>\n<p>Lire aussi :<\/p>\n<p>Dans cet article<\/p>\n<p>Soyez le premier inform\u00e9 et souscrivez aux alertes mails pour recevoir les infos en temps r\u00e9el<\/p>\n<p>    S&rsquo;abonner aux alertes de news<\/p>\n","protected":false},"excerpt":{"rendered":"Il y a un mois et demi, Luca Marini\u00a0se blessait gravement dans une chute \u00e0 Suzuka, o\u00f9 il&hellip;\n","protected":false},"author":2,"featured_media":249617,"comment_status":"","ping_status":"","sticky":false,"template":"","format":"standard","meta":{"footnotes":""},"categories":[1413],"tags":[1011,27,36254,3345,15966,1457,1456,1458,36255,60],"class_list":{"0":"post-249616","1":"post","2":"type-post","3":"status-publish","4":"format-standard","5":"has-post-thumbnail","7":"category-moto","8":"tag-fr","9":"tag-france","10":"tag-gp-dallemagne","11":"tag-honda-hrc","12":"tag-luca-marini","13":"tag-moto","14":"tag-motocycle","15":"tag-motogp","16":"tag-sachsenring","17":"tag-sports"},"share_on_mastodon":{"url":"https:\/\/pubeurope.com\/@fr\/114852283435983684","error":""},"_links":{"self":[{"href":"https:\/\/www.europesays.com\/fr\/wp-json\/wp\/v2\/posts\/249616","targetHints":{"allow":["GET"]}}],"collection":[{"href":"https:\/\/www.europesays.com\/fr\/wp-json\/wp\/v2\/posts"}],"about":[{"href":"https:\/\/www.europesays.com\/fr\/wp-json\/wp\/v2\/types\/post"}],"author":[{"embeddable":true,"href":"https:\/\/www.europesays.com\/fr\/wp-json\/wp\/v2\/users\/2"}],"replies":[{"embeddable":true,"href":"https:\/\/www.europesays.com\/fr\/wp-json\/wp\/v2\/comments?post=249616"}],"version-history":[{"count":0,"href":"https:\/\/www.europesays.com\/fr\/wp-json\/wp\/v2\/posts\/249616\/revisions"}],"wp:featuredmedia":[{"embeddable":true,"href":"https:\/\/www.europesays.com\/fr\/wp-json\/wp\/v2\/media\/249617"}],"wp:attachment":[{"href":"https:\/\/www.europesays.com\/fr\/wp-json\/wp\/v2\/media?parent=249616"}],"wp:term":[{"taxonomy":"category","embeddable":true,"href":"https:\/\/www.europesays.com\/fr\/wp-json\/wp\/v2\/categories?post=249616"},{"taxonomy":"post_tag","embeddable":true,"href":"https:\/\/www.europesays.com\/fr\/wp-json\/wp\/v2\/tags?post=249616"}],"curies":[{"name":"wp","href":"https:\/\/api.w.org\/{rel}","templated":true}]}}