{"id":249626,"date":"2025-07-14T15:29:11","date_gmt":"2025-07-14T15:29:11","guid":{"rendered":"https:\/\/www.europesays.com\/fr\/249626\/"},"modified":"2025-07-14T15:29:11","modified_gmt":"2025-07-14T15:29:11","slug":"clap-de-fin-pour-zoom-sur-les-anciens-eleves-de-latelier-des-arts","status":"publish","type":"post","link":"https:\/\/www.europesays.com\/fr\/249626\/","title":{"rendered":"Clap de fin pour \u00ab\u00a0Zoom sur les anciens \u00e9l\u00e8ves\u00a0\u00bb de l&rsquo;Atelier des Arts"},"content":{"rendered":"<p>42 portraits, 42 chemins d\u2019artistes et de professionnels de l\u2019ombre&#8230; mis en lumi\u00e8re.\u00a0Lanc\u00e9e en septembre 2024, apr\u00e8s dix mois de rendez-vous hebdomadaires, le conservatoire de l\u2019agglom\u00e9ration du Puy-en-Velay \u00ab Les Ateliers des Arts \u00bb cl\u00f4turent aujourd\u2019hui la s\u00e9rie \u00ab Zoom sur les anciens \u00e9l\u00e8ves \u00bb.<\/p>\n<p>Chaque mardi, \u00ab Les Ateliers des Arts \u00bb ont d\u00e9voil\u00e9 au grand public un nouveau visage d\u2019anciens \u00e9l\u00e8ves du conservatoire qui exercent une activit\u00e9 professionnelle dans le domaine des arts et de la culture : com\u00e9diens, musiciens, danseurs, mais aussi r\u00e9gisseurs, charg\u00e9s de production ou administrateur culturel&#8230; Ils se sont pr\u00eat\u00e9s au jeu de r\u00e9pondre aux questions et de partager leurs souvenirs et ce qu\u2019ils sont devenus aujourd\u2019hui.<\/p>\n<blockquote>\n<p>Parole de<a href=\"https:\/\/www.ateliersdesarts.fr\/luke-rivet\/\" rel=\"noopener nofollow\" target=\"_blank\"> Luke Rivet<\/a>, ancien de l&rsquo;Atelier des Arts : \u00ab\u00a0La seule limite que vous devez avoir, que l\u2019on parle d\u2019ambition professionnelle, ou de projets musicaux, c\u2019est celle que vous vous fixez, pas celle que les autres vous dicte. Investissez-vous, foncez et faites nous r\u00eaver !\u00a0\u00bb<\/p>\n<\/blockquote>\n<p class=\"s-title4\">Chaque portrait est un voyage dans le temps<\/p>\n<p>Pour certains t\u00e9moignages, ce sont des anecdotes dr\u00f4les, des souvenirs touchants. Mais ce qui ressort de ces entretiens, c\u2019est l\u2019importance des ateliers des arts dans leur construction personnelle et professionnelle.<\/p>\n<p>Pour beaucoup, le conservatoire est bien plus qu\u2019un lieu d\u2019apprentissage, c\u2019est un lieu de rencontre des autres et de soi-m\u00eame, mais aussi un lieu d\u2019\u00e9panouissement fa\u00e7onn\u00e9 par le travail, la discipline, la rigueur, l\u2019exigence et l\u2019apprentissage.<\/p>\n<p>Il est aussi comme une deuxi\u00e8me maison : foyer de bienveillance et de passion, atelier collectif de d\u00e9couvertes et de partages.<\/p>\n<blockquote>\n<p>\u00c0 la requ\u00eate de partager un conseil pour les futures \u00e9l\u00e8ves de l&rsquo;Atelier des Arts, <a href=\"https:\/\/www.ateliersdesarts.fr\/nicolas-trescarte\/\" rel=\"noopener nofollow\" target=\"_blank\">Nicolas Trescarte<\/a>, \u00ab\u00a0ancien\u00a0\u00bb de l&rsquo;\u00e9cole, souffle\u00a0 : \u00ab\u00a0Partagez un maximum d\u2019exp\u00e9rience avec les autres dans tous les styles musicaux. La musique est plus riche qu\u2019on ne croit\u00a0\u00bb<\/p>\n<\/blockquote>\n<p>                <img decoding=\"async\" loading=\"lazy\" src=\"https:\/\/www.europesays.com\/fr\/wp-content\/uploads\/2025\/07\/nci_tres.jpg\" width=\"820\" height=\"511\" alt=\"Nicolas Trescarte, \u00e0 pr\u00e9sent facteur d\u2019instruments \u00e0 vent et co-g\u00e9rant de A Tempo. \" class=\"image-style-medium\"\/><\/p>\n<p>                            Nicolas Trescarte, \u00e0 pr\u00e9sent facteur d\u2019instruments \u00e0 vent et co-g\u00e9rant de A Tempo. <\/p>\n<p>                                Photo par       Atelier des Arts<\/p>\n<p>Ainsi, \u00e0 travers les 42 portraits, les anciens \u00e9l\u00e8ves, par leurs regards crois\u00e9s offrent un v\u00e9ritable cadeau aux g\u00e9n\u00e9rations futures sur la diversit\u00e9 des chemins possibles dans le domaine artistique et culturel, qu\u2019ils soient dans l\u2019ombre ou dans la lumi\u00e8re.<\/p>\n<p>Pour retrouver, ces portraits sur le site internet des ateliers des arts, c&rsquo;est sur ces notes de ziq que \u00e7a se passe <a href=\"https:\/\/www.ateliersdesarts.fr\/category\/zoom-anciens-eleves\/\" rel=\"noopener nofollow\" target=\"_blank\">\u266a\u266b\u266a\u266a\u266a\u266b\u266a\u266b\u266b\u266b\u266b<\/a><\/p>\n<p>\u00a0<\/p>\n<p>\u00a0<\/p>\n","protected":false},"excerpt":{"rendered":"42 portraits, 42 chemins d\u2019artistes et de professionnels de l\u2019ombre&#8230; mis en lumi\u00e8re.\u00a0Lanc\u00e9e en septembre 2024, apr\u00e8s dix&hellip;\n","protected":false},"author":2,"featured_media":249627,"comment_status":"","ping_status":"","sticky":false,"template":"","format":"standard","meta":{"footnotes":""},"categories":[1358],"tags":[1348,1384,1385,1386,58,59,1011,27],"class_list":{"0":"post-249626","1":"post","2":"type-post","3":"status-publish","4":"format-standard","5":"has-post-thumbnail","7":"category-arts-et-design","8":"tag-arts","9":"tag-arts-and-design","10":"tag-arts-et-design","11":"tag-design","12":"tag-divertissement","13":"tag-entertainment","14":"tag-fr","15":"tag-france"},"share_on_mastodon":{"url":"https:\/\/pubeurope.com\/@fr\/114852303006900204","error":""},"_links":{"self":[{"href":"https:\/\/www.europesays.com\/fr\/wp-json\/wp\/v2\/posts\/249626","targetHints":{"allow":["GET"]}}],"collection":[{"href":"https:\/\/www.europesays.com\/fr\/wp-json\/wp\/v2\/posts"}],"about":[{"href":"https:\/\/www.europesays.com\/fr\/wp-json\/wp\/v2\/types\/post"}],"author":[{"embeddable":true,"href":"https:\/\/www.europesays.com\/fr\/wp-json\/wp\/v2\/users\/2"}],"replies":[{"embeddable":true,"href":"https:\/\/www.europesays.com\/fr\/wp-json\/wp\/v2\/comments?post=249626"}],"version-history":[{"count":0,"href":"https:\/\/www.europesays.com\/fr\/wp-json\/wp\/v2\/posts\/249626\/revisions"}],"wp:featuredmedia":[{"embeddable":true,"href":"https:\/\/www.europesays.com\/fr\/wp-json\/wp\/v2\/media\/249627"}],"wp:attachment":[{"href":"https:\/\/www.europesays.com\/fr\/wp-json\/wp\/v2\/media?parent=249626"}],"wp:term":[{"taxonomy":"category","embeddable":true,"href":"https:\/\/www.europesays.com\/fr\/wp-json\/wp\/v2\/categories?post=249626"},{"taxonomy":"post_tag","embeddable":true,"href":"https:\/\/www.europesays.com\/fr\/wp-json\/wp\/v2\/tags?post=249626"}],"curies":[{"name":"wp","href":"https:\/\/api.w.org\/{rel}","templated":true}]}}