{"id":249655,"date":"2025-07-14T15:46:14","date_gmt":"2025-07-14T15:46:14","guid":{"rendered":"https:\/\/www.europesays.com\/fr\/249655\/"},"modified":"2025-07-14T15:46:14","modified_gmt":"2025-07-14T15:46:14","slug":"coupez-le-moteur-sil-vous-plait-ils-traquent-les-infractions-en-mer","status":"publish","type":"post","link":"https:\/\/www.europesays.com\/fr\/249655\/","title":{"rendered":"\u00ab\u00a0Coupez le moteur, s\u2019il vous pla\u00eet\u00a0\u00bb: ils traquent les infractions en mer"},"content":{"rendered":"<p>De la baie de Sanary jusqu\u2019\u00e0 Bandol et autour des \u00eeles des Bendor et des Embiez, le plan d\u2019eau est relativement calme en ce week-end de la mi-juillet. Une mer l\u00e9g\u00e8rement form\u00e9e a s\u00fbrement d\u00e9cid\u00e9 certains plaisanciers de ne pas larguer les amarres. Pour ceux qui barbotent, difficile d\u2019\u00e9chapper en ce 12 juillet \u00e0 la vigilance des forces de l\u2019ordre en mer. Mobilis\u00e9es pour une op\u00e9ration conjointe \u00ab\u00a0s\u00e9curit\u00e9 mer\u00a0\u00bb, l\u2019unit\u00e9 littorale des Affaires maritimes du Var, la police nationale et la gendarmerie maritime quadrillent le secteur.<\/p>\n<p>Leur but: contr\u00f4ler la r\u00e9gularit\u00e9 des bateaux \u00e0 moteur et les scooters des mers, mais aussi tout pratiquant d\u2019une activit\u00e9 nautique (plong\u00e9e, kitesurf, wingfoil&#8230;). Mais aussi s\u2019assurer des bons comportements pour ne pas d\u00e9t\u00e9riorer la posidonie au mouillage ou en cas de d\u00e9tresse.<\/p>\n<p>En baie de Sanary, voil\u00e0 que l\u2019imposant semi-rigide de dix m\u00e8tres de long de la police nationale a mis les gaz et prend en chasse un bateau \u00e0 moteur qui file un peu trop vite sur l\u2019eau en direction de la pointe de la Cride. \u00c0 la barre, Bruno, le chef de la brigade nautique d\u00e9partementale a rep\u00e9r\u00e9 l\u2019infraction. \u00ab\u00a0Quand on d\u00e9passe les 5 n\u0153uds autoris\u00e9s dans la bande des 300m\u00e8tres depuis le littoral, le bateau cr\u00e9e un sillage. L\u00e0, je me cale \u00e0 sa vitesse. \u00a0\u00bb \u00c0 bord, le radar indique une vitesse de 14 n\u0153uds. Le pilote allume le gyrophare et fait hurler la sir\u00e8ne.<\/p>\n<p>Le capitaine du bateau de plaisance est vite rejoint. \u00c0 l\u2019avant, K\u00e9vin et Christophe prennent le relais. \u00ab\u00a0Bonjour, coupez le moteur, on proc\u00e8de \u00e0 un contr\u00f4le \u00ab\u00a0.<\/p>\n<p>              <img ci-src=\"https:\/\/www.varmatin.com\/securite\/protec\/DATA_ART_15897213-AbOwpcBu.jpg?vh=635fb4&amp;ci_seal=3312872773\" alt=\"\"\/><br \/>\n        Les scooters des mers sont dans le collimateur des policiers.&#13;<br \/>\n <strong>Photo camille dodet.<\/strong> <\/p>\n<p>                                <strong>\u00ab\u00a0L\u2019extincteur est p\u00e9rim\u00e9 depuis 2022\u00a0\u00bb<\/strong><\/p>\n<p>D\u2019identit\u00e9, du permis de bateau, des gilets de sauvetage, du double coupe-circuit, de la lampe \u00e9tanche en \u00e9tat de marche et de l\u2019extincteur. K\u00e9vin brandit la bonbonne. \u00ab\u00a0Elle est p\u00e9rim\u00e9e depuis 2022, Monsieur \u00ab\u00a0. \u00ab\u00a0Ah, zut, je ne savais pas\u00a0\u00bb, conc\u00e8de celui qui arbore un tee-shirt \u00ab\u00a0capitaine Bruno\u00a0\u00bb, devant les yeux un peu inquiets des autres passagers. D\u2019autant qu\u2019il a oubli\u00e9 sa pi\u00e8ce d\u2019identit\u00e9 \u00e0 terre.<\/p>\n<p>La sentence tombe. Par un autre Bruno. \u00ab\u00a0<strong>On ne va pas vous verbaliser pour l\u2019exc\u00e8s de vitesse car il n\u2019y avait pas de baigneur et aucun danger. Par contre, on vous convoque pour d\u00e9faut de mat\u00e9riel de s\u00e9curit\u00e9.<\/strong>\u00a0\u00bb \u00c7a parlemente de bord \u00e0 bord. Finalement, les deux parties s\u2019accordent pour se retrouver en mer un peu plus tard pour \u00e9tablir l\u2019amende sans sacrifier la balade des contrevenants. <strong>Pr\u00e8s de 150 euros pour un extincteur qui en co\u00fbte 15, \u00e7a fait cher l\u2019oubli\u2026<\/strong><\/p>\n<p>\u00ab\u00a0Notre but est que les gens comprennent. L\u00e0, on n\u2019allait pas l\u2019assassiner mais je pense que la prochaine fois, il contr\u00f4lera son mat\u00e9riel avant de prendre la mer \u00ab\u00a0, r\u00e9sume Bruno, attach\u00e9 au bon feeling des situations.<\/p>\n<p><strong>\u0152uvre de p\u00e9dagogie<\/strong><\/p>\n<p>Illustr\u00e9 un peu plus t\u00f4t avec un simple conseil donn\u00e9 \u00e0 un autre propri\u00e9taire de bateau qui n\u2019avait pas attach\u00e9 le coupe-circuit \u00e0 son poignet et qui montrait des signes de nervosit\u00e9 au moment de d\u00e9baller tout ce qu\u2019on lui demandait. \u00ab\u00a0<strong>Si vous passez par-dessus bord, le temps que quelqu\u2019un d\u2019autre coupe le moteur, on fait de la viande hach\u00e9e<\/strong>\u00ab\u00a0, lance cr\u00fbment K\u00e9vin.<\/p>\n<p>Plus tard, un homme sur un scooter des mers se fait contr\u00f4ler. Ce garagiste joue carte sur table: \u00ab\u00a0D\u00e9sol\u00e9, je n\u2019ai rien sur moi, je suis en tort&#8230;\u00a0\u00bb Ni papiers, ni permis pour cet engin qu\u2019il a mis \u00e0 l\u2019eau pour l\u2019essayer avant de le revendre. Pri\u00e9 de regagner la c\u00f4te, il a \u00e9t\u00e9 convoqu\u00e9 au commissariat de Toulon le lendemain matin pour r\u00e9pondre de sa l\u00e9g\u00e8ret\u00e9.<\/p>\n<p>Au fil des rencontres, les trois policiers font \u0153uvre de p\u00e9dagogie et n\u2019h\u00e9sitent pas \u00e0 d\u00e9tendre tout le monde quand \u00e7a se passe bien. \u00ab\u00a0Il y a une constance: il manque toujours un truc mais dans l\u2019ensemble \u00e7a se passe bien. Les gens sont compr\u00e9hensifs m\u00eame quand on verbalise. On ne constate pas d\u2019\u00e9volution des comportements\u00a0\u00bb, assurent-ils.<\/p>\n<p><strong>Deux \u00e9quipes de trois personnes se relaient du 15 juin au 15 septembre<\/strong> pour assurer leur mission de s\u00e9curit\u00e9 en mer depuis leur port d\u2019attache: la base navale de Toulon. \u00ab\u00a0On a tous des profils diff\u00e9rents alors \u00eatre en mer, c\u2019est une parenth\u00e8se, une r\u00e9invention de nos m\u00e9tiers\u00a0\u00bb, se r\u00e9jouit Bruno, en responsabilit\u00e9 depuis 2021. Avec ses coll\u00e8gues, il s\u2019efforce de rendre celles des plaisanciers, sinon agr\u00e9able, du moins responsable.<\/p>\n","protected":false},"excerpt":{"rendered":"De la baie de Sanary jusqu\u2019\u00e0 Bandol et autour des \u00eeles des Bendor et des Embiez, le plan&hellip;\n","protected":false},"author":2,"featured_media":249656,"comment_status":"","ping_status":"","sticky":false,"template":"","format":"standard","meta":{"footnotes":""},"categories":[9619],"tags":[1111,11,1777,674,1011,27,12,882,25,656,2310],"class_list":{"0":"post-249655","1":"post","2":"type-post","3":"status-publish","4":"format-standard","5":"has-post-thumbnail","7":"category-toulon","8":"tag-actu","9":"tag-actualites","10":"tag-eu","11":"tag-europe","12":"tag-fr","13":"tag-france","14":"tag-news","15":"tag-provence-alpes-cote-dazur","16":"tag-republique-francaise","17":"tag-securite","18":"tag-toulon"},"share_on_mastodon":{"url":"https:\/\/pubeurope.com\/@fr\/114852369736527655","error":""},"_links":{"self":[{"href":"https:\/\/www.europesays.com\/fr\/wp-json\/wp\/v2\/posts\/249655","targetHints":{"allow":["GET"]}}],"collection":[{"href":"https:\/\/www.europesays.com\/fr\/wp-json\/wp\/v2\/posts"}],"about":[{"href":"https:\/\/www.europesays.com\/fr\/wp-json\/wp\/v2\/types\/post"}],"author":[{"embeddable":true,"href":"https:\/\/www.europesays.com\/fr\/wp-json\/wp\/v2\/users\/2"}],"replies":[{"embeddable":true,"href":"https:\/\/www.europesays.com\/fr\/wp-json\/wp\/v2\/comments?post=249655"}],"version-history":[{"count":0,"href":"https:\/\/www.europesays.com\/fr\/wp-json\/wp\/v2\/posts\/249655\/revisions"}],"wp:featuredmedia":[{"embeddable":true,"href":"https:\/\/www.europesays.com\/fr\/wp-json\/wp\/v2\/media\/249656"}],"wp:attachment":[{"href":"https:\/\/www.europesays.com\/fr\/wp-json\/wp\/v2\/media?parent=249655"}],"wp:term":[{"taxonomy":"category","embeddable":true,"href":"https:\/\/www.europesays.com\/fr\/wp-json\/wp\/v2\/categories?post=249655"},{"taxonomy":"post_tag","embeddable":true,"href":"https:\/\/www.europesays.com\/fr\/wp-json\/wp\/v2\/tags?post=249655"}],"curies":[{"name":"wp","href":"https:\/\/api.w.org\/{rel}","templated":true}]}}