{"id":249663,"date":"2025-07-14T15:50:09","date_gmt":"2025-07-14T15:50:09","guid":{"rendered":"https:\/\/www.europesays.com\/fr\/249663\/"},"modified":"2025-07-14T15:50:09","modified_gmt":"2025-07-14T15:50:09","slug":"tour-de-france-pierrette-la-tortue-yvonne-on-recapitule-les-infos-de-la-semaine-a-rouen","status":"publish","type":"post","link":"https:\/\/www.europesays.com\/fr\/249663\/","title":{"rendered":"Tour de France, Pierrette la tortue, Yvonne&#8230; On r\u00e9capitule les infos de la semaine \u00e0 Rouen"},"content":{"rendered":"<p>            Par<br \/>\n        <strong><br \/>\n            <a href=\"https:\/\/actu.fr\/auteur\/yann-rivallan\" title=\"Consulter tous les articles de Yann Rivallan\" rel=\"nofollow noopener\" target=\"_blank\">Yann Rivallan<\/a><br \/>\n        <\/strong><\/p>\n<p>        Publi\u00e9 le<\/p>\n<p>            14 juil. 2025 \u00e0 17h06        <\/p>\n<p>Il s\u2019en est pass\u00e9 des choses une fois encore \u00e0 <a href=\"https:\/\/actu.fr\/normandie\/rouen_76540\" rel=\"nofollow noopener\" target=\"_blank\">Rouen<\/a> (Seine-Maritime). Entre le 7 et le 13\u00a0juillet 2025, l\u2019actualit\u00e9 a \u00e9t\u00e9 charg\u00e9e. Vous n\u2019avez peut-\u00eatre pas eu le temps de tout suivre\u2009? La r\u00e9daction a pr\u00e9par\u00e9 un r\u00e9capitulatif <strong>des informations essentielles<\/strong> de la semaine dans la capitale normande.<\/p>\n<p>Les infos de la semaine<\/p>\n<p class=\"expresso-item wall-content\"><a title=\"Lire l&#039;article\" href=\"https:\/\/actu.fr\/normandie\/rouen_76540\/immeubles-verre-et-acier-a-rouen-la-demolition-a-demarre-pour-creer-un-quartier-flambant-neuf_62877808.html\" rel=\"nofollow noopener\" target=\"_blank\"><strong>Immeubles verre et acier \u00e0 Rouen\u2009: la d\u00e9molition a d\u00e9marr\u00e9 pour cr\u00e9er un quartier flambant neuf<\/strong><\/a><br \/>La destruction des immeubles verre et acier rive gauche \u00e0 Rouen (Seine-Maritime)\u2009: 10 tours mises \u00e0 terre pour laisser place \u00e0 un nouveau et vaste programme immobilier.<\/p>\n<p class=\"expresso-item wall-content\"><a title=\"Lire l&#039;article\" href=\"https:\/\/actu.fr\/normandie\/rouen_76540\/la-grande-mosquee-de-rouen-s-agrandit-pour-passer-d-une-capacite-d-accueil-de-700-a-1-800-fideles_62850834.html\" rel=\"nofollow noopener\" target=\"_blank\"><strong>La Grande mosqu\u00e9e de Rouen s\u2019agrandit pour passer d\u2019une capacit\u00e9 d\u2019accueil de 700 \u00e0 1\u2009800 fid\u00e8les<\/strong><\/a><br \/>La Grande mosqu\u00e9e de Rouen (Seine-Maritime), la mosqu\u00e9e Al Kaouthar a proc\u00e9d\u00e9 \u00e0 d\u2019importants travaux d\u2019agrandissement, impliquant la construction d\u2019un b\u00e2timent neuf.<\/p>\n<p class=\"expresso-item wall-content\"><a title=\"Lire l&#039;article\" href=\"https:\/\/actu.fr\/normandie\/rouen_76540\/le-tour-de-france-arrive-a-rouen-la-fete-et-les-coulisses-a-suivre-en-direct_62875764.html\" rel=\"nofollow noopener\" target=\"_blank\"><strong>Ambiance, caravane, interpellation\u2026 Revivez l\u2019arriv\u00e9e du Tour de France \u00e0 Rouen<\/strong><\/a><br \/>Ce mardi 8\u00a0juillet 2025, la quatri\u00e8me \u00e9tape du Tour de France s\u2019est achev\u00e9e \u00e0 Rouen. Ambiance, images, coup de th\u00e9\u00e2tre\u2026 Revivez l\u2019\u00e9v\u00e9nement.<\/p>\n<p class=\"expresso-item wall-content\"><a title=\"Lire l&#039;article\" href=\"https:\/\/actu.fr\/normandie\/rouen_76540\/ce-que-l-on-sait-de-l-homme-qui-a-brandi-un-couteau-au-tour-de-france-a-rouen_62885707.html\" rel=\"nofollow noopener\" target=\"_blank\"><strong>Ce que l\u2019on sait de l\u2019homme qui a brandi un couteau au Tour de France \u00e0 Rouen<\/strong><\/a><br \/>Le procureur de la R\u00e9publique de Rouen a d\u00e9livr\u00e9 de nouveaux d\u00e9tails sur l\u2019homme qui a sorti un couteau en marge du Tour de France \u00e0 Rouen ce mardi 8\u00a0juillet 2025.<\/p>\n<p class=\"expresso-item wall-content\"><a title=\"Lire l&#039;article\" href=\"https:\/\/actu.fr\/normandie\/rouen_76540\/pierrette-la-tortue-jetee-a-la-poubelle-recueillie-in-extremis-par-l-agent-du-centre-de-tri-de-rouen_62877410.html\" rel=\"nofollow noopener\" target=\"_blank\"><strong>Pierrette la tortue, jet\u00e9e \u00e0 la poubelle, recueillie in extremis par l\u2019agent du centre de tri de Rouen<\/strong><\/a><br \/>Mardi 1er\u00a0juillet 2025, une tortue a \u00e9t\u00e9 d\u00e9couverte au milieu des d\u00e9chets dans le centre de tri du Sm\u00e9dar \u00e0 Rouen. L\u2019animal, bless\u00e9, a \u00e9t\u00e9 recueilli par Jeanne, une employ\u00e9e.<\/p>\n<p class=\"expresso-item wall-content\"><a title=\"Lire l&#039;article\" href=\"https:\/\/actu.fr\/normandie\/rouen_76540\/rouen-pourquoi-le-projet-de-musee-au-chai-a-vin-risque-de-prendre-encore-du-retard_62890389.html\" rel=\"nofollow noopener\" target=\"_blank\"><strong>Rouen. Pourquoi le projet de mus\u00e9e au chai \u00e0 vin risque de prendre (encore) du retard<\/strong><\/a><br \/>Lors du dernier conseil m\u00e9tropolitain, le projet de mus\u00e9e au chai \u00e0 vin \u00e0 Rouen (Seine-Maritime) aurait pu conna\u00eetre un bond en avant. Mais \u00e7a n\u2019a pas \u00e9t\u00e9 le cas. On vous explique.<\/p>\n<p class=\"expresso-item wall-content\"><a title=\"Lire l&#039;article\" href=\"https:\/\/actu.fr\/normandie\/rouen_76540\/problemes-sanitaires-retards-de-salaires-chez-yvonne-a-rouen-un-envers-du-decor-peu-reluisant_62854503.html\" rel=\"nofollow noopener\" target=\"_blank\"><strong>Probl\u00e8mes sanitaires, retards de salaires\u2026 Chez Yvonne \u00e0 Rouen, un envers du d\u00e9cor peu reluisant<\/strong><\/a><br \/>Des salari\u00e9s des boulangeries-p\u00e2tisseries Yvonne de Rouen t\u00e9moignent de leurs conditions de travail. Plong\u00e9e dans les coulisses d\u2019une entreprise en grande difficult\u00e9 financi\u00e8re.<\/p>\n<p>Bon \u00e0 savoir \u00e0 Rouen<\/p>\n<p class=\"expresso-item wall-content\"><a title=\"Lire l&#039;article\" href=\"https:\/\/actu.fr\/normandie\/rouen_76540\/ca-manquait-a-rouen-un-bar-specialise-dans-les-flechettes-va-ouvrir-dans-le-centre-ville_62863506.html\" rel=\"nofollow noopener\" target=\"_blank\"><strong>\u00ab\u2009\u00c7a manquait \u00e0 Rouen\u2009\u00bb\u2009: un bar sp\u00e9cialis\u00e9 dans les fl\u00e9chettes va ouvrir dans le centre-ville<\/strong><\/a><br \/>D\u2019ici quelques mois, deux amis de longue date vont ouvrir un bar d\u00e9di\u00e9 exclusivement aux fl\u00e9chettes. Un concept in\u00e9dit \u00e0 Rouen qui sera ouvert aux experts et aux d\u00e9butants.<\/p>\n<p class=\"expresso-item wall-content\"><a title=\"Lire l&#039;article\" href=\"https:\/\/actu.fr\/normandie\/rouen_76540\/nouveau-a-rouen-une-amoureuse-de-la-cuisine-italienne-ouvre-un-restaurant-rue-eau-de-robec_62890240.html\" rel=\"nofollow noopener\" target=\"_blank\"><strong>Nouveau \u00e0 Rouen\u2009: une \u00ab\u2009amoureuse de la cuisine italienne\u2009\u00bb ouvre un restaurant rue Eau-de-Robec<\/strong><\/a><br \/>Un nouveau restaurant a ouvert ses portes rue Eau-de-Robec \u00e0 Rouen (Seine-Maritime)\u2009: Bambini, une enseigne de cuisine italienne. Pr\u00e9sentation.<\/p>\n<p class=\"expresso-item wall-content\"><a title=\"Lire l&#039;article\" href=\"https:\/\/actu.fr\/normandie\/rouen_76540\/le-centre-pompidou-debarque-autour-de-rouen-tout-savoir-sur-l-exposition-en-voyage_62856651.html\" rel=\"nofollow noopener\" target=\"_blank\"><strong>Le Centre Pompidou d\u00e9barque autour de Rouen\u2009: tout savoir sur l\u2019exposition En Voyage<\/strong><\/a><br \/>Une vingtaine d\u2019\u0153uvres du Centre Pompidou sont en tourn\u00e9e dans la m\u00e9tropole rouennaise, \u00e0 bord d\u2019un camion-mus\u00e9e, du 30\u00a0juin au 11\u00a0juillet et du 1er au 19\u00a0septembre 2025.<\/p>\n<p class=\"expresso-item wall-content\"><a title=\"Lire l&#039;article\" href=\"https:\/\/actu.fr\/normandie\/le-petit-quevilly_76498\/nouveau-sur-la-rive-gauche-de-rouen-un-cafe-associatif-dans-un-lieu-remarquable_62893680.html\" rel=\"nofollow noopener\" target=\"_blank\"><strong>Nouveau sur la rive gauche de Rouen\u2009: un caf\u00e9 associatif dans un lieu remarquable<\/strong><\/a><br \/>Un caf\u00e9 associatif a ouvert ses portes au Kal\u00e9idoscope, tiers-lieu du Petit-Quevilly (Seine-Maritime), le Caf\u00e9 Jardin, qui organise plusieurs \u00e9v\u00e9nements au mois de juillet.<\/p>\n<p class=\"expresso-item wall-content\"><a title=\"Lire l&#039;article\" href=\"https:\/\/actu.fr\/normandie\/rouen_76540\/mangez-entre-les-chefs-d-oeuvre-du-musee-des-beaux-arts-de-rouen-avec-le-nouveau-restaurant-cafe-sculptures_62905797.html\" rel=\"nofollow noopener\" target=\"_blank\"><strong>Mangez entre les chefs d\u2019\u0153uvre du mus\u00e9e des Beaux-Arts de Rouen avec le nouveau restaurant Caf\u00e9 Sculptures<\/strong><\/a><br \/>Amira Brahimi a inaugur\u00e9, ce samedi 12\u00a0juillet 2025, son Caf\u00e9 Sculptures. Il s\u2019agit du nouveau restaurant du mus\u00e9e des Beaux-Arts de Rouen plac\u00e9 directement sous la verri\u00e8re.<\/p>\n<p class=\"expresso-item wall-content\"><a title=\"Lire l&#039;article\" href=\"https:\/\/actu.fr\/normandie\/rouen_76540\/une-boisson-au-milieu-des-plantes-un-cafe-jardinerie-inedit-ouvre-en-centre-ville-de-rouen-a-la-rentree_62900732.html\" rel=\"nofollow noopener\" target=\"_blank\"><strong>Une boisson au milieu des plantes\u2009? Un caf\u00e9 jardinerie in\u00e9dit ouvre en centre-ville de Rouen \u00e0 la rentr\u00e9e<\/strong><\/a><br \/>La jardinerie Mimimosa, situ\u00e9e au Quartier Libre de Rouen, d\u00e9m\u00e9nage rue Cauchoise en septembre. La g\u00e9rante, Migueline Lemesle, la couple avec un caf\u00e9 pour plus de convivialit\u00e9.<\/p>\n<p>Suivez l\u2019actualit\u00e9 de Rouen sur <a href=\"https:\/\/www.whatsapp.com\/channel\/0029VaKfnf99hXF2ddApFB1D\" rel=\"nofollow noopener\" target=\"_blank\">notre cha\u00eene WhatsApp<\/a> et sur <a href=\"https:\/\/www.tiktok.com\/@76actu.fr?lang=fr\" rel=\"nofollow noopener\" target=\"_blank\">notre compte TikTok<\/a><\/p>\n<p class=\" wall-content\">Suivez toute l\u2019actualit\u00e9 de vos villes et m\u00e9dias favoris en vous inscrivant \u00e0 <a href=\"https:\/\/moncompte.actu.fr\" title=\"D\u00e9couvez Mon Actu\" rel=\"nofollow noopener\" data-trk=\"{&quot;cta&quot;:{&quot;action&quot;:&quot;https:\\\/\\\/moncompte.actu.fr&quot;,&quot;category&quot;:&quot;mon compte&quot;,&quot;from&quot;:&quot;article footer&quot;,&quot;name&quot;:&quot;Mon actu&quot;,&quot;type&quot;:&quot;cta&quot;}}\" target=\"_blank\">Mon Actu<\/a>.<\/p>\n<p>                    <script async src=\"\/\/www.tiktok.com\/embed.js\"><\/script><\/p>\n","protected":false},"excerpt":{"rendered":"Par Yann Rivallan Publi\u00e9 le 14 juil. 2025 \u00e0 17h06 Il s\u2019en est pass\u00e9 des choses une fois&hellip;\n","protected":false},"author":2,"featured_media":249664,"comment_status":"","ping_status":"","sticky":false,"template":"","format":"standard","meta":{"footnotes":""},"categories":[9587],"tags":[1111,11,9086,1777,674,1011,27,12,5161,25,9590,104],"class_list":{"0":"post-249663","1":"post","2":"type-post","3":"status-publish","4":"format-standard","5":"has-post-thumbnail","7":"category-rouen","8":"tag-actu","9":"tag-actualites","10":"tag-bon-plan-a-rouen","11":"tag-eu","12":"tag-europe","13":"tag-fr","14":"tag-france","15":"tag-news","16":"tag-normandie","17":"tag-republique-francaise","18":"tag-rouen","19":"tag-societe"},"share_on_mastodon":{"url":"https:\/\/pubeurope.com\/@fr\/114852385427995015","error":""},"_links":{"self":[{"href":"https:\/\/www.europesays.com\/fr\/wp-json\/wp\/v2\/posts\/249663","targetHints":{"allow":["GET"]}}],"collection":[{"href":"https:\/\/www.europesays.com\/fr\/wp-json\/wp\/v2\/posts"}],"about":[{"href":"https:\/\/www.europesays.com\/fr\/wp-json\/wp\/v2\/types\/post"}],"author":[{"embeddable":true,"href":"https:\/\/www.europesays.com\/fr\/wp-json\/wp\/v2\/users\/2"}],"replies":[{"embeddable":true,"href":"https:\/\/www.europesays.com\/fr\/wp-json\/wp\/v2\/comments?post=249663"}],"version-history":[{"count":0,"href":"https:\/\/www.europesays.com\/fr\/wp-json\/wp\/v2\/posts\/249663\/revisions"}],"wp:featuredmedia":[{"embeddable":true,"href":"https:\/\/www.europesays.com\/fr\/wp-json\/wp\/v2\/media\/249664"}],"wp:attachment":[{"href":"https:\/\/www.europesays.com\/fr\/wp-json\/wp\/v2\/media?parent=249663"}],"wp:term":[{"taxonomy":"category","embeddable":true,"href":"https:\/\/www.europesays.com\/fr\/wp-json\/wp\/v2\/categories?post=249663"},{"taxonomy":"post_tag","embeddable":true,"href":"https:\/\/www.europesays.com\/fr\/wp-json\/wp\/v2\/tags?post=249663"}],"curies":[{"name":"wp","href":"https:\/\/api.w.org\/{rel}","templated":true}]}}