{"id":249700,"date":"2025-07-14T16:13:27","date_gmt":"2025-07-14T16:13:27","guid":{"rendered":"https:\/\/www.europesays.com\/fr\/249700\/"},"modified":"2025-07-14T16:13:27","modified_gmt":"2025-07-14T16:13:27","slug":"la-fournaise-va-peu-a-peu-gagner-paris-et-lile-de-france-decouvrez-a-partir-de-quelle-date-il-pourrait-faire-40-degres","status":"publish","type":"post","link":"https:\/\/www.europesays.com\/fr\/249700\/","title":{"rendered":"La fournaise va peu \u00e0 peu gagner Paris et l&rsquo;\u00cele-de-France. D\u00e9couvrez \u00e0 partir de quelle date il pourrait faire 40 degr\u00e9s"},"content":{"rendered":"<p> <img decoding=\"async\" fetchpriority=\"high\" src=\"https:\/\/www.europesays.com\/fr\/wp-content\/uploads\/2025\/07\/dailymotion-x9m2fey_1024.jpg\"  width=\"768\" height=\"432\" id=\"x9m2fey\"\/>  <\/p>\n<p>Des temp\u00e9ratures plus que caniculaires sont attendues \u00e0 Paris et en \u00cele-de-France au cours des trois prochains jours. La barre des 40 degr\u00e9s pourrait rapidement \u00eatre approch\u00e9e, voire franchie. Voici \u00e0 quoi vous devez vous attendre.<\/p>\n<p>    <img decoding=\"async\" fetchpriority=\"high\" src=\"https:\/\/www.europesays.com\/fr\/wp-content\/uploads\/2025\/04\/marc-hay.jpg\" alt=\"Marc Hay\" width=\"40\" height=\"40\"\/>    <a class=\"nombre text-hv\" href=\"https:\/\/www.tameteo.com\/auteur\/marc-hay\/\" title=\"Marc Hay\" target=\"_blank\" rel=\"noopener\">Marc Hay<\/a>         30\/06\/2025 07:00   4 min   <\/p>\n<p><strong>C\u2019est parti pour trois jours d\u2019intense fournaise en \u00cele-de-France. <\/strong>Certes, les temp\u00e9ratures ont d\u00e9j\u00e0 \u00e9t\u00e9 chaudes au cours du week-end qui vient de s\u2019\u00e9couler, mais elles sont malgr\u00e9 tout rest\u00e9es raisonnables. <strong>Surtout, les valeurs n\u2019ont pas d\u00e9pass\u00e9 les 35 degr\u00e9s !<\/strong><\/p>\n<p>Avec le d\u00f4me de chaleur, cette barre des 35 degr\u00e9s sera tr\u00e8s certainement d\u00e9pass\u00e9e d\u00e8s cet apr\u00e8s-midi \u00e0 Paris et en r\u00e9gion parisienne. Pire encore : sous ce d\u00f4me de chaleur,<strong> les temp\u00e9ratures vont devenir intenables au fil des prochaines heures, <\/strong>avec des nuits plus que tropicales et des maximales en journ\u00e9e qui pourraient approcher, voire atteindre,<strong> les 40 degr\u00e9s d\u00e8s demain.<\/strong><\/p>\n<p><strong>La barre des 40 degr\u00e9s pourrait d\u2019ailleurs \u00eatre franchie<\/strong> \u00e0 Paris et en \u00cele-de-France d\u00e8s demain ou dans le courant de la journ\u00e9e de mercredi.<\/p>\n<p><strong>Cette fournaise va-t-elle se poursuivre au-del\u00e0 de mercredi ? <\/strong>Quelles sont les temp\u00e9ratures pr\u00e9vues au cours des quatre prochains jours ? Retrouvez nos toutes derni\u00e8res pr\u00e9visions dans cet article.<\/p>\n<p>Vigilance orange canicule <\/p>\n<p>La vigilance orange canicule \u00e9mise par M\u00e9t\u00e9o-France reste donc plus que jamais justifi\u00e9e. En effet, au cours des trois prochains jours,<strong> les temp\u00e9ratures vont largement atteindre, voire d\u00e9passer, les seuils fix\u00e9s<\/strong> pour d\u00e9clencher une telle alerte en r\u00e9gion parisienne.<\/p>\n<p><a class=\"imagen \" href=\"https:\/\/www.tameteo.com\/actualites\/actualite\/un-groupe-de-scientifiques-pointe-l-une-des-raisons-des-temperatures-record-des-dernieres-annees-sur-terre-science-planete.html\" title=\"Un groupe de scientifiques pointe l\u2019une des raisons des temp\u00e9ratures record des derni\u00e8res ann\u00e9es sur Terre\" target=\"_blank\" rel=\"noopener\"><img loading=\"lazy\" decoding=\"async\" fetchpriority=\"low\" class=\"lazy img-body non-editable\" src=\"https:\/\/www.europesays.com\/fr\/wp-content\/uploads\/2025\/07\/rapida-perdida-de-nubes-temperaturas-record-1750742375030_320.jpg\"  width=\"320\" height=\"225\" alt=\"Un groupe de scientifiques pointe l\u2019une des raisons des temp\u00e9ratures record des derni\u00e8res ann\u00e9es sur Terre\"\/><\/a><\/p>\n<p><strong>Cette vigilance ne devrait d\u2019ailleurs pas \u00eatre lev\u00e9e avant jeudi matin, <\/strong>date \u00e0 laquelle les temp\u00e9ratures devraient chuter de plus d\u2019une dizaine de degr\u00e9s !<\/p>\n<p><img loading=\"lazy\" decoding=\"async\" fetchpriority=\"low\" class=\"lazy \" src=\"https:\/\/www.europesays.com\/fr\/wp-content\/uploads\/2025\/07\/la-fournaise-va-peu-a-peu-gagner-paris-et-l-ile-de-france-decouvrez-a-partir-de-quelle-date-il-pourr.png\"  width=\"768\" height=\"432\" alt=\"Plus de 35 degr\u00e9s cet apr\u00e8s-midi !\" title=\"Plus de 35 degr\u00e9s cet apr\u00e8s-midi !\" data-image=\"sz6j9n5au5q8\"\/>Plus de 35 degr\u00e9s cet apr\u00e8s-midi !<\/p>\n<p>D\u00e8s cet apr\u00e8s-midi, sous un soleil de plomb,<strong> la barre des 35 degr\u00e9s sera franchie en r\u00e9gion parisienne.<\/strong> Jusqu\u2019\u00e0 36 degr\u00e9s sont attendus \u00e0 <a href=\"https:\/\/www.tameteo.com\/meteo-Europe-France-Ile+de+France-Paris-1-1-135-29-5461.html\" data-mrf-recirculation=\"cuerpo_intext\" target=\"_blank\" rel=\"noopener\">Paris<\/a>.<\/p>\n<p>Pr\u00e8s de 40 degr\u00e9s demain !<\/p>\n<p>Sous le d\u00f4me de chaleur, les temp\u00e9ratures vont encore grimper. La nuit prochaine s\u2019annonce difficile \u00e0 supporter, <strong>et les maximales en journ\u00e9e pourraient localement approcher la barre des 40 degr\u00e9s \u00e0 l\u2019ombre.<\/strong><\/p>\n<p><img loading=\"lazy\" decoding=\"async\" fetchpriority=\"low\" class=\"lazy \" src=\"https:\/\/www.europesays.com\/fr\/wp-content\/uploads\/2025\/07\/1752509602_869_la-fournaise-va-peu-a-peu-gagner-paris-et-l-ile-de-france-decouvrez-a-partir-de-quelle-date-il-pourr.png\"  width=\"768\" height=\"432\" alt=\"39\u00b0C \u00e0 Paris mardi apr\u00e8s-midi. Localement, des pointes \u00e0 pr\u00e8s de 40 degr\u00e9s.\" title=\"39\u00b0C \u00e0 Paris mardi apr\u00e8s-midi. Localement, des pointes \u00e0 pr\u00e8s de 40 degr\u00e9s.\" data-image=\"ur4ffg7hax07\"\/>39\u00b0C \u00e0 Paris mardi apr\u00e8s-midi. Localement, des pointes \u00e0 pr\u00e8s de 40 degr\u00e9s. <\/p>\n<p>Ce mardi apr\u00e8s-midi, le thermom\u00e8tre pourrait localement afficher, voire d\u00e9passer, <strong>la barre des 40 degr\u00e9s en r\u00e9gion parisienne.<\/strong><\/p>\n<p><a class=\"imagen \" href=\"https:\/\/www.tameteo.com\/actualites\/previsions\/canicule-en-france-une-mediterranee-en-surchauffe-vers-des-nuits-tropicales-et-des-records-dans-le-sud-est-previsions-meteo-temperatures-minimales-mer-eau.html\" title=\"Canicule en France : une M\u00e9diterran\u00e9e en surchauffe, vers des nuits tropicales et des records dans le Sud-Est ?\" target=\"_blank\" rel=\"noopener\"><img loading=\"lazy\" decoding=\"async\" fetchpriority=\"low\" class=\"lazy img-body non-editable\" src=\"https:\/\/www.europesays.com\/fr\/wp-content\/uploads\/2025\/07\/canicule-en-france-une-mediterranee-en-surchauffe-vers-des-nuits-tropicales-et-des-records-dans-le-s.png\"  width=\"320\" height=\"225\" alt=\"Canicule en France : une M\u00e9diterran\u00e9e en surchauffe, vers des nuits tropicales et des records dans le Sud-Est ?\"\/><\/a><\/p>\n<p><strong>\u00c0 Paris, une temp\u00e9rature de 39 degr\u00e9s est pour l\u2019instant pr\u00e9vue au parc Montsouris.<\/strong><\/p>\n<p>40 degr\u00e9s demain<\/p>\n<p>Avant l\u2019arriv\u00e9e d\u2019un air moins chaud attendu jeudi sur la r\u00e9gion parisienne, <strong>de l\u2019air encore br\u00fblant devrait s\u2019imposer mercredi apr\u00e8s-midi au-dessus de l\u2019<a href=\"https:\/\/www.tameteo.com\/meteo-Europe-France-Ile+de+France-1-1-135-29.html\" data-mrf-recirculation=\"cuerpo_intext\" target=\"_blank\" rel=\"noopener\">\u00cele-de-France<\/a>.<\/strong><\/p>\n<p><img loading=\"lazy\" decoding=\"async\" fetchpriority=\"low\" class=\"lazy \" src=\"https:\/\/www.europesays.com\/fr\/wp-content\/uploads\/2025\/07\/1752509604_218_la-fournaise-va-peu-a-peu-gagner-paris-et-l-ile-de-france-decouvrez-a-partir-de-quelle-date-il-pourr.png\"  width=\"768\" height=\"432\" alt=\"40 degr\u00e9s ou localement un peu plus mercredi apr\u00e8s-midi selon le mod\u00e8le europ\u00e9en.\" title=\"40 degr\u00e9s ou localement un peu plus mercredi apr\u00e8s-midi selon le mod\u00e8le europ\u00e9en.\" data-image=\"wrolarei3ucb\"\/>40 degr\u00e9s ou localement un peu plus mercredi apr\u00e8s-midi selon le mod\u00e8le europ\u00e9en. <\/p>\n<p>Comme le montre la carte ci-dessus, <strong>les temp\u00e9ratures pourraient localement approcher, voire d\u00e9passer, les 40 degr\u00e9s mercredi apr\u00e8s-midi. <\/strong>C\u2019est en tout cas la temp\u00e9rature pr\u00e9vue \u00e0 Paris pour mercredi apr\u00e8s-midi par le mod\u00e8le europ\u00e9en.<\/p>\n<p><img loading=\"lazy\" decoding=\"async\" fetchpriority=\"low\" class=\"lazy \" src=\"https:\/\/www.europesays.com\/fr\/wp-content\/uploads\/2025\/07\/1752509607_135_la-fournaise-va-peu-a-peu-gagner-paris-et-l-ile-de-france-decouvrez-a-partir-de-quelle-date-il-pourr.png\"  width=\"768\" height=\"432\" alt=\"Une v\u00e9ritable fournaise attendue en \u00cele-de-France entre mardi et mercredi.\" title=\"Une v\u00e9ritable fournaise attendue en \u00cele-de-France entre mardi et mercredi.\" data-image=\"zk44gnfzleb8\"\/>Une v\u00e9ritable fournaise attendue en \u00cele-de-France entre mardi et mercredi.<\/p>\n<p>On note toutefois l\u2019arriv\u00e9e d\u2019un air moins chaud par l\u2019ouest en fin de journ\u00e9e,<strong> ce qui permettra de retrouver des temp\u00e9ratures plus respirables d\u00e8s jeudi <\/strong>et de mettre fin \u00e0 la canicule en \u00cele-de-France.<\/p>\n","protected":false},"excerpt":{"rendered":"Des temp\u00e9ratures plus que caniculaires sont attendues \u00e0 Paris et en \u00cele-de-France au cours des trois prochains jours.&hellip;\n","protected":false},"author":2,"featured_media":249701,"comment_status":"","ping_status":"","sticky":false,"template":"","format":"standard","meta":{"footnotes":""},"categories":[1592],"tags":[1111,11,6698,13208,1777,674,34979,1011,27,662,2487,12,626,25],"class_list":{"0":"post-249700","1":"post","2":"type-post","3":"status-publish","4":"format-standard","5":"has-post-thumbnail","7":"category-ile-de-france","8":"tag-actu","9":"tag-actualites","10":"tag-canicule","11":"tag-chaleur","12":"tag-eu","13":"tag-europe","14":"tag-fournaise","15":"tag-fr","16":"tag-france","17":"tag-ile-de-france","18":"tag-meteo","19":"tag-news","20":"tag-paris","21":"tag-republique-francaise"},"share_on_mastodon":{"url":"https:\/\/pubeurope.com\/@fr\/114852476647183324","error":""},"_links":{"self":[{"href":"https:\/\/www.europesays.com\/fr\/wp-json\/wp\/v2\/posts\/249700","targetHints":{"allow":["GET"]}}],"collection":[{"href":"https:\/\/www.europesays.com\/fr\/wp-json\/wp\/v2\/posts"}],"about":[{"href":"https:\/\/www.europesays.com\/fr\/wp-json\/wp\/v2\/types\/post"}],"author":[{"embeddable":true,"href":"https:\/\/www.europesays.com\/fr\/wp-json\/wp\/v2\/users\/2"}],"replies":[{"embeddable":true,"href":"https:\/\/www.europesays.com\/fr\/wp-json\/wp\/v2\/comments?post=249700"}],"version-history":[{"count":0,"href":"https:\/\/www.europesays.com\/fr\/wp-json\/wp\/v2\/posts\/249700\/revisions"}],"wp:featuredmedia":[{"embeddable":true,"href":"https:\/\/www.europesays.com\/fr\/wp-json\/wp\/v2\/media\/249701"}],"wp:attachment":[{"href":"https:\/\/www.europesays.com\/fr\/wp-json\/wp\/v2\/media?parent=249700"}],"wp:term":[{"taxonomy":"category","embeddable":true,"href":"https:\/\/www.europesays.com\/fr\/wp-json\/wp\/v2\/categories?post=249700"},{"taxonomy":"post_tag","embeddable":true,"href":"https:\/\/www.europesays.com\/fr\/wp-json\/wp\/v2\/tags?post=249700"}],"curies":[{"name":"wp","href":"https:\/\/api.w.org\/{rel}","templated":true}]}}