{"id":249704,"date":"2025-07-14T16:15:11","date_gmt":"2025-07-14T16:15:11","guid":{"rendered":"https:\/\/www.europesays.com\/fr\/249704\/"},"modified":"2025-07-14T16:15:11","modified_gmt":"2025-07-14T16:15:11","slug":"son-combat-meconnu-pour-la-protection-des-arcades-de-la-rue-de-rivoli","status":"publish","type":"post","link":"https:\/\/www.europesays.com\/fr\/249704\/","title":{"rendered":"son combat m\u00e9connu pour la protection des arcades de la rue de Rivoli"},"content":{"rendered":"<p>            Par<br \/>\n        <strong><br \/>\n            <a href=\"https:\/\/actu.fr\/auteur\/sarah-coulet\" title=\"Consulter tous les articles de Sarah Coulet\" target=\"_blank\" rel=\"noopener\">Sarah Coulet<\/a><br \/>\n        <\/strong><\/p>\n<p>        Publi\u00e9 le<\/p>\n<p>            14 juil. 2025 \u00e0 17h19        <\/p>\n<p>Il \u00e9tait connu pour ses \u00e9missions \u00e0 succ\u00e8s, ses slogans publicitaires qui sont entr\u00e9s dans la t\u00eate de millions de Fran\u00e7ais, mais peut-\u00eatre moins pour son engagement pour la pr\u00e9servation des arcades de la <a href=\"https:\/\/actu.fr\/tag\/rue-de-rivoli\" target=\"_blank\" rel=\"noopener\">rue de Rivoli<\/a>. Pourtant, en 2015, <strong>Thierry Ardisson<\/strong> avait cr\u00e9\u00e9 \u00ab\u2009L\u2019association de d\u00e9fense des Arcades de Rivoli\u2009\u00bb. Dans son viseur\u2009: les commerces de bouche et de souvenirs.<\/p>\n<p>\u00ab\u2009Je suis scandalis\u00e9 par l\u2019\u00e9tat des arcades\u2009\u00bb<\/p>\n<p class=\" wall-content\">Amoureux de Paris, l\u2019animateur, qui est <a href=\"https:\/\/actu.fr\/societe\/l-animateur-et-producteur-thierry-ardisson-est-mort-a-76-ans_62908713.html\" target=\"_blank\" rel=\"noopener\">d\u00e9c\u00e9d\u00e9 ce lundi 14\u00a0juillet 2025<\/a>, \u00e9tait <strong>propri\u00e9taire d\u2019un appartement<\/strong> rue de Rivoli. Un bien acquis dans les ann\u00e9es 90 apr\u00e8s \u00ab\u2009un coup de foudre\u2009\u00bb, confiait-il en 2015 dans un magazine dont l\u2019interview a \u00e9t\u00e9 retranscrite sur <a href=\"http:\/\/www.adar.paris\/\" target=\"_blank\" rel=\"noopener\">le site de l\u2019association<\/a> de d\u00e9fense des Arcades de Rivoli.<\/p>\n<p class=\" wall-content\">C\u2019est aussi l\u00e0 qu\u2019il d\u00e9taillait ses motivations. \u00ab\u2009Je suis scandalis\u00e9 par l\u2019\u00e9tat des arcades. La loi stipule qu\u2019elles appartiennent aux propri\u00e9taires des logements.\u2009\u00bb Selon un arr\u00eat\u00e9 de la <a href=\"https:\/\/actu.fr\/tag\/prefecture-de-police-de-paris\" target=\"_blank\" rel=\"noopener\">pr\u00e9fecture de Police de Paris<\/a> en date du 2 juin 1981, ces derniers doivent veiller \u00e0 l\u2019entretien des trottoirs et des plafonds et donner leur autorisation pour qu\u2019un commerce s\u2019installe. \u00ab\u2009Les \u00e9talages de souvenir ont prosp\u00e9r\u00e9 depuis les ann\u00e9es 80. [\u2026] Et la plupart ne <strong>respectent pas leur obligation<\/strong> de ne pas occuper plus d\u2019un tiers du trottoir et une hauteur d\u2019un m\u00e8tre trente\u2009\u00bb, s\u2019indignait-il.<\/p>\n<p class=\" wall-content\">Las, Thierry Ardisson avait fini par laisser tomber. \u00ab\u2009J\u2019arr\u00eate le combat car <strong>je n\u2019ai trouv\u00e9 aucun soutien<\/strong> nulle part\u2009\u00bb, expliquait-il dans\u00a0<a href=\"https:\/\/www.leparisien.fr\/paris-75\/paris-thierry-ardisson-ne-se-battra-plus-pour-les-arcades-de-la-rue-de-rivoli-30-03-2018-7638300.php\" target=\"_blank\" rel=\"noopener\">Le Parisien<\/a>, en 2018, glissant notamment avoir \u00e9t\u00e9 d\u00e9\u00e7u par <a href=\"https:\/\/actu.fr\/tag\/anne-hidalgo\" target=\"_blank\" rel=\"noopener\">Anne Hidalgo<\/a>. \u00ab\u2009La Ville a command\u00e9 une \u00e9tude \u00e0 un grand cabinet notarial pour savoir \u00e0 qui appartient le b\u00e2ti de la rue de Rivoli et puis c\u2019est tout.\u2009\u00bb De son c\u00f4t\u00e9, la maire de Paris expliquait avoir saisi la pr\u00e9fecture de Police, \u00ab\u2009comp\u00e9tente pour verbaliser les contrevenants\u2009\u00bb, deux fois, en 2014 et en 2017.<\/p>\n<p>Les commer\u00e7ants contre-attaquent<\/p>\n<p class=\" wall-content\">Une mise en retrait qui ne l\u2019emp\u00eachait pas de continuer \u00e0 s\u2019exprimer sur le sujet, notamment lors des d\u00e9buts de l\u2019interdiction de circulation sur l\u2019axe, lors du premier confinement, au printemps 2020. \u00ab\u2009La rue de Rivoli, depuis qu\u2019elle est ferm\u00e9e, c\u2019est devenu <strong>un endroit extraordinaire<\/strong>. Le matin, on ouvre les fen\u00eatres et on entend les oiseaux, on n\u2019a plus 50\u2009000 bagnoles toute la journ\u00e9e en bas\u2009\u00bb, s\u2019enthousiasmait-il sur <a href=\"https:\/\/www.bfmtv.com\/people\/c-est-le-reve-thierry-ardisson-salue-la-fermeture-aux-voitures-de-la-rue-de-rivoli-a-paris_AN-202006110092.html\" target=\"_blank\" rel=\"noopener\">BFM TV<\/a>. Et d\u2019ajouter\u2009: \u00ab\u2009Les arcades Rivoli tombent en ruine, c\u2019est pas du tout entretenu, les trottoirs sont l\u00e9zard\u00e9s, les commerces sont extr\u00eamement bas de gamme\u2009\u00bb.<\/p>\n<p>Vid\u00e9os : en ce moment sur Actu<\/p>\n<p class=\" wall-content\">Parall\u00e8lement, les commer\u00e7ants se sont eux aussi r\u00e9unis en association. \u00ab\u2009Nous avons souhait\u00e9 nous regrouper en association, afin <strong>d\u2019avoir un poids \u00e9conomique<\/strong> qui nous permette de nous faire reconna\u00eetre des administrations\u2009\u00bb, expliquaient-ils en 2022 sur le site de la <a href=\"https:\/\/www.entreprises.cci-paris-idf.fr\/web\/cci75\/association-l-association-des-commercants-arcades-rivoli\" target=\"_blank\" rel=\"noopener\">Chambre de Commerces et d\u2019Industries<\/a>.<\/p>\n<p class=\" wall-content\">Suivez toute l\u2019actualit\u00e9 de vos villes et m\u00e9dias favoris en vous inscrivant \u00e0 <a href=\"https:\/\/moncompte.actu.fr\" title=\"D\u00e9couvez Mon Actu\" rel=\"nofollow noopener\" data-trk=\"{&quot;cta&quot;:{&quot;action&quot;:&quot;https:\\\/\\\/moncompte.actu.fr&quot;,&quot;category&quot;:&quot;mon compte&quot;,&quot;from&quot;:&quot;article footer&quot;,&quot;name&quot;:&quot;Mon actu&quot;,&quot;type&quot;:&quot;cta&quot;}}\" target=\"_blank\">Mon Actu<\/a>.<\/p>\n","protected":false},"excerpt":{"rendered":"Par Sarah Coulet Publi\u00e9 le 14 juil. 2025 \u00e0 17h19 Il \u00e9tait connu pour ses \u00e9missions \u00e0 succ\u00e8s,&hellip;\n","protected":false},"author":2,"featured_media":249705,"comment_status":"","ping_status":"","sticky":false,"template":"","format":"standard","meta":{"footnotes":""},"categories":[1888],"tags":[1111,1928,11,1927,215,1777,674,1011,27,2381,12,1926,626,1925,25,6641,104],"class_list":{"0":"post-249704","1":"post","2":"type-post","3":"status-publish","4":"format-standard","5":"has-post-thumbnail","7":"category-paris","8":"tag-actu","9":"tag-actu-paris","10":"tag-actualites","11":"tag-actualites-paris","12":"tag-commerce","13":"tag-eu","14":"tag-europe","15":"tag-fr","16":"tag-france","17":"tag-mairie-de-paris","18":"tag-news","19":"tag-news-paris","20":"tag-paris","21":"tag-paris-news","22":"tag-republique-francaise","23":"tag-rue-de-rivoli","24":"tag-societe"},"share_on_mastodon":{"url":"https:\/\/pubeurope.com\/@fr\/114852483884977632","error":""},"_links":{"self":[{"href":"https:\/\/www.europesays.com\/fr\/wp-json\/wp\/v2\/posts\/249704","targetHints":{"allow":["GET"]}}],"collection":[{"href":"https:\/\/www.europesays.com\/fr\/wp-json\/wp\/v2\/posts"}],"about":[{"href":"https:\/\/www.europesays.com\/fr\/wp-json\/wp\/v2\/types\/post"}],"author":[{"embeddable":true,"href":"https:\/\/www.europesays.com\/fr\/wp-json\/wp\/v2\/users\/2"}],"replies":[{"embeddable":true,"href":"https:\/\/www.europesays.com\/fr\/wp-json\/wp\/v2\/comments?post=249704"}],"version-history":[{"count":0,"href":"https:\/\/www.europesays.com\/fr\/wp-json\/wp\/v2\/posts\/249704\/revisions"}],"wp:featuredmedia":[{"embeddable":true,"href":"https:\/\/www.europesays.com\/fr\/wp-json\/wp\/v2\/media\/249705"}],"wp:attachment":[{"href":"https:\/\/www.europesays.com\/fr\/wp-json\/wp\/v2\/media?parent=249704"}],"wp:term":[{"taxonomy":"category","embeddable":true,"href":"https:\/\/www.europesays.com\/fr\/wp-json\/wp\/v2\/categories?post=249704"},{"taxonomy":"post_tag","embeddable":true,"href":"https:\/\/www.europesays.com\/fr\/wp-json\/wp\/v2\/tags?post=249704"}],"curies":[{"name":"wp","href":"https:\/\/api.w.org\/{rel}","templated":true}]}}