{"id":249716,"date":"2025-07-14T16:21:11","date_gmt":"2025-07-14T16:21:11","guid":{"rendered":"https:\/\/www.europesays.com\/fr\/249716\/"},"modified":"2025-07-14T16:21:11","modified_gmt":"2025-07-14T16:21:11","slug":"le-mexique-appelle-les-etats-unis-a-assumer-leur-part-de-responsabilite-sur-la-securite-apres-la-menace-de-tarifs-douaniers","status":"publish","type":"post","link":"https:\/\/www.europesays.com\/fr\/249716\/","title":{"rendered":"Le Mexique appelle les \u00c9tats-Unis \u00e0 assumer leur part de responsabilit\u00e9 sur la s\u00e9curit\u00e9 apr\u00e8s la menace de tarifs douaniers"},"content":{"rendered":"<p>La pr\u00e9sidente du Mexique a r\u00e9agi lundi aux critiques am\u00e9ricaines accusant son gouvernement de ne pas en faire assez contre le fentanyl, appelant les \u00c9tats-Unis \u00e0 renforcer leurs efforts pour arr\u00eater les trafiquants de drogue sur leur propre territoire et stopper le flux d&rsquo;armes qui traverse la fronti\u00e8re vers le sud.<\/p>\n<p>Ces d\u00e9clarations interviennent apr\u00e8s que le pr\u00e9sident Donald Trump a menac\u00e9 d&rsquo;imposer des droits de douane de 30% \u00e0 son voisin du sud et principal partenaire commercial au cours du week-end, reprochant \u00e0 Claudia Sheinbaum de ne pas avoir emp\u00each\u00e9 la contrebande de fentanyl vers les \u00c9tats-Unis.<\/p>\n<p>\u00ab\u00a0Nous faisons notre part et ils doivent aussi faire la leur\u00a0\u00bb, a d\u00e9clar\u00e9 la pr\u00e9sidente Claudia Sheinbaum lors de sa conf\u00e9rence de presse matinale habituelle.<\/p>\n<p>\u00ab\u00a0Nous avons insist\u00e9 sur la n\u00e9cessit\u00e9 de contr\u00f4ler le flux d&rsquo;armes des \u00c9tats-Unis vers le Mexique, sur l&rsquo;arrestation des personnes impliqu\u00e9es dans le trafic de drogue aux \u00c9tats-Unis, ainsi que sur les responsabilit\u00e9s qui incombent aux \u00c9tats-Unis\u00a0\u00bb, a-t-elle ajout\u00e9.<\/p>\n<p>Claudia Sheinbaum a pr\u00e9cis\u00e9 qu&rsquo;elle pensait que le Mexique et les \u00c9tats-Unis \u00e9taient proches de finaliser un accord sur la s\u00e9curit\u00e9 et qu&rsquo;elle s&rsquo;attendait \u00e0 ce qu&rsquo;il soit sign\u00e9 avant la date butoir du 1er ao\u00fbt, moment o\u00f9 les nouveaux tarifs douaniers doivent entrer en vigueur.<\/p>\n<p>Toutefois, la pr\u00e9sidente mexicaine a r\u00e9affirm\u00e9 qu&rsquo;aucun accord de s\u00e9curit\u00e9 avec Washington n&rsquo;inclurait l&rsquo;entr\u00e9e de forces de s\u00e9curit\u00e9 am\u00e9ricaines sur le territoire mexicain, rappelant ainsi une ligne rouge du Mexique pour toute coop\u00e9ration bilat\u00e9rale.<\/p>\n","protected":false},"excerpt":{"rendered":"La pr\u00e9sidente du Mexique a r\u00e9agi lundi aux critiques am\u00e9ricaines accusant son gouvernement de ne pas en faire&hellip;\n","protected":false},"author":2,"featured_media":249717,"comment_status":"","ping_status":"","sticky":false,"template":"","format":"standard","meta":{"footnotes":""},"categories":[1589],"tags":[11,340,73,1866,12,1864,1865,1863,308],"class_list":{"0":"post-249716","1":"post","2":"type-post","3":"status-publish","4":"format-standard","5":"has-post-thumbnail","7":"category-etats-unis","8":"tag-actualites","9":"tag-bourse","10":"tag-etats-unis","11":"tag-etats-unis-damerique","12":"tag-news","13":"tag-united-states","14":"tag-united-states-of-america","15":"tag-us","16":"tag-usa"},"share_on_mastodon":{"url":"https:\/\/pubeurope.com\/@fr\/114852507388678966","error":""},"_links":{"self":[{"href":"https:\/\/www.europesays.com\/fr\/wp-json\/wp\/v2\/posts\/249716","targetHints":{"allow":["GET"]}}],"collection":[{"href":"https:\/\/www.europesays.com\/fr\/wp-json\/wp\/v2\/posts"}],"about":[{"href":"https:\/\/www.europesays.com\/fr\/wp-json\/wp\/v2\/types\/post"}],"author":[{"embeddable":true,"href":"https:\/\/www.europesays.com\/fr\/wp-json\/wp\/v2\/users\/2"}],"replies":[{"embeddable":true,"href":"https:\/\/www.europesays.com\/fr\/wp-json\/wp\/v2\/comments?post=249716"}],"version-history":[{"count":0,"href":"https:\/\/www.europesays.com\/fr\/wp-json\/wp\/v2\/posts\/249716\/revisions"}],"wp:featuredmedia":[{"embeddable":true,"href":"https:\/\/www.europesays.com\/fr\/wp-json\/wp\/v2\/media\/249717"}],"wp:attachment":[{"href":"https:\/\/www.europesays.com\/fr\/wp-json\/wp\/v2\/media?parent=249716"}],"wp:term":[{"taxonomy":"category","embeddable":true,"href":"https:\/\/www.europesays.com\/fr\/wp-json\/wp\/v2\/categories?post=249716"},{"taxonomy":"post_tag","embeddable":true,"href":"https:\/\/www.europesays.com\/fr\/wp-json\/wp\/v2\/tags?post=249716"}],"curies":[{"name":"wp","href":"https:\/\/api.w.org\/{rel}","templated":true}]}}