{"id":249720,"date":"2025-07-14T16:23:10","date_gmt":"2025-07-14T16:23:10","guid":{"rendered":"https:\/\/www.europesays.com\/fr\/249720\/"},"modified":"2025-07-14T16:23:10","modified_gmt":"2025-07-14T16:23:10","slug":"un-danois-suspecte-davoir-espionne-des-cibles-juives-a-berlin-extrade-en-allemagne","status":"publish","type":"post","link":"https:\/\/www.europesays.com\/fr\/249720\/","title":{"rendered":"Un Danois suspect\u00e9 d\u2019avoir espionn\u00e9 des cibles juives \u00e0 Berlin extrad\u00e9 en Allemagne"},"content":{"rendered":"<p>Les services de renseignement iraniens l\u2019auraient missionn\u00e9 pour collecter \u00e0 Berlin des informations sur des Juifs, des institutions juives et des cibles li\u00e9es \u00e0 Isra\u00ebl. L\u2019Allemagne a convoqu\u00e9 mardi l\u2019ambassadeur iranien \u00e0 Berlin.<\/p>\n<p>Selon le parquet f\u00e9d\u00e9ral allemand, l\u2019homme a recueilli en juin des informations sur trois sites berlinois, probablement en vue de pr\u00e9parer des attentats contre des cibles juives. Le parquet avait ordonn\u00e9 son arrestation le 26\u00a0juin dans la ville danoise d\u2019Aarhus. D\u2019apr\u00e8s les m\u00e9dias danois, le suspect a accept\u00e9 d\u2019\u00eatre transf\u00e9r\u00e9 vers l\u2019Allemagne.<\/p>\n<p>Selon le parquet, il doit d\u00e9sormais \u00eatre pr\u00e9sent\u00e9 \u00e0 un juge d\u2019instruction de la Cour f\u00e9d\u00e9rale de justice \u00e0 Karlsruhe, sans qu\u2019une date pr\u00e9cise n\u2019ait \u00e9t\u00e9 communiqu\u00e9e. \u00ab\u00a0Si ces soup\u00e7ons devaient \u00eatre confirm\u00e9s, il s\u2019agirait d\u2019un \u00e9v\u00e9nement monstrueux qui illustrerait une fois de plus que l\u2019Iran est un danger pour les Juifs partout dans le monde\u00a0\u00bb, a d\u00e9clar\u00e9 Johann Wadephul, le ministre allemand des Affaires \u00e9trang\u00e8res.<\/p>\n<p>T\u00e9h\u00e9ran a de son c\u00f4t\u00e9 rejet\u00e9 cat\u00e9goriquement les accusations d\u2019espionnage. L\u2019Allemagne reste en \u00e9tat d\u2019alerte face \u00e0 d\u2019\u00e9ventuelles attaques contre les Juifs depuis l\u2019attaque du Hamas contre Isra\u00ebl le 7\u00a0octobre 2023, qui a d\u00e9clench\u00e9 la guerre \u00e0 Gaza.<\/p>\n","protected":false},"excerpt":{"rendered":"Les services de renseignement iraniens l\u2019auraient missionn\u00e9 pour collecter \u00e0 Berlin des informations sur des Juifs, des institutions&hellip;\n","protected":false},"author":2,"featured_media":249721,"comment_status":"","ping_status":"","sticky":false,"template":"","format":"standard","meta":{"footnotes":""},"categories":[1587],"tags":[11,672,1804,1805,1803,1777,674,1801,12,1802],"class_list":{"0":"post-249720","1":"post","2":"type-post","3":"status-publish","4":"format-standard","5":"has-post-thumbnail","7":"category-allemagne","8":"tag-actualites","9":"tag-allemagne","10":"tag-bundesrepublik-deutschland","11":"tag-de","12":"tag-deutschland","13":"tag-eu","14":"tag-europe","15":"tag-germany","16":"tag-news","17":"tag-republique-federale-dallemagne"},"share_on_mastodon":{"url":"https:\/\/pubeurope.com\/@fr\/114852515996025367","error":""},"_links":{"self":[{"href":"https:\/\/www.europesays.com\/fr\/wp-json\/wp\/v2\/posts\/249720","targetHints":{"allow":["GET"]}}],"collection":[{"href":"https:\/\/www.europesays.com\/fr\/wp-json\/wp\/v2\/posts"}],"about":[{"href":"https:\/\/www.europesays.com\/fr\/wp-json\/wp\/v2\/types\/post"}],"author":[{"embeddable":true,"href":"https:\/\/www.europesays.com\/fr\/wp-json\/wp\/v2\/users\/2"}],"replies":[{"embeddable":true,"href":"https:\/\/www.europesays.com\/fr\/wp-json\/wp\/v2\/comments?post=249720"}],"version-history":[{"count":0,"href":"https:\/\/www.europesays.com\/fr\/wp-json\/wp\/v2\/posts\/249720\/revisions"}],"wp:featuredmedia":[{"embeddable":true,"href":"https:\/\/www.europesays.com\/fr\/wp-json\/wp\/v2\/media\/249721"}],"wp:attachment":[{"href":"https:\/\/www.europesays.com\/fr\/wp-json\/wp\/v2\/media?parent=249720"}],"wp:term":[{"taxonomy":"category","embeddable":true,"href":"https:\/\/www.europesays.com\/fr\/wp-json\/wp\/v2\/categories?post=249720"},{"taxonomy":"post_tag","embeddable":true,"href":"https:\/\/www.europesays.com\/fr\/wp-json\/wp\/v2\/tags?post=249720"}],"curies":[{"name":"wp","href":"https:\/\/api.w.org\/{rel}","templated":true}]}}