{"id":249722,"date":"2025-07-14T16:24:12","date_gmt":"2025-07-14T16:24:12","guid":{"rendered":"https:\/\/www.europesays.com\/fr\/249722\/"},"modified":"2025-07-14T16:24:12","modified_gmt":"2025-07-14T16:24:12","slug":"cinq-pays-europeens-dont-la-france-vont-tester-une-application-de-verification-de-lage-en-ligne","status":"publish","type":"post","link":"https:\/\/www.europesays.com\/fr\/249722\/","title":{"rendered":"Cinq pays europ\u00e9ens, dont la France, vont tester une application de v\u00e9rification de l&rsquo;\u00e2ge en ligne"},"content":{"rendered":"<p>Cinq pays europ\u00e9ens, dont la France, vont tester une application permettant de v\u00e9rifier l&rsquo;\u00e2ge des utilisateurs en ligne et d&#8217;emp\u00eacher les enfants d&rsquo;acc\u00e9der \u00e0 des contenus dangereux, a annonc\u00e9 lundi la Commission europ\u00e9enne.<\/p>\n<p>\u00ab\u00a0Ce dispositif permettra aux utilisateurs de prouver facilement qu&rsquo;ils ont plus de 18 ans, ce qui prot\u00e9gera les enfants des contenus inappropri\u00e9s\u00a0\u00bb, a expliqu\u00e9 Henna Virkkunen, commissaire europ\u00e9enne responsable des questions technologiques.<\/p>\n<p>Tr\u00e8s concr\u00e8tement, il s&rsquo;agit d&rsquo;un prototype europ\u00e9en que chaque Etat membre pourra ajuster en fonction de ses propres r\u00e8gles: par exemple selon qu&rsquo;une interdiction est en vigueur sur internet pour les enfants de 12, 13 ou 15 ans etc.<\/p>\n<p>Les cinq premiers pays \u00e0 franchir le pas sont la France, le Danemark, la Gr\u00e8ce, l&rsquo;Italie et l&rsquo;Espagne.<\/p>\n<p>Cette proposition \u00e9tait particuli\u00e8rement pouss\u00e9e par la France, la ministre charg\u00e9e du Num\u00e9rique, Clara Chappaz, d\u00e9fendant une v\u00e9rification de l&rsquo;\u00e2ge \u00ab\u00a0au niveau europ\u00e9en\u00a0\u00bb pour acc\u00e9der aux r\u00e9seaux sociaux.<\/p>\n<p>D\u00e9but juin, le pr\u00e9sident fran\u00e7ais Emmanuel Macron s&rsquo;est engag\u00e9 \u00e0 interdire les r\u00e9seaux sociaux aux moins de 15 ans en France si, \u00ab\u00a0d&rsquo;ici quelques mois\u00a0\u00bb, cela ne se faisait pas au niveau europ\u00e9en.<\/p>\n<p>\u00a0<\/p>\n<p>\u00ab\u00a0Plus d&rsquo;excuse\u00a0\u00bb<\/p>\n<p>\u00a0<\/p>\n<p>L&rsquo;Union europ\u00e9enne dispose d&rsquo;un arsenal l\u00e9gislatif parmi les plus stricts au monde pour encadrer les g\u00e9ants du num\u00e9rique.<\/p>\n<p>Mais les appels \u00e0 aller plus loin se multiplient parmi les Vingt-Sept, alors que des \u00e9tudes d\u00e9montrent les effets n\u00e9gatifs des r\u00e9seaux sociaux sur la sant\u00e9 mentale et physique des jeunes.<\/p>\n<p>Lundi, la Commission europ\u00e9enne a \u00e9galement publi\u00e9 des recommandations \u00e0 l&rsquo;attention des r\u00e9seaux sociaux pour les jeunes, pour permettre par exemple aux mineurs de bloquer plus facilement des utilisateurs.<\/p>\n<p>Ces mesures incluent \u00e9galement la suppression de fonctionnalit\u00e9s potentiellement addictives comme les \u00ab\u00a0coches\u00a0\u00bb, qui indiquent qu&rsquo;un message a \u00e9t\u00e9 lu et peuvent pousser \u00e0 attendre fr\u00e9n\u00e9tiquement une r\u00e9ponse.<\/p>\n<p>\u00ab\u00a0Il est primordial de veiller \u00e0 ce que nos enfants et nos jeunes soient en s\u00e9curit\u00e9 en ligne\u00a0\u00bb, a d\u00e9clar\u00e9 la commissaire Henna Virkkunen. \u00ab\u00a0Les plateformes n&rsquo;ont aucune excuse pour poursuivre des pratiques qui mettent les enfants en danger\u00a0\u00bb, a-t-elle estim\u00e9.<\/p>\n<p>Bruxelles m\u00e8ne actuellement des enqu\u00eates sur les r\u00e9seaux sociaux Facebook et Instagram du groupe am\u00e9ricain Meta, ainsi que sur TikTok, dans le cadre de son nouveau R\u00e8glement sur les services num\u00e9riques (DSA). Ces plateformes sont soup\u00e7onn\u00e9es de ne pas suffisamment prot\u00e9ger les enfants des contenus nuisibles.<\/p>\n<p>Fin mai, la Commission a \u00e9galement ouvert une enqu\u00eate sur quatre sites pornographiques (Pornhub, Stripchat, XNXX, et XVideos) soup\u00e7onn\u00e9s de ne pas emp\u00eacher l&rsquo;acc\u00e8s des enfants aux contenus pour adultes.<\/p>\n<p>\u00a0<\/p>\n<p>\u00a9 Agence France-Presse (par R. Akkoc)<\/p>\n","protected":false},"excerpt":{"rendered":"Cinq pays europ\u00e9ens, dont la France, vont tester une application permettant de v\u00e9rifier l&rsquo;\u00e2ge des utilisateurs en ligne&hellip;\n","protected":false},"author":2,"featured_media":249723,"comment_status":"","ping_status":"","sticky":false,"template":"","format":"standard","meta":{"footnotes":""},"categories":[1586],"tags":[11,8035,1719,1777,674,1011,27,310,12,25],"class_list":{"0":"post-249722","1":"post","2":"type-post","3":"status-publish","4":"format-standard","5":"has-post-thumbnail","7":"category-europe","8":"tag-actualites","9":"tag-application","10":"tag-enfants","11":"tag-eu","12":"tag-europe","13":"tag-fr","14":"tag-france","15":"tag-internet","16":"tag-news","17":"tag-republique-francaise"},"share_on_mastodon":{"url":"https:\/\/pubeurope.com\/@fr\/114852519185382490","error":""},"_links":{"self":[{"href":"https:\/\/www.europesays.com\/fr\/wp-json\/wp\/v2\/posts\/249722","targetHints":{"allow":["GET"]}}],"collection":[{"href":"https:\/\/www.europesays.com\/fr\/wp-json\/wp\/v2\/posts"}],"about":[{"href":"https:\/\/www.europesays.com\/fr\/wp-json\/wp\/v2\/types\/post"}],"author":[{"embeddable":true,"href":"https:\/\/www.europesays.com\/fr\/wp-json\/wp\/v2\/users\/2"}],"replies":[{"embeddable":true,"href":"https:\/\/www.europesays.com\/fr\/wp-json\/wp\/v2\/comments?post=249722"}],"version-history":[{"count":0,"href":"https:\/\/www.europesays.com\/fr\/wp-json\/wp\/v2\/posts\/249722\/revisions"}],"wp:featuredmedia":[{"embeddable":true,"href":"https:\/\/www.europesays.com\/fr\/wp-json\/wp\/v2\/media\/249723"}],"wp:attachment":[{"href":"https:\/\/www.europesays.com\/fr\/wp-json\/wp\/v2\/media?parent=249722"}],"wp:term":[{"taxonomy":"category","embeddable":true,"href":"https:\/\/www.europesays.com\/fr\/wp-json\/wp\/v2\/categories?post=249722"},{"taxonomy":"post_tag","embeddable":true,"href":"https:\/\/www.europesays.com\/fr\/wp-json\/wp\/v2\/tags?post=249722"}],"curies":[{"name":"wp","href":"https:\/\/api.w.org\/{rel}","templated":true}]}}