{"id":249725,"date":"2025-07-14T16:26:11","date_gmt":"2025-07-14T16:26:11","guid":{"rendered":"https:\/\/www.europesays.com\/fr\/249725\/"},"modified":"2025-07-14T16:26:11","modified_gmt":"2025-07-14T16:26:11","slug":"je-veux-lencens-les-enfants-de-choeur-la-totale-thierry-ardisson-avait-tout-planifie-pour-ses-obseques","status":"publish","type":"post","link":"https:\/\/www.europesays.com\/fr\/249725\/","title":{"rendered":"\u00ab\u00a0Je veux l\u2019encens, les enfants de ch\u0153ur\u2026 La totale\u00a0!\u00a0\u00bb, Thierry Ardisson avait tout planifi\u00e9 pour ses obs\u00e8ques"},"content":{"rendered":"<p>C\u2019est ce qu\u2019on appelle \u00eatre pr\u00e9voyant. \u00ab\u00a0Le jour o\u00f9 je sentirai la fin approcher, je d\u00e9ciderai de tous les d\u00e9tails pour mon enterrement\u00a0\u00bb, avait confi\u00e9 <a href=\"https:\/\/www.20minutes.fr\/dossier\/thierry_ardisson\" class=\"color-ultramarine c-link\" target=\"_blank\" rel=\"noopener\">Thierry Ardisson<\/a> au journal Le Parisien, lors de la sortie en mai dans son livre-testament, \u00ab\u00a0L\u2019homme en noir\u00a0\u00bb.<\/p>\n<p>\u00ab\u00a0J\u2019aimerais que les trois femmes que j\u2019ai \u00e9pous\u00e9es soient l\u00e0\u00a0\u00bb, avait aussi d\u00e9clar\u00e9 au magazine Le Point Thierry Ardisson, mari\u00e9 depuis\u00a02014 \u00e0 la journaliste de TF1 <a href=\"https:\/\/www.20minutes.fr\/arts-stars\/television\/4163464-20250713-non-mari-mort-audrey-crespo-mara-dement-rumeurs-autour-thierry-ardisson\" target=\"_blank\" class=\"color-ultramarine c-link\" rel=\"noopener\">Audrey Crespo-Mara<\/a>. Avant \u00e7a, il avait \u00e9pous\u00e9 Christiane Bergognon et B\u00e9atrice Loustalan avec laquelle il a eu ses rois enfants.<\/p>\n<p>\u00ab\u00a0Je veux l\u2019encens, les enfants de ch\u0153ur\u2026 La totale\u00a0! J\u2019ai d\u00e9j\u00e0 toute la playlist en t\u00eate\u00a0\u00bb, avait-il ajout\u00e9 aupr\u00e8s de l\u2019hebdomadaire, citant <a href=\"https:\/\/www.20minutes.fr\/dossier\/david_bowie\" class=\"color-ultramarine c-link\" target=\"_blank\" rel=\"noopener\">David Bowie<\/a>. \u00ab\u00a0Ce n\u2019\u00e9taient pas des paroles en l\u2019air\u00a0\u00bb et \u00ab\u00a0il a laiss\u00e9 des instructions\u00a0\u00bb, a confirm\u00e9 son entourage \u00e0 l\u2019AFP lundi.<\/p>\n<p>Des contacts et des photos \u00e0 dispo<\/p>\n<p>Selon <a href=\"https:\/\/www.leparisien.fr\/culture-loisirs\/tv\/un-kit-pour-la-presse-un-best-of-un-documentaire-comment-ardisson-a-mis-en-scene-sa-propre-mort-14-07-2025-EPQGKSAVIBFTZOYNVU6STPIXBQ.php\" target=\"_blank\" class=\"color-ultramarine c-link\" rel=\"noopener\">Le Parisien<\/a>, l&rsquo;\u00ab\u00a0homme en noir\u00a0\u00bb avait r\u00e9cemment fait envoyer un \u00ab\u00a0kit presse\u00a0\u00bb \u00e0 certaines r\u00e9dactions afin qu\u2019elles puissent prendre contact avec des proches minutieusement choisis par ses soins pour parler de lui apr\u00e8s sa mort. On y retrouve Philippe Corti, le DJ de la plupart de ses \u00e9mission, son acolyte <a href=\"https:\/\/www.20minutes.fr\/dossier\/laurent_baffie\" class=\"color-ultramarine c-link\" target=\"_blank\" rel=\"noopener\">Laurent Baffie<\/a> ou encore sa fid\u00e8le productrice <a href=\"https:\/\/www.20minutes.fr\/arts-stars\/television\/4135781-20250127-laurent-ruquier-condamne-appel-verser-1-5-million-euros-catherine-barma-ex-productrice\" target=\"_blank\" class=\"color-ultramarine c-link\" rel=\"noopener\">Catherine Barma<\/a>. Les journalistes Franz-Olivier Giesbert et <a href=\"https:\/\/www.20minutes.fr\/dossier\/lea_salame\" class=\"color-ultramarine c-link\" target=\"_blank\" rel=\"noopener\">L\u00e9a Salam\u00e9<\/a> font aussi partie des \u00e9lus bien que la <a href=\"https:\/\/www.20minutes.fr\/arts-stars\/television\/4159328-20250619-lea-salame-reprend-20-heures-france-2-annonce-depart-france-inter\" target=\"_blank\" class=\"color-ultramarine c-link\" rel=\"noopener\">future pr\u00e9sentatrice du JT de France 2<\/a> assure n\u2019avoir jamais \u00e9t\u00e9 une intime de Thierry Ardisson. Toujours selon le Parisien, le pr\u00e9sentateur aurait aussi envoy\u00e9 des photos pour illustrer les articles et seize minutes d\u2019extraits de ces \u00e9missions pour les t\u00e9l\u00e9visions.<\/p>\n<\/p>\n<p>Il avait \u00e9galement choisi de se d\u00e9voiler dans un documentaire r\u00e9alis\u00e9 par son \u00e9pouse, \u00ab\u00a0La face cach\u00e9e de l\u2019homme en noir\u00a0\u00bb, dont la date de diffusion n\u2019est pas encore connue.<\/p>\n","protected":false},"excerpt":{"rendered":"C\u2019est ce qu\u2019on appelle \u00eatre pr\u00e9voyant. \u00ab\u00a0Le jour o\u00f9 je sentirai la fin approcher, je d\u00e9ciderai de tous&hellip;\n","protected":false},"author":2,"featured_media":249726,"comment_status":"","ping_status":"","sticky":false,"template":"","format":"standard","meta":{"footnotes":""},"categories":[2],"tags":[11,3983,58,1011,27,7547,3806,500,12,25,252,10058],"class_list":{"0":"post-249725","1":"post","2":"type-post","3":"status-publish","4":"format-standard","5":"has-post-thumbnail","7":"category-actualites","8":"tag-actualites","9":"tag-deces","10":"tag-divertissement","11":"tag-fr","12":"tag-france","13":"tag-laurent-baffie","14":"tag-lea-salame","15":"tag-medias","16":"tag-news","17":"tag-republique-francaise","18":"tag-television","19":"tag-thierry-ardisson"},"share_on_mastodon":{"url":"https:\/\/pubeurope.com\/@fr\/114852527089664963","error":""},"_links":{"self":[{"href":"https:\/\/www.europesays.com\/fr\/wp-json\/wp\/v2\/posts\/249725","targetHints":{"allow":["GET"]}}],"collection":[{"href":"https:\/\/www.europesays.com\/fr\/wp-json\/wp\/v2\/posts"}],"about":[{"href":"https:\/\/www.europesays.com\/fr\/wp-json\/wp\/v2\/types\/post"}],"author":[{"embeddable":true,"href":"https:\/\/www.europesays.com\/fr\/wp-json\/wp\/v2\/users\/2"}],"replies":[{"embeddable":true,"href":"https:\/\/www.europesays.com\/fr\/wp-json\/wp\/v2\/comments?post=249725"}],"version-history":[{"count":0,"href":"https:\/\/www.europesays.com\/fr\/wp-json\/wp\/v2\/posts\/249725\/revisions"}],"wp:featuredmedia":[{"embeddable":true,"href":"https:\/\/www.europesays.com\/fr\/wp-json\/wp\/v2\/media\/249726"}],"wp:attachment":[{"href":"https:\/\/www.europesays.com\/fr\/wp-json\/wp\/v2\/media?parent=249725"}],"wp:term":[{"taxonomy":"category","embeddable":true,"href":"https:\/\/www.europesays.com\/fr\/wp-json\/wp\/v2\/categories?post=249725"},{"taxonomy":"post_tag","embeddable":true,"href":"https:\/\/www.europesays.com\/fr\/wp-json\/wp\/v2\/tags?post=249725"}],"curies":[{"name":"wp","href":"https:\/\/api.w.org\/{rel}","templated":true}]}}