{"id":249733,"date":"2025-07-14T16:31:11","date_gmt":"2025-07-14T16:31:11","guid":{"rendered":"https:\/\/www.europesays.com\/fr\/249733\/"},"modified":"2025-07-14T16:31:11","modified_gmt":"2025-07-14T16:31:11","slug":"arbitrage-en-melee-william-servat-decrypte-les-raisons-de-la-frustration-du-quinze-de-france-face-aux-all-blacks-lequipe","status":"publish","type":"post","link":"https:\/\/www.europesays.com\/fr\/249733\/","title":{"rendered":"Arbitrage en m\u00eal\u00e9e : William Servat d\u00e9crypte les raisons de la frustration du quinze de France face aux All Blacks &#8211; L&#039;\u00c9quipe"},"content":{"rendered":"<ol>\n<li><a href=\"https:\/\/news.google.com\/rss\/articles\/CBMi7gFBVV95cUxNdHF4cXR3TjlyUFBaeEZzU01wV2FPcExQWjVFSmlkWmtpaEFaS19zanFrMHBXSWFWNjlKWWstaVpoTGFFZ2JoTS1xc09jV21CWUotZ0poYUM0NnVZS25rRldRYmVkQTFHOVBTcEZhYUZRTkR3UUlHNlZGd0Z0N05KNW8ybUFKSUphenBPUVZhdGZNalNacVZFTkhjUEUwSDUyeW5QWHdMTWIyMUhTM05HNW1iTVJYeVBsSi1fckxjRm1sMG5nMi1pUW9QamEyZXRzUWlLT0lNclZHaHZwNU11NFEtY0paY19GSWJnQ1Z3?oc=5\" target=\"_blank\" rel=\"nofollow noopener\">Arbitrage en m\u00eal\u00e9e : William Servat d\u00e9crypte les raisons de la frustration du quinze de France face aux All Blacks<\/a>&nbsp;&nbsp;L&rsquo;\u00c9quipe<\/li>\n<li><a href=\"https:\/\/news.google.com\/rss\/articles\/CBMilAJBVV95cUxNVWhBTUpwLTVDSE1QeEJXLU43cThuLU5QLWgtbklHRnlaUmhjYmtHTmNPZ2ZfdGhIUk9nNjRFWVlVQmktc2gtVGRUUnhzRjZ4d0pBNmk2TUVXQ2NDdlpnWUdSc0M5LTdNMjkxX3JhVUVHR1hOS1ZKeVJZQ01BcFJyRlptUzRSd0UzMTNrSFhSakVob09CeGJ6dmlHZ2o0WlRHSGlEMnVIQ3R4R1M1bkl1THZKTmswX1k3SGRacFV6ZVNHTUJZcGVibFN5dk9wUTBmaUw4MWJORzIwckdvU2JqNHRNeHBjQkVIYmFydU9jdVlxSk5WOVZyM1dEVEtKWnFLeXN4a1Mtd09aTTJJQ29MdzB6MDQ?oc=5\" target=\"_blank\" rel=\"nofollow noopener\">\u00ab\u00a0Un sentiment d\u2019in\u00e9galit\u00e9\u00a0\u00bb : les Blacks sont-ils d\u00e9favoris\u00e9s par l\u2019arbitrage ?<\/a>&nbsp;&nbsp;Rugbyrama<\/li>\n<li><a href=\"https:\/\/news.google.com\/rss\/articles\/CBMi2AFBVV95cUxQOVozdXMwU0hzQWZmQ0pqNFhBZmpCaFNxTVpGSXdEdTZ2bnhKeWNZUU96Nzl6enJlRnZXNHhuMTM3NnUtZFBpalByWWp1eWx5LXMwMHJpazBzdnc2UVllQVZZY3ZOU0ZROWZBc1ZmQW96RWhFVmxPclhibG9DalBINU5NYmdnUElZM1J5MVI1S3JtUlNmSlZSb2t3b21pOE9KX3JhMm9EQTY0c1ZLTXlvMGk4b3JMNFZZV3E5UGNyN1hBUmg0VWZIOGNIZnRJYk9HRmN0ZWlsbFg?oc=5\" target=\"_blank\" rel=\"nofollow noopener\">Combinaison magique, oui mais&#8230; : l&rsquo;essai des All Blacks face \u00e0 la France \u00e9tait-il valable ?<\/a>&nbsp;&nbsp;Actu.fr<\/li>\n<li><a href=\"https:\/\/news.google.com\/rss\/articles\/CBMiogFBVV95cUxOZ3FEZ0FyalV4d1hoWnhNeGlYQXdEM3JIQU90WTBuZmU4VkxNcWFzNkRFUHBmdk1tZ3NPUTEzQkpyQUJSZVNDXy1uNUllWldJYy1WZzZwZGpyT2N4ZTlxdy1EREozcXJ6WUNRLTlEUGhVNE9HSDNVdDhYOEpVVk5CZGhTS2o1Z1BndlNhWFQ0U0hfajFFZ2VHdXFTZVk5MTExckE?oc=5\" target=\"_blank\" rel=\"nofollow noopener\">18 ans apr\u00e8s, les All Blacks accusent encore la France de vol<\/a>&nbsp;&nbsp;Sports.fr<\/li>\n<li><a href=\"https:\/\/news.google.com\/rss\/articles\/CBMiuwFBVV95cUxPR1ZvTnIycGtYSUFnNURpYnJVTTNlX1cyekc2YWMwMkh1b3JpZUtHb1JMcWhsQXluQTFWczhwS1FiMDBDeEx2U1J0cFVvbVY0QlF5ZU01eHRZeXN5YWlJT0djWklZdFJ1RGRYZ2pldUpFSS1fSnRZcjExS0dLUEFkcnREQ3poeER5NnZWVWthY1pVZEVwV0p4eUVUQTJQbEEweklkdVh4YmVQcUlFdmlRRnZURlRzbmlsaHZB?oc=5\" target=\"_blank\" rel=\"nofollow noopener\">Richie McCaw revient sur la finale 2011 : \u00ab\u00a0Je comprends que les Fran\u00e7ais aient pu \u00eatre en col\u00e8re\u00a0\u00bb<\/a>&nbsp;&nbsp;Blog RCT<\/li>\n<\/ol>\n","protected":false},"excerpt":{"rendered":"Arbitrage en m\u00eal\u00e9e : William Servat d\u00e9crypte les raisons de la frustration du quinze de France face aux&hellip;\n","protected":false},"author":2,"featured_media":249734,"comment_status":"","ping_status":"","sticky":false,"template":"","format":"standard","meta":{"footnotes":""},"categories":[1416],"tags":[1011,27,479,1468,60],"class_list":{"0":"post-249733","1":"post","2":"type-post","3":"status-publish","4":"format-standard","5":"has-post-thumbnail","7":"category-rugby","8":"tag-fr","9":"tag-france","10":"tag-rugby","11":"tag-rugby-football","12":"tag-sports"},"share_on_mastodon":{"url":"https:\/\/pubeurope.com\/@fr\/114852546667071608","error":""},"_links":{"self":[{"href":"https:\/\/www.europesays.com\/fr\/wp-json\/wp\/v2\/posts\/249733","targetHints":{"allow":["GET"]}}],"collection":[{"href":"https:\/\/www.europesays.com\/fr\/wp-json\/wp\/v2\/posts"}],"about":[{"href":"https:\/\/www.europesays.com\/fr\/wp-json\/wp\/v2\/types\/post"}],"author":[{"embeddable":true,"href":"https:\/\/www.europesays.com\/fr\/wp-json\/wp\/v2\/users\/2"}],"replies":[{"embeddable":true,"href":"https:\/\/www.europesays.com\/fr\/wp-json\/wp\/v2\/comments?post=249733"}],"version-history":[{"count":0,"href":"https:\/\/www.europesays.com\/fr\/wp-json\/wp\/v2\/posts\/249733\/revisions"}],"wp:featuredmedia":[{"embeddable":true,"href":"https:\/\/www.europesays.com\/fr\/wp-json\/wp\/v2\/media\/249734"}],"wp:attachment":[{"href":"https:\/\/www.europesays.com\/fr\/wp-json\/wp\/v2\/media?parent=249733"}],"wp:term":[{"taxonomy":"category","embeddable":true,"href":"https:\/\/www.europesays.com\/fr\/wp-json\/wp\/v2\/categories?post=249733"},{"taxonomy":"post_tag","embeddable":true,"href":"https:\/\/www.europesays.com\/fr\/wp-json\/wp\/v2\/tags?post=249733"}],"curies":[{"name":"wp","href":"https:\/\/api.w.org\/{rel}","templated":true}]}}