{"id":249737,"date":"2025-07-14T16:34:09","date_gmt":"2025-07-14T16:34:09","guid":{"rendered":"https:\/\/www.europesays.com\/fr\/249737\/"},"modified":"2025-07-14T16:34:09","modified_gmt":"2025-07-14T16:34:09","slug":"resultats-passes-de-quartararo-et-zarco-6","status":"publish","type":"post","link":"https:\/\/www.europesays.com\/fr\/249737\/","title":{"rendered":"R\u00e9sultats pass\u00e9s de Quartararo et Zarco !"},"content":{"rendered":"<p>&#13;<\/p>\n<p><strong>Fabio Quartararo et Johann Zarco ont-ils d\u00e9j\u00e0 brill\u00e9 sur le circuit de Brno. Quels ont \u00e9t\u00e9 les r\u00e9sultats pass\u00e9s des tricolores lors des diff\u00e9rentes \u00e9ditions du Grand Prix de Tch\u00e9quie ?<\/strong><\/p>\n<p><strong>FABIO QUARTARARO<\/strong><\/p>\n<p><strong>Faits notables :<\/strong><br \/>\u2013 6 d\u00e9parts (2 en MotoGP, 2 en Moto2, 2 en Moto3)<br \/>\u2013 Meilleure qualification : 2e (2019 en MotoGP)<br \/>\u2013 Meilleur r\u00e9sultat : 7e (2019 et 2020 en MotoGP) <\/p>\n<p><strong>2015 \u2013 Moto3 sur Honda (Estrella Galicia 0,0)<\/strong><br \/>Qualifications : 4e<br \/>Course : Abandon<\/p>\n<p><strong>2016 \u2013 Moto3 sur KTM (Leopard Racing)<\/strong><br \/>Qualifications : 26e<br \/>Course : 21e<\/p>\n<p><strong>2017 \u2013 Moto2 sur Kalex (Pons HP40)<\/strong><br \/>Qualifications : 10e<br \/>Course : 20e<\/p>\n<p><strong>2018 \u2013 Moto2 sur Speed Up (Speed Up Racing)<\/strong><br \/>Qualifications : 14e<br \/>Course : 11e<\/p>\n<p><strong>2019 \u2013 MotoGP sur Yamaha (Petronas Yamaha Sepang Racing Team)<\/strong><br \/>Qualifications : 10e<br \/>Course : 7e<\/p>\n<p><strong>2020 \u2013 MotoGP sur Yamaha (Petronas Yamaha Sepang Racing Team)<\/strong><br \/>Qualifications : 2e<br \/>Course : 7e<\/p>\n<p><strong>JOHANN ZARCO<\/strong><\/p>\n<p><strong>Faits notables :<\/strong><br \/>\u2013 12 d\u00e9parts (4 en MotoGP, 5 en Moto2, 3 en 125cc)<br \/>\u2013 1 victoire (1 en Moto2)<br \/>\u2013 3 podiums (1 en MotoGP, 1 en Moto2, 1 en 125cc)<br \/>\u2013 3 poles (1 en MotoGP, 2 en Moto2)<br \/>\u2013 5 premi\u00e8res lignes (2 en MotoGP, 2 en Moto2, 1 en 125cc)<\/p>\n<p><strong>2009 \u2013 125cc sur Aprilia (WTR San Marino Team)<\/strong><br \/>Qualifications : 10e<br \/>Course : 11e<\/p>\n<p><strong>2010 \u2013 125cc sur Aprilia (WTR San Marino Team)<\/strong><br \/>Qualifications : 9e<br \/>Course : 19e<\/p>\n<p><strong>2011 \u2013 125cc sur Derbi (Avant-AirAsia-Ajo)<\/strong><br \/>Qualifications : 2e<br \/>Course : 2e<\/p>\n<p><strong>2012 \u2013 Moto2 sur Motobi (JiR Moto2)<\/strong><br \/>Qualifications : 10e<br \/>Course : 7e<\/p>\n<p><strong>2013 \u2013 Moto2 sur Suter (Came Iodaracing Project)<\/strong><br \/>Qualifications : 7e<br \/>Course : 5e<\/p>\n<p><strong>2014 \u2013 Moto2 sur Caterham Suter (AirAsia Caterham)<\/strong><br \/>Qualifications : 12e<br \/>Course : 9e<\/p>\n<p><strong>2015 \u2013 Moto2 sur Kalex (Ajo Motorsport)<\/strong><br \/>Qualifications : 1er<br \/>Course : 1er<\/p>\n<p><strong>2016 \u2013 Moto2 sur Kalex (Ajo Motorsport)<\/strong><br \/>Qualifications : 1er<br \/>Course : 11e<\/p>\n<p><strong>2017 \u2013 MotoGP sur Yamaha (Monster Yamaha Tech3)<\/strong><br \/>Qualifications : 10e<br \/>Course : 12e<\/p>\n<p><strong>2018 \u2013 MotoGP sur Yamaha (Monster Yamaha Tech3)<\/strong><br \/>Qualifications : 7e<br \/>Course : 7e<\/p>\n<p><strong>2019 \u2013 MotoGP sur KTM (Red Bull KTM Factory Racing)<\/strong><br \/>Qualifications : 3e<br \/>Course : 14e<\/p>\n<p><strong>2020 \u2013 MotoGP sur Ducati (Avintia Esponsorama Racing)<\/strong><br \/>Qualifications : 1er<br \/>Course : 3e<\/p>\n<p>&#13;<br \/>\n           &#13;<br \/>\n&#13;<br \/>\n    &#13;<br \/>\n    &#13;<\/p>\n","protected":false},"excerpt":{"rendered":"&#13; Fabio Quartararo et Johann Zarco ont-ils d\u00e9j\u00e0 brill\u00e9 sur le circuit de Brno. Quels ont \u00e9t\u00e9 les&hellip;\n","protected":false},"author":2,"featured_media":249738,"comment_status":"","ping_status":"","sticky":false,"template":"","format":"standard","meta":{"footnotes":""},"categories":[1413],"tags":[1011,27,1457,1456,60],"class_list":{"0":"post-249737","1":"post","2":"type-post","3":"status-publish","4":"format-standard","5":"has-post-thumbnail","7":"category-moto","8":"tag-fr","9":"tag-france","10":"tag-moto","11":"tag-motocycle","12":"tag-sports"},"share_on_mastodon":{"url":"https:\/\/pubeurope.com\/@fr\/114852558493449639","error":""},"_links":{"self":[{"href":"https:\/\/www.europesays.com\/fr\/wp-json\/wp\/v2\/posts\/249737","targetHints":{"allow":["GET"]}}],"collection":[{"href":"https:\/\/www.europesays.com\/fr\/wp-json\/wp\/v2\/posts"}],"about":[{"href":"https:\/\/www.europesays.com\/fr\/wp-json\/wp\/v2\/types\/post"}],"author":[{"embeddable":true,"href":"https:\/\/www.europesays.com\/fr\/wp-json\/wp\/v2\/users\/2"}],"replies":[{"embeddable":true,"href":"https:\/\/www.europesays.com\/fr\/wp-json\/wp\/v2\/comments?post=249737"}],"version-history":[{"count":0,"href":"https:\/\/www.europesays.com\/fr\/wp-json\/wp\/v2\/posts\/249737\/revisions"}],"wp:featuredmedia":[{"embeddable":true,"href":"https:\/\/www.europesays.com\/fr\/wp-json\/wp\/v2\/media\/249738"}],"wp:attachment":[{"href":"https:\/\/www.europesays.com\/fr\/wp-json\/wp\/v2\/media?parent=249737"}],"wp:term":[{"taxonomy":"category","embeddable":true,"href":"https:\/\/www.europesays.com\/fr\/wp-json\/wp\/v2\/categories?post=249737"},{"taxonomy":"post_tag","embeddable":true,"href":"https:\/\/www.europesays.com\/fr\/wp-json\/wp\/v2\/tags?post=249737"}],"curies":[{"name":"wp","href":"https:\/\/api.w.org\/{rel}","templated":true}]}}