{"id":249747,"date":"2025-07-14T16:39:13","date_gmt":"2025-07-14T16:39:13","guid":{"rendered":"https:\/\/www.europesays.com\/fr\/249747\/"},"modified":"2025-07-14T16:39:13","modified_gmt":"2025-07-14T16:39:13","slug":"sur-la-costa-brava-une-villa-postmoderniste-pensee-pour-vivre-dehors","status":"publish","type":"post","link":"https:\/\/www.europesays.com\/fr\/249747\/","title":{"rendered":"Sur la Costa Brava, une villa postmoderniste pens\u00e9e pour vivre dehors"},"content":{"rendered":"<p>En Espagne, la Costa Brava accueille la villa de r\u00eave pour vivre \u00e0 l&rsquo;ext\u00e9rieur<\/p>\n<p>Il suffit de poser les yeux, \u00e0 G\u00e9rone, sur cette villa pour r\u00eaver \u00e0 des journ\u00e9es de <a href=\"https:\/\/www.admagazine.fr\/adinspiration\/article\/feng-shui-amenager-salon\" rel=\"nofollow noopener\" target=\"_blank\">d\u00e9tente<\/a> entre amis. Son agencement original, organis\u00e9 autour de trois cours, y contribue pleinement : \u00ab La premi\u00e8re \u00e9voque une place de village, anim\u00e9e et ombrag\u00e9e par un arbre. La deuxi\u00e8me, inspir\u00e9e de l\u2019impluvium, est un bassin bord\u00e9 de v\u00e9g\u00e9tation. Quant \u00e0 la troisi\u00e8me, un potager foisonnant de plantes aromatiques, elle rappelle les jardins des monast\u00e8res \u00bb, explique l\u2019agence Twobo, responsable de ce projet.<\/p>\n<p>Les ruines grecques et romaines d\u2019Emp\u00faries, \u00ab o\u00f9 l\u2019<a href=\"https:\/\/www.admagazine.fr\/article\/10-concepts-comprendre-architecture\" rel=\"nofollow noopener\" target=\"_blank\">architecture<\/a> appara\u00eet comme un vestige, un vide et une relation avec le lieu \u00bb, sont l\u2019une des r\u00e9f\u00e9rences majeures du projet.<\/p>\n<p>Jos\u00e9 Hevia<\/p>\n<p>Les portiques ext\u00e9rieurs cr\u00e9ent une structure d\u2019ombrage essentielle au confort thermique.<\/p>\n<p>Jos\u00e9 Hevia<\/p>\n<p>Les pi\u00e8ces s\u2019organisent autour de ces cours, r\u00e9parties en pavillons ind\u00e9pendants, baign\u00e9s de lumi\u00e8re et ouverts sur l\u2019ext\u00e9rieur. \u00ab C\u2019est une architecture \u00e0 l\u2019esprit nomade, en r\u00e9sonance avec la mobilit\u00e9 du vivant \u00bb, expliquent ses concepteurs. \u00ab\u00a0Elle est construite avec plus d\u2019air que de mati\u00e8re dans un assemblage d\u2019\u00e9l\u00e9ments l\u00e9gers : treillis de c\u00e9ramique, verre et acier, qui donnent naissance \u00e0 une architecture l\u00e9g\u00e8re, rythm\u00e9e par les brises, les <a href=\"https:\/\/www.admagazine.fr\/article\/comment-culture-sommeil-emparee-monde\" rel=\"nofollow noopener\" target=\"_blank\">siestes<\/a> et les rires. \u00bb<\/p>\n<p>Les carreaux color\u00e9s ajoutent un aspect ludique \u00e0 l\u2019espace.<\/p>\n<p>Jos\u00e9 HeviaUne maison d&rsquo;architecte dessin\u00e9e autour de la table ext\u00e9rieure<\/p>\n<p>En fait, la maison est pens\u00e9e pour cela : partager et profiter. Elle est habit\u00e9e par un couple \u2013 une historienne de l\u2019art et un directeur de la photographie \u2013 qui a connu l\u2019agence lors de la r\u00e9novation de l\u2019appartement d\u2019un ami. \u00ab C\u2019est un b\u00e2timent neuf. L\u2019objectif \u00e9tait de cr\u00e9er une r\u00e9sidence secondaire qui soit l\u2019\u00e9picentre de la famille et de leurs amis. Ils nous ont demand\u00e9 une maison autour d\u2019une table ext\u00e9rieure, une maison ouverte pour accueillir \u00bb, se souviennent les architectes.<\/p>\n<p>La <a href=\"https:\/\/www.admagazine.fr\/article\/amenager-piscine-terrasse-guide-ultime\" rel=\"nofollow noopener\" target=\"_blank\">piscine<\/a> est reli\u00e9e \u00e0 la salle \u00e0 manger de plein air par la cuisine ext\u00e9rieure. Le robinet est issu de la collection Nu de Roca.<\/p>\n<p>Jos\u00e9 Hevia<\/p>\n","protected":false},"excerpt":{"rendered":"En Espagne, la Costa Brava accueille la villa de r\u00eave pour vivre \u00e0 l&rsquo;ext\u00e9rieur Il suffit de poser&hellip;\n","protected":false},"author":2,"featured_media":249748,"comment_status":"","ping_status":"","sticky":false,"template":"","format":"standard","meta":{"footnotes":""},"categories":[1358],"tags":[1348,1384,1385,1386,58,59,123,1011,27],"class_list":{"0":"post-249747","1":"post","2":"type-post","3":"status-publish","4":"format-standard","5":"has-post-thumbnail","7":"category-arts-et-design","8":"tag-arts","9":"tag-arts-and-design","10":"tag-arts-et-design","11":"tag-design","12":"tag-divertissement","13":"tag-entertainment","14":"tag-espagne","15":"tag-fr","16":"tag-france"},"share_on_mastodon":{"url":"https:\/\/pubeurope.com\/@fr\/114852578126225910","error":""},"_links":{"self":[{"href":"https:\/\/www.europesays.com\/fr\/wp-json\/wp\/v2\/posts\/249747","targetHints":{"allow":["GET"]}}],"collection":[{"href":"https:\/\/www.europesays.com\/fr\/wp-json\/wp\/v2\/posts"}],"about":[{"href":"https:\/\/www.europesays.com\/fr\/wp-json\/wp\/v2\/types\/post"}],"author":[{"embeddable":true,"href":"https:\/\/www.europesays.com\/fr\/wp-json\/wp\/v2\/users\/2"}],"replies":[{"embeddable":true,"href":"https:\/\/www.europesays.com\/fr\/wp-json\/wp\/v2\/comments?post=249747"}],"version-history":[{"count":0,"href":"https:\/\/www.europesays.com\/fr\/wp-json\/wp\/v2\/posts\/249747\/revisions"}],"wp:featuredmedia":[{"embeddable":true,"href":"https:\/\/www.europesays.com\/fr\/wp-json\/wp\/v2\/media\/249748"}],"wp:attachment":[{"href":"https:\/\/www.europesays.com\/fr\/wp-json\/wp\/v2\/media?parent=249747"}],"wp:term":[{"taxonomy":"category","embeddable":true,"href":"https:\/\/www.europesays.com\/fr\/wp-json\/wp\/v2\/categories?post=249747"},{"taxonomy":"post_tag","embeddable":true,"href":"https:\/\/www.europesays.com\/fr\/wp-json\/wp\/v2\/tags?post=249747"}],"curies":[{"name":"wp","href":"https:\/\/api.w.org\/{rel}","templated":true}]}}