{"id":249753,"date":"2025-07-14T16:42:09","date_gmt":"2025-07-14T16:42:09","guid":{"rendered":"https:\/\/www.europesays.com\/fr\/249753\/"},"modified":"2025-07-14T16:42:09","modified_gmt":"2025-07-14T16:42:09","slug":"alerte-pour-zazie-aux-francofolies-la-chanteuse-prise-en-charge-apres-sa-prestation","status":"publish","type":"post","link":"https:\/\/www.europesays.com\/fr\/249753\/","title":{"rendered":"Alerte pour Zazie aux Francofolies : la chanteuse prise en charge apr\u00e8s sa prestation"},"content":{"rendered":"<p>Ses fans ne l\u2019ont peut-\u00eatre pas vu, mais <a href=\"https:\/\/www.public.fr\/tag\/zazie\" target=\"_blank\" rel=\"noopener\">Zazie<\/a> a connu un moment compliqu\u00e9 lors des Francofolies de 2019. Chaque ann\u00e9e, La Rochelle accueille ce festival de musique francophone\u00a0cr\u00e9\u00e9 en 1985 par Jean-Louis Foulquier.<\/p>\n<p><a href=\"https:\/\/www.public.fr\/tag\/julien-dore\" target=\"_blank\" rel=\"noopener\">Julien Dor\u00e9<\/a>, Santa, <a href=\"https:\/\/vsd.fr\/tag\/clara-luciani\/\" target=\"_blank\" rel=\"noopener\">Clara Luciani<\/a>, <a href=\"https:\/\/www.public.fr\/tag\/patrick-bruel\" target=\"_blank\" rel=\"noopener\">Patrick Bruel<\/a>, Alain Chamfort, Jean-Louis Aubert, et de nombreux autres artistes sont mont\u00e9s sur la sc\u00e8ne du festival au cours des pr\u00e9c\u00e9dentes \u00e9ditions. Cette ann\u00e9e, l\u2019\u00e9dition 2025 se d\u00e9roulait du 10 au 14 juillet.<\/p>\n<p>De fait, ce jour de F\u00eate nationale va cl\u00f4turer ce festival qui r\u00e9unit chaque ann\u00e9e des milliers de fans. Des fans qui ignorent peut-\u00eatre comment se d\u00e9roule l\u2019organisation en coulisses. Par exemple, les chanteurs et chanteuses peuvent b\u00e9n\u00e9ficier du <strong>travail de Florian Mallard<\/strong>. Un kin\u00e9sith\u00e9rapeute qui officie au festival depuis 10 ans \u00e0 pr\u00e9sent.<\/p>\n<p>Un kin\u00e9sith\u00e9rapeute attitr\u00e9 au festival des Francofolies<\/p>\n<p>En effet, dans les colonnes du Parisien, ce kin\u00e9 de m\u00e9tier a accept\u00e9 de se rem\u00e9morer plusieurs moments des Francofolies. Et notamment la fois o\u00f9 <strong>Zazie a d\u00fb \u00eatre prise en charge<\/strong> \u00e0 cause d\u2019une \u00ab\u00a0douleur costale\u00a0\u00bb.\u00a0<\/p>\n<p>Ce kin\u00e9sith\u00e9rapeute attitr\u00e9 du festival <strong>veille \u00e0 la sant\u00e9 physique<\/strong> des artistes qui montent sur les sc\u00e8nes rochelaises, de\u00a0<strong>13 h \u00e0 19 h,<\/strong>\u00a0pendant toute la dur\u00e9e du festival. <\/p>\n<p>D\u2019ailleurs, tous les artistes invit\u00e9s \u00e0 l\u2019\u00e9v\u00e9nement peuvent b\u00e9n\u00e9ficier d\u2019une\u00a0<strong>s\u00e9ance gratuite de 30 minutes<\/strong>, afin de soulager douleurs, tensions et autres d\u00e9sagr\u00e9ments li\u00e9s \u00e0 la sc\u00e8ne.<\/p>\n<p>Zazie prise en charge apr\u00e8s sa prestation<\/p>\n<p>Florian Mallard a ainsi permis \u00e0 Zazie de <strong>calmer sa douleur<\/strong>. En effet, en 2019, <a href=\"https:\/\/www.public.fr\/cest-copier-et-voler-zazie-furax-et-tres-inquiete-pour-son-avenir\" target=\"_blank\" rel=\"noopener\">la chanteuse \u00e2g\u00e9e de 61 ans <\/a>a plong\u00e9 dans la foule pour slamer. N\u00e9anmoins, apr\u00e8s ce saut dans le public, l\u2019interpr\u00e8te de Rue de la paix a ressenti une douleur vive sur le c\u00f4t\u00e9 du thorax.\u00a0<\/p>\n<p><strong>\u00ab\u00a0Elle avait une\u00a0douleur costale\u00a0\u00bb<\/strong>, se souvient le kin\u00e9 qui a fait le choix d\u2019intervenir imm\u00e9diatement : <strong>\u00ab\u00a0Je l\u2019ai examin\u00e9e, manipul\u00e9e et rassur\u00e9e\u00a0\u00bb.<\/strong> C\u2019est d\u2019ailleurs gr\u00e2ce \u00e0 son intervention rapide et son expertise que Zazie a pu s\u2019en sortir sans aucune grave cons\u00e9quence.<\/p>\n<p>Plus de peur que de mal pour l\u2019ancienne coach de <strong>The Voice<\/strong>. Nul doute que d\u2019autres artistes ont pu \u00eatre soulag\u00e9s gr\u00e2ce au talent et au travail de Florian Mallard. Et que d\u2019autres artistes auront besoin de ses mains expertes au cours des prochaines \u00e9ditions. \u00a0<\/p>\n<p>      Mentionn\u00e9s dans cet article<\/p>\n<p>\u00c0 lire aussi<\/p>\n","protected":false},"excerpt":{"rendered":"Ses fans ne l\u2019ont peut-\u00eatre pas vu, mais Zazie a connu un moment compliqu\u00e9 lors des Francofolies de&hellip;\n","protected":false},"author":2,"featured_media":249754,"comment_status":"","ping_status":"","sticky":false,"template":"","format":"standard","meta":{"footnotes":""},"categories":[1355],"tags":[58,59,1011,27,38987,1361,873,9283],"class_list":{"0":"post-249753","1":"post","2":"type-post","3":"status-publish","4":"format-standard","5":"has-post-thumbnail","7":"category-musique","8":"tag-divertissement","9":"tag-entertainment","10":"tag-fr","11":"tag-france","12":"tag-francofolies","13":"tag-music","14":"tag-musique","15":"tag-zazie"},"share_on_mastodon":{"url":"https:\/\/pubeurope.com\/@fr\/114852589945021808","error":""},"_links":{"self":[{"href":"https:\/\/www.europesays.com\/fr\/wp-json\/wp\/v2\/posts\/249753","targetHints":{"allow":["GET"]}}],"collection":[{"href":"https:\/\/www.europesays.com\/fr\/wp-json\/wp\/v2\/posts"}],"about":[{"href":"https:\/\/www.europesays.com\/fr\/wp-json\/wp\/v2\/types\/post"}],"author":[{"embeddable":true,"href":"https:\/\/www.europesays.com\/fr\/wp-json\/wp\/v2\/users\/2"}],"replies":[{"embeddable":true,"href":"https:\/\/www.europesays.com\/fr\/wp-json\/wp\/v2\/comments?post=249753"}],"version-history":[{"count":0,"href":"https:\/\/www.europesays.com\/fr\/wp-json\/wp\/v2\/posts\/249753\/revisions"}],"wp:featuredmedia":[{"embeddable":true,"href":"https:\/\/www.europesays.com\/fr\/wp-json\/wp\/v2\/media\/249754"}],"wp:attachment":[{"href":"https:\/\/www.europesays.com\/fr\/wp-json\/wp\/v2\/media?parent=249753"}],"wp:term":[{"taxonomy":"category","embeddable":true,"href":"https:\/\/www.europesays.com\/fr\/wp-json\/wp\/v2\/categories?post=249753"},{"taxonomy":"post_tag","embeddable":true,"href":"https:\/\/www.europesays.com\/fr\/wp-json\/wp\/v2\/tags?post=249753"}],"curies":[{"name":"wp","href":"https:\/\/api.w.org\/{rel}","templated":true}]}}