{"id":249767,"date":"2025-07-14T16:51:12","date_gmt":"2025-07-14T16:51:12","guid":{"rendered":"https:\/\/www.europesays.com\/fr\/249767\/"},"modified":"2025-07-14T16:51:12","modified_gmt":"2025-07-14T16:51:12","slug":"fousseynou-cisse-qui-a-sauve-six-personnes-dun-incendie-a-paris-invite-au-defile-du-14-juillet-actualites","status":"publish","type":"post","link":"https:\/\/www.europesays.com\/fr\/249767\/","title":{"rendered":"Fousseynou Ciss\u00e9, qui a sauv\u00e9 six personnes d&rsquo;un incendie \u00e0 Paris, invit\u00e9 au d\u00e9fil\u00e9 du 14 juillet : Actualit\u00e9s"},"content":{"rendered":"<p class=\"lead \">Fousseynou Ciss\u00e9, qui a sauv\u00e9 six personnes pi\u00e9g\u00e9es dans leur appartement par un incendie dans le XVIIIe arrondissement de Paris la semaine derni\u00e8re, figurait lundi parmi les invit\u00e9s des festivit\u00e9s du 14 juillet, au cours desquelles il a \u00e9t\u00e9 chaleureusement salu\u00e9 par Emmanuel Macron.<\/p>\n<p class=\"lead \">Le pr\u00e9sident de la R\u00e9publique a invit\u00e9 cet agent d&rsquo;accueil contractuel dans les coll\u00e8ges de 39 ans, d&rsquo;origine s\u00e9n\u00e9galaise, ainsi que sa famille apr\u00e8s son sauvetage, capt\u00e9 dans une vid\u00e9o devenue virale sur les r\u00e9seaux sociaux. <\/p>\n<p class=\"lead \">\u00ab\u00a0Fousseynou Samba Ciss\u00e9 a risqu\u00e9 sa vie pour sauver une famille d&rsquo;un incendie. M\u00e9daill\u00e9 d&rsquo;honneur pour acte de courage et de d\u00e9vouement, il est ce matin Place de la Concorde aux c\u00f4t\u00e9s de nos h\u00e9ros\u00a0\u00bb, a \u00e9crit Emmanuel Macron sur X, en accompagnement d&rsquo;une vid\u00e9o le montrant saluant Fousseynou Ciss\u00e9.<\/p>\n<p class=\"lead \">\u00ab\u00a0F\u00e9licitations encore. Un tr\u00e8s grand bravo\u00a0\u00bb, lui a notamment dit le pr\u00e9sident au cours de leur \u00e9change. <\/p>\n<p class=\"lead \">Le 4 juillet, un incendie s&rsquo;est d\u00e9clar\u00e9 au deuxi\u00e8me \u00e9tage d&rsquo;un immeuble du XVIIIe arrondissement de la capitale. Au sixi\u00e8me \u00e9tage, deux m\u00e8res de famille se retrouvent bloqu\u00e9es par les fum\u00e9es, tiennent leurs enfants \u00e0 bout de bras aux fen\u00eatres pour les prot\u00e9ger de la fum\u00e9e. <\/p>\n<p class=\"lead \">Dans les images prises par un habitant et devenues virales, on voit Fousseynou Ciss\u00e9 s&rsquo;avan\u00e7ant sur une corniche, puis en \u00e9quilibre dans l&rsquo;angle entre les deux b\u00e2timents de la r\u00e9sidence, faisant passer deux b\u00e9b\u00e9s, deux enfants et deux m\u00e8res de famille de la fen\u00eatre de l&rsquo;appartement \u00e0 un autre. <\/p>\n<p class=\"lead \">Fousseynou Ciss\u00e9 assistait lundi au d\u00e9fil\u00e9 militaire, auquel participent notamment 122 personnels \u00e0 pied de la Brigade des Sapeurs-pompiers de Paris, ainsi que quatre chiens et 13 engins.<\/p>\n<p class=\"lead \">Dimanche, il a \u00e9t\u00e9 d\u00e9cor\u00e9 de la m\u00e9daille du courage par le pr\u00e9fet de police de Paris, Laurent Nu\u00f1ez.<\/p>\n<p class=\"lead \">Cette distinction \u00ab\u00a0marque vraiment une nouvelle \u00e8re pour moi\u00a0\u00bb, a r\u00e9agi Fousseynou Ciss\u00e9. \u00ab\u00a0Il y avait des personnes qui \u00e9taient d\u00e9sesp\u00e9r\u00e9es, en d\u00e9sarroi, qui cherchaient une aide. Du coup, je n&rsquo;ai pas r\u00e9fl\u00e9chi. C&rsquo;est un instinct\u00a0\u00bb, a-t-il expliqu\u00e9.<\/p>\n<p class=\"small font-weight-bold text-gray3 \"> publi\u00e9 le 14 juillet \u00e0 17h17, AFP<\/p>\n<p>                             Partager<\/p>\n","protected":false},"excerpt":{"rendered":"Fousseynou Ciss\u00e9, qui a sauv\u00e9 six personnes pi\u00e9g\u00e9es dans leur appartement par un incendie dans le XVIIIe arrondissement&hellip;\n","protected":false},"author":2,"featured_media":249768,"comment_status":"","ping_status":"","sticky":false,"template":"","format":"standard","meta":{"footnotes":""},"categories":[4],"tags":[11,1011,27,1310,330,12,316,25,7342],"class_list":{"0":"post-249767","1":"post","2":"type-post","3":"status-publish","4":"format-standard","5":"has-post-thumbnail","7":"category-france","8":"tag-actualites","9":"tag-fr","10":"tag-france","11":"tag-incendie","12":"tag-jeux","13":"tag-news","14":"tag-politique","15":"tag-republique-francaise","16":"tag-secours"},"share_on_mastodon":{"url":"https:\/\/pubeurope.com\/@fr\/114852625377072079","error":""},"_links":{"self":[{"href":"https:\/\/www.europesays.com\/fr\/wp-json\/wp\/v2\/posts\/249767","targetHints":{"allow":["GET"]}}],"collection":[{"href":"https:\/\/www.europesays.com\/fr\/wp-json\/wp\/v2\/posts"}],"about":[{"href":"https:\/\/www.europesays.com\/fr\/wp-json\/wp\/v2\/types\/post"}],"author":[{"embeddable":true,"href":"https:\/\/www.europesays.com\/fr\/wp-json\/wp\/v2\/users\/2"}],"replies":[{"embeddable":true,"href":"https:\/\/www.europesays.com\/fr\/wp-json\/wp\/v2\/comments?post=249767"}],"version-history":[{"count":0,"href":"https:\/\/www.europesays.com\/fr\/wp-json\/wp\/v2\/posts\/249767\/revisions"}],"wp:featuredmedia":[{"embeddable":true,"href":"https:\/\/www.europesays.com\/fr\/wp-json\/wp\/v2\/media\/249768"}],"wp:attachment":[{"href":"https:\/\/www.europesays.com\/fr\/wp-json\/wp\/v2\/media?parent=249767"}],"wp:term":[{"taxonomy":"category","embeddable":true,"href":"https:\/\/www.europesays.com\/fr\/wp-json\/wp\/v2\/categories?post=249767"},{"taxonomy":"post_tag","embeddable":true,"href":"https:\/\/www.europesays.com\/fr\/wp-json\/wp\/v2\/tags?post=249767"}],"curies":[{"name":"wp","href":"https:\/\/api.w.org\/{rel}","templated":true}]}}