{"id":249769,"date":"2025-07-14T16:52:12","date_gmt":"2025-07-14T16:52:12","guid":{"rendered":"https:\/\/www.europesays.com\/fr\/249769\/"},"modified":"2025-07-14T16:52:12","modified_gmt":"2025-07-14T16:52:12","slug":"chute-dun-cheval-oreille-coupee-les-couacs-du-defile-du-14-juillet-sur-les-champs-elysees","status":"publish","type":"post","link":"https:\/\/www.europesays.com\/fr\/249769\/","title":{"rendered":"Chute d&rsquo;un cheval, oreille coup\u00e9e&#8230;. Les couacs du d\u00e9fil\u00e9 du 14-Juillet sur les Champs-\u00c9lys\u00e9es"},"content":{"rendered":"<p class=\"article-p mdl\">L\u00e9gers couacs, heureusement sans gravit\u00e9 lors du d\u00e9fil\u00e9 du 14-Juillet, organis\u00e9 sur les Champs-\u00c9lys\u00e9es ce lundi matin. Juste avant d&rsquo;arriver devant la tribune pr\u00e9sidentielle, un cheval a fait une chute sur les pav\u00e9s.\u00a0<\/p>\n<p class=\"article-p mdl\">Le cavalier, qui fait partie du r\u00e9giment de cavalerie de la\u00a0<a class=\"link\" href=\"https:\/\/www.rtl.fr\/culture\/musique\/video-quand-la-garde-republicaine-reprend-shakira-gala-queen-et-christophe-dans-le-studio-de-rtl-7900475032\" title=\"VID\u00c9O - Quand la Garde r\u00e9publicaine reprend Shakira, Gala, Queen et Christophe dans le studio de RTL\" target=\"_blank\" rel=\"noopener\">Garde r\u00e9publicaine<\/a>, est aussi tomb\u00e9 au m\u00eame moment. Il a rapidement r\u00e9ussi \u00e0 se relever et \u00e0 garder son cheval aupr\u00e8s de lui. Quelques secondes avant, <strong>un autre cheval se trouvait en divagation<\/strong>, sans cavalier dessus. L&rsquo;\u00e9quid\u00e9 qui a chut\u00e9 pourrait avoir \u00e9t\u00e9 surpris par l&rsquo;autre, qui ne se trouvait plus dans les rangs.\u00a0<\/p>\n<p class=\"article-p mdl\">Ni les chevaux, ni le cavalier ne semble avoir \u00e9t\u00e9 bless\u00e9s. Lors du\u00a0<a class=\"link\" href=\"https:\/\/www.rtl.fr\/actu\/politique\/en-direct-defile-du-14-juillet-suivez-les-festivites-7900523278\" title=\"D\u00e9fil\u00e9 du 14 juillet : patrouille de France, troupes \u00e0 pied... Revivez les festivit\u00e9s\" target=\"_blank\" rel=\"noopener\">d\u00e9fil\u00e9<\/a>, un autre incident mineur a eu lieu. En effet, <strong>un aspirant officier de l\u2019\u00e9cole militaire inter-armes (EMIA), s&rsquo;est l\u00e9g\u00e8rement coup\u00e9<\/strong> au niveau de l&rsquo;oreille avec son sabre.\u00a0\u00a0<\/p>\n<p>            Des couacs lors des pr\u00e9c\u00e9dentes \u00e9ditions<\/p>\n<p class=\"article-p mdl\">Outre ces petites m\u00e9saventures, le d\u00e9fil\u00e9 s&rsquo;est bien d\u00e9roul\u00e9. Au total, 7.000 femmes et hommes ont d\u00e9fil\u00e9, dont 5.600 \u00e0 pied, 65 avions dont 5 appareils \u00e9trangers, 34 h\u00e9licopt\u00e8res, 247 v\u00e9hicules et 200 chevaux de la Garde r\u00e9publicaine.\u00a0<\/p>\n<p class=\"article-p mdl\">\u00c7a n&rsquo;est pas la premi\u00e8re fois que des couacs se produisent lors du d\u00e9fil\u00e9 du 14-Juillet. En 2021, un cheval avait d\u00e9j\u00e0 chut\u00e9 sur les pav\u00e9s de l&rsquo;avenue des Champs-\u00c9lys\u00e9es. En 2018, \u00e0 cause d&rsquo;une erreur de fumig\u00e8ne, les couleurs de panaches de fum\u00e9e de la\u00a0<a class=\"link\" href=\"https:\/\/www.rtl.fr\/culture\/culture-generale\/video-14-juillet-quand-la-patrouille-de-france-se-trompe-de-fumigene-7794119415\" title=\"VID\u00c9O - 14 Juillet 2018 : quand la Patrouille de France se trompe de fumig\u00e8ne\" target=\"_blank\" rel=\"noopener\">Patrouille de France<\/a>\u00a0avaient \u00e9t\u00e9 invers\u00e9es. Le plus impressionnant \u00e9tait certainement en 2012, lorsqu&rsquo;un parachutiste chevronn\u00e9 avait rat\u00e9 son atterrissage et s&rsquo;\u00e9tait fait une double fracture.\u00a0<\/p>\n<p>    La r\u00e9daction vous recommande<\/p>\n<p class=\"s-newsletter__title\">\n                L\u2019actualit\u00e9 par la r\u00e9daction de RTL dans votre bo\u00eete mail.\n            <\/p>\n<p class=\"s-newsletter__subtitle\">\n                Gr\u00e2ce \u00e0 votre compte RTL abonnez-vous \u00e0 la newsletter RTL info pour suivre toute l&rsquo;actualit\u00e9 au quotidien\n            <\/p>\n<p>\n                                    Lire la suite\n                                <\/p>\n","protected":false},"excerpt":{"rendered":"L\u00e9gers couacs, heureusement sans gravit\u00e9 lors du d\u00e9fil\u00e9 du 14-Juillet, organis\u00e9 sur les Champs-\u00c9lys\u00e9es ce lundi matin. Juste&hellip;\n","protected":false},"author":2,"featured_media":249770,"comment_status":"","ping_status":"","sticky":false,"template":"","format":"standard","meta":{"footnotes":""},"categories":[2],"tags":[11,1813,10917,107,1011,27,13264,12,133],"class_list":{"0":"post-249769","1":"post","2":"type-post","3":"status-publish","4":"format-standard","5":"has-post-thumbnail","7":"category-actualites","8":"tag-actualites","9":"tag-armee","10":"tag-fete-nationale","11":"tag-fil-info","12":"tag-fr","13":"tag-france","14":"tag-militaires","15":"tag-news","16":"tag-video"},"share_on_mastodon":{"url":"https:\/\/pubeurope.com\/@fr\/114852629265089142","error":""},"_links":{"self":[{"href":"https:\/\/www.europesays.com\/fr\/wp-json\/wp\/v2\/posts\/249769","targetHints":{"allow":["GET"]}}],"collection":[{"href":"https:\/\/www.europesays.com\/fr\/wp-json\/wp\/v2\/posts"}],"about":[{"href":"https:\/\/www.europesays.com\/fr\/wp-json\/wp\/v2\/types\/post"}],"author":[{"embeddable":true,"href":"https:\/\/www.europesays.com\/fr\/wp-json\/wp\/v2\/users\/2"}],"replies":[{"embeddable":true,"href":"https:\/\/www.europesays.com\/fr\/wp-json\/wp\/v2\/comments?post=249769"}],"version-history":[{"count":0,"href":"https:\/\/www.europesays.com\/fr\/wp-json\/wp\/v2\/posts\/249769\/revisions"}],"wp:featuredmedia":[{"embeddable":true,"href":"https:\/\/www.europesays.com\/fr\/wp-json\/wp\/v2\/media\/249770"}],"wp:attachment":[{"href":"https:\/\/www.europesays.com\/fr\/wp-json\/wp\/v2\/media?parent=249769"}],"wp:term":[{"taxonomy":"category","embeddable":true,"href":"https:\/\/www.europesays.com\/fr\/wp-json\/wp\/v2\/categories?post=249769"},{"taxonomy":"post_tag","embeddable":true,"href":"https:\/\/www.europesays.com\/fr\/wp-json\/wp\/v2\/tags?post=249769"}],"curies":[{"name":"wp","href":"https:\/\/api.w.org\/{rel}","templated":true}]}}