{"id":249783,"date":"2025-07-14T17:04:11","date_gmt":"2025-07-14T17:04:11","guid":{"rendered":"https:\/\/www.europesays.com\/fr\/249783\/"},"modified":"2025-07-14T17:04:11","modified_gmt":"2025-07-14T17:04:11","slug":"grenoble-les-fameuses-choregraphies-de-lete-oh-parcs-ont-repris-du-service","status":"publish","type":"post","link":"https:\/\/www.europesays.com\/fr\/249783\/","title":{"rendered":"Grenoble. Les fameuses chor\u00e9graphies de l\u2019\u00c9t\u00e9 Oh\u00a0! Parcs ont repris du service"},"content":{"rendered":"<p>Les fameuses chor\u00e9graphies de l\u2019\u00c9t\u00e9 Oh\u00a0! Parcs \u00e9taient de retour au parc Paul-Mistral ce samedi 12\u00a0juillet. Et cela fait d\u00e9j\u00e0 quatre ans que \u00e7a dure\u00a0! Elles sont r\u00e9alis\u00e9es par les animateurs, avec une prestation le matin et une autre l\u2019apr\u00e8s-midi. Chaque fois, ils choisissent deux chansons pour faire danser petits et grands. Au total, 36 animateurs seront pr\u00e9sents en juillet, et 36 autres en ao\u00fbt, pour faire danser les Grenoblois. Ce sont des jeunes recrut\u00e9s pour des jobs d\u2019\u00e9t\u00e9, et leur mission est de faire profiter les habitants d\u2019une large palette d\u2019animations.<\/p>\n","protected":false},"excerpt":{"rendered":"Les fameuses chor\u00e9graphies de l\u2019\u00c9t\u00e9 Oh\u00a0! Parcs \u00e9taient de retour au parc Paul-Mistral ce samedi 12\u00a0juillet. Et cela&hellip;\n","protected":false},"author":2,"featured_media":249784,"comment_status":"","ping_status":"","sticky":false,"template":"","format":"standard","meta":{"footnotes":""},"categories":[9566],"tags":[1111,11,2430,1687,112,1777,674,1011,27,2731,2732,12,25],"class_list":{"0":"post-249783","1":"post","2":"type-post","3":"status-publish","4":"format-standard","5":"has-post-thumbnail","7":"category-grenoble","8":"tag-actu","9":"tag-actualites","10":"tag-auvergne-rhone-alpes","11":"tag-culture-loisirs","12":"tag-edition-grenoble-agglomeration","13":"tag-eu","14":"tag-europe","15":"tag-fr","16":"tag-france","17":"tag-grenoble","18":"tag-grenoble-bassin","19":"tag-news","20":"tag-republique-francaise"},"share_on_mastodon":{"url":"https:\/\/pubeurope.com\/@fr\/114852676420187592","error":""},"_links":{"self":[{"href":"https:\/\/www.europesays.com\/fr\/wp-json\/wp\/v2\/posts\/249783","targetHints":{"allow":["GET"]}}],"collection":[{"href":"https:\/\/www.europesays.com\/fr\/wp-json\/wp\/v2\/posts"}],"about":[{"href":"https:\/\/www.europesays.com\/fr\/wp-json\/wp\/v2\/types\/post"}],"author":[{"embeddable":true,"href":"https:\/\/www.europesays.com\/fr\/wp-json\/wp\/v2\/users\/2"}],"replies":[{"embeddable":true,"href":"https:\/\/www.europesays.com\/fr\/wp-json\/wp\/v2\/comments?post=249783"}],"version-history":[{"count":0,"href":"https:\/\/www.europesays.com\/fr\/wp-json\/wp\/v2\/posts\/249783\/revisions"}],"wp:featuredmedia":[{"embeddable":true,"href":"https:\/\/www.europesays.com\/fr\/wp-json\/wp\/v2\/media\/249784"}],"wp:attachment":[{"href":"https:\/\/www.europesays.com\/fr\/wp-json\/wp\/v2\/media?parent=249783"}],"wp:term":[{"taxonomy":"category","embeddable":true,"href":"https:\/\/www.europesays.com\/fr\/wp-json\/wp\/v2\/categories?post=249783"},{"taxonomy":"post_tag","embeddable":true,"href":"https:\/\/www.europesays.com\/fr\/wp-json\/wp\/v2\/tags?post=249783"}],"curies":[{"name":"wp","href":"https:\/\/api.w.org\/{rel}","templated":true}]}}