{"id":249793,"date":"2025-07-14T17:10:10","date_gmt":"2025-07-14T17:10:10","guid":{"rendered":"https:\/\/www.europesays.com\/fr\/249793\/"},"modified":"2025-07-14T17:10:10","modified_gmt":"2025-07-14T17:10:10","slug":"strasbourg-le-traditionnel-bal-des-pompiers-mieux-organise-grace-a-la-prevente-des-billets-en-ligne","status":"publish","type":"post","link":"https:\/\/www.europesays.com\/fr\/249793\/","title":{"rendered":"Strasbourg. Le traditionnel bal des pompiers \u00ab\u00a0mieux organis\u00e9\u00a0\u00bb gr\u00e2ce \u00e0 la pr\u00e9vente des billets en ligne"},"content":{"rendered":"<p>S\u2019il y a une tradition qui s\u2019est inscrite dans les agapes de la F\u00eate nationale aussi vite qu\u2019elle est apparue, c\u2019est bien <a href=\"https:\/\/www.dna.fr\/culture-loisirs\/2024\/07\/14\/un-monde-fou-pour-les-pompiers-bringueurs-au-grand-coeur\" target=\"_blank\" rel=\"nofollow noopener\">le bal des pompiers de Strasbourg<\/a>. <a href=\"https:\/\/www.dna.fr\/edition-de-strasbourg\/2013\/07\/13\/un-bal-des-pompiers-a-la-caserne-ouest\" target=\"_blank\" rel=\"nofollow noopener\">En douze ans,<\/a> l\u2018\u00e9v\u00e9nement est devenu l\u2019incontournable des f\u00eatards du <a href=\"https:\/\/www.dna.fr\/defense-guerre-conflit\/2025\/07\/14\/le-defile-du-14-juillet-va-debuter-sur-les-champs-elysees-176-interpellations-dans-la-nuit-a-paris\" target=\"_blank\" rel=\"nofollow noopener\">14-Juillet<\/a> \u00a0: 4\u00a0500 personnes se sont rassembl\u00e9es au milieu de la cour du Centre de secours et d\u2019incendie ouest \u00e0 Cronenbourg dimanche 13\u00a0juillet. Le DJ, mont\u00e9 sur un camion de pompiers r\u00e9tro, arrose la foule de ses d\u00e9cibels. Nombre de f\u00eatards ont jou\u00e9 le jeu du th\u00e8me des tropiques \u00e0 grand renfort de chemises et de colliers \u00e0 fleurs. Marie et Rafael savourent l\u2019ambiance avec un groupe d\u2019une vingtaine d\u2019amis\u00a0: \u00ab\u00a0Y a d\u00e9j\u00e0 un parfum de vacances\u00a0!\u00a0\u00bb De nombreuses familles participent au bal en d\u00e9but de soir\u00e9e, comme Nad\u00e8ge et sa fille Margaux, fan de la musique, \u00ab\u00a0des glaces et des bonbons\u00a0!\u00a0\u00bb<\/p>\n<p>Ce contenu est bloqu\u00e9 car vous n&rsquo;avez pas accept\u00e9 les cookies et autres traceurs.<\/p>\n<p>En cliquant sur \u00ab J\u2019accepte \u00bb, les cookies et autres traceurs seront d\u00e9pos\u00e9s et vous pourrez visualiser les contenus  (<a href=\"\" class=\"consentModule_policy\" target=\"_blank\" title=\"Consulter la politique de protection des donn\u00e9es du fournisseur\">plus d&rsquo;informations<\/a>).<\/p>\n<p>En cliquant sur \u00ab J\u2019accepte tous les cookies \u00bb, vous autorisez des d\u00e9p\u00f4ts de cookies et autres traceurs pour le stockage de vos donn\u00e9es sur nos sites et applications \u00e0 des fins de personnalisation et de ciblage publicitaire.<\/p>\n<p class=\"consentModule_secondaryText\">Vous gardez la possibilit\u00e9 de retirer votre consentement \u00e0 tout moment en consultant notre <a href=\"https:\/\/www.dna.fr\/protection-des-donnees\" target=\"_blank\" title=\"Consulter notre politique de protection des donn\u00e9es\" rel=\"nofollow noopener\">politique de protection des donn\u00e9es<\/a>. <br \/>&#13;<br \/>\n            <a href=\"https:\/\/www.dna.fr\/culture-loisirs\/2025\/07\/14\/javascript:Didomi.notice.show()\" class=\"consentModule_cmp\" rel=\"nofollow noopener\" target=\"_blank\">G\u00e9rer mes choix<\/a>&#13;\n        <\/p>\n<p>&#13;<br \/>\n                        J&rsquo;accepte&#13;<br \/>\n            J&rsquo;accepte tous les cookies&#13;\n        <\/p>\n<p>  Les pompiers font tomber l\u2019uniforme<\/p>\n<p>Une fois les enfants rentr\u00e9s, place \u00e0 la f\u00eate. \u00ab\u00a0On est entre copines, on trinque pour l\u2019ap\u00e9r\u2026\u00a0\u00bb, commence Camille, coup\u00e9e par sa copine Laura\u00a0: \u00ab\u00a0Faut pas tourner autour du pot les filles, on est venus voir les pompiers, on est venus voir le matos\u00a0!\u00a0\u00bb Les trois amies trentenaires ont eu de quoi faire, les soldats laissent (enfin) tomber la veste \u00e0 22 heures\u00a0: la s\u00e9quence strip-tease enflamme le public en \u00e9bullition, plusieurs jeunes femmes rejoignent les pompiers torse nu pour une danse rapproch\u00e9e.<\/p>\n<p>Apolline esp\u00e8re profiter du show pour se d\u00e9lester de \u00ab\u00a0la charge mentale du quotidien et d\u00e9compresser\u00a0\u00bb. Les cinq amies appr\u00e9cient que ce soit \u00ab\u00a0mieux organis\u00e9 cette ann\u00e9e\u00a0\u00bb\u00a0: pour \u00e9viter l\u2019interminable file d\u2019attente \u00e0 l\u2019entr\u00e9e, les pompiers ont assur\u00e9 une pr\u00e9vente des billets en ligne. \u00ab\u00a0L\u2019an dernier, j\u2019avais fait trois heures de queue sans pouvoir entrer. Ce soir, on a attendu dix minutes seulement\u00a0!\u00a0\u00bb se f\u00e9licite Lauriane. Un syst\u00e8me que l\u2019adjudant-chef Alexandre Laurent et la douzaine d\u2019organisateurs souhaitent p\u00e9renniser. Une partie des recettes est revers\u00e9e \u00e0 l\u2019association Petit C\u0153ur de Beurre, qui soutient les enfants n\u00e9s avec une malformation cardiaque \u00e0 l\u2019h\u00f4pital de Hautepierre.<\/p>\n","protected":false},"excerpt":{"rendered":"S\u2019il y a une tradition qui s\u2019est inscrite dans les agapes de la F\u00eate nationale aussi vite qu\u2019elle&hellip;\n","protected":false},"author":2,"featured_media":249794,"comment_status":"","ping_status":"","sticky":false,"template":"","format":"standard","meta":{"footnotes":""},"categories":[2820],"tags":[1111,11,1687,2880,27337,1777,674,3326,107,1011,27,775,12,4043,25,953,640,2879],"class_list":{"0":"post-249793","1":"post","2":"type-post","3":"status-publish","4":"format-standard","5":"has-post-thumbnail","7":"category-strasbourg","8":"tag-actu","9":"tag-actualites","10":"tag-culture-loisirs","11":"tag-edition-strasbourg","12":"tag-estivales","13":"tag-eu","14":"tag-europe","15":"tag-fete-locale","16":"tag-fil-info","17":"tag-fr","18":"tag-france","19":"tag-grand-est","20":"tag-news","21":"tag-repas-et-the-dansant","22":"tag-republique-francaise","23":"tag-soiree","24":"tag-strasbourg","25":"tag-strasbourg-ville"},"share_on_mastodon":{"url":"https:\/\/pubeurope.com\/@fr\/114852700073329925","error":""},"_links":{"self":[{"href":"https:\/\/www.europesays.com\/fr\/wp-json\/wp\/v2\/posts\/249793","targetHints":{"allow":["GET"]}}],"collection":[{"href":"https:\/\/www.europesays.com\/fr\/wp-json\/wp\/v2\/posts"}],"about":[{"href":"https:\/\/www.europesays.com\/fr\/wp-json\/wp\/v2\/types\/post"}],"author":[{"embeddable":true,"href":"https:\/\/www.europesays.com\/fr\/wp-json\/wp\/v2\/users\/2"}],"replies":[{"embeddable":true,"href":"https:\/\/www.europesays.com\/fr\/wp-json\/wp\/v2\/comments?post=249793"}],"version-history":[{"count":0,"href":"https:\/\/www.europesays.com\/fr\/wp-json\/wp\/v2\/posts\/249793\/revisions"}],"wp:featuredmedia":[{"embeddable":true,"href":"https:\/\/www.europesays.com\/fr\/wp-json\/wp\/v2\/media\/249794"}],"wp:attachment":[{"href":"https:\/\/www.europesays.com\/fr\/wp-json\/wp\/v2\/media?parent=249793"}],"wp:term":[{"taxonomy":"category","embeddable":true,"href":"https:\/\/www.europesays.com\/fr\/wp-json\/wp\/v2\/categories?post=249793"},{"taxonomy":"post_tag","embeddable":true,"href":"https:\/\/www.europesays.com\/fr\/wp-json\/wp\/v2\/tags?post=249793"}],"curies":[{"name":"wp","href":"https:\/\/api.w.org\/{rel}","templated":true}]}}