{"id":249813,"date":"2025-07-14T17:21:09","date_gmt":"2025-07-14T17:21:09","guid":{"rendered":"https:\/\/www.europesays.com\/fr\/249813\/"},"modified":"2025-07-14T17:21:09","modified_gmt":"2025-07-14T17:21:09","slug":"le-festival-international-de-cinema-de-marseille-livre-son-palmares","status":"publish","type":"post","link":"https:\/\/www.europesays.com\/fr\/249813\/","title":{"rendered":"Le Festival international de cin\u00e9ma de Marseille livre son palmar\u00e8s"},"content":{"rendered":"<p>3\u00a0036 films re\u00e7us, 120 projet\u00e9s, dont 51 en s\u00e9lection officielle. <a href=\"https:\/\/www.laprovence.com\/article\/culture-loisirs\/1570594481495314\/a-marseille-le-fid-une-carte-du-cinema-contemporain-a-decouvrir-du-8-au-13-juillet\" target=\"_blank\" rel=\"nofollow noopener\">L\u2019\u00e9dition 2025 du festival international de cin\u00e9ma de Marseille (FIDMarseille)<\/a> s\u2019est achev\u00e9e ce dimanche 13\u00a0juillet \u00e0 l\u2019Artplexe Canebi\u00e8re. L\u2019occasion d\u2019annoncer la quinzaine d\u2019\u0153uvres prim\u00e9es.<\/p>\n<p>Dans un festival qui accueillait des films issus de 42 pays, c\u2019est Rita Azevedo Gomes qui a re\u00e7u le Grand Prix de la comp\u00e9tition internationale pour le long-m\u00e9trage Fuck the Polis. La Portugaise y montre son voyage en Gr\u00e8ce avec quatre jeunes hommes et une jeune femme, vingt ans apr\u00e8s un premier p\u00e9riple. Le titre fait r\u00e9f\u00e9rence \u00e0 un tag trouv\u00e9 dans les rues d\u2019Ath\u00e8nes et qui sonne comme une invitation \u00e0 se d\u00e9tourner de la politique pour mieux s\u2019attarder sur l\u2019\u0153uvre collective que repr\u00e9sente le film.<\/p>\n<p>Une d\u00e9marche similaire est au c\u0153ur de Bonne journ\u00e9e, r\u00e9alis\u00e9 par Pauline Bastard et r\u00e9cipiendaire du Grand Prix de la comp\u00e9tition fran\u00e7aise. Dans ce 53 minutes, la r\u00e9alisatrice filme les compagnons d\u2019Emma\u00fcs \u00e0 Grenoble, se pr\u00eatant au jeu d\u2019un shooting photo o\u00f9 chaque objet, chaque meuble, chaque v\u00eatement trouve une seconde vie et devient pr\u00e9texte \u00e0 la cr\u00e9ation artistique.<\/p>\n<p>L\u2019esprit du collectif est aussi pr\u00e9sent chez Philippe Rouy, avec Des mill\u00e9naires d\u2019absence, r\u00e9compens\u00e9 par le Prix du Centre national des arts plastiques (Cnap). Cette fiction raconte l\u2019histoire d\u2019Ukishima, un groupe form\u00e9 au lendemain de la <a href=\"https:\/\/www.laprovence.com\/article\/france-monde\/2018471518433814\/repartir-de-zero-a-fukushima-des-kiwis-comme-symbole-de-renouveau\" target=\"_blank\" rel=\"nofollow noopener\">catastrophe de Fukushima<\/a> pour filmer les 6\u00a0852 \u00eeles qui composent l\u2019archipel, avant que celles-ci ne deviennent inhabitables \u00e0 cause de la radioactivit\u00e9.<\/p>\n<p>Parmi les autres prix d\u00e9cern\u00e9s\u00a0: celui du premier film \u00e0 Fantaisie, d\u2019Isabel Pagliai, le prix des lyc\u00e9ens de l\u2019<a href=\"https:\/\/www.laprovence.com\/article\/region\/1423890295822315\/face-aux-violences-l-academie-d-aix-marseille-fait-appel-au-savoir-faire-de-l-armee-a-salon-de-provence\" target=\"_blank\" rel=\"nofollow noopener\">Acad\u00e9mie Aix-Marseille<\/a> pour Next life de Tenzin Phuntsog et enfin le prix du public, attribu\u00e9 \u00e0 La Juventud es una isla, r\u00e9alis\u00e9 par Louise Fernandez.<\/p>\n<p>L\u2019ensemble du palmar\u00e8s est \u00e0 retrouver sur le compte Instagram du <a href=\"https:\/\/www.instagram.com\/fidmarseille\/?hl=fr\" target=\"_blank\" rel=\"nofollow noopener\">FIDMarseille<\/a>.<\/p>\n<p><script async src=\"\/\/www.instagram.com\/embed.js\"><\/script><\/p>\n","protected":false},"excerpt":{"rendered":"3\u00a0036 films re\u00e7us, 120 projet\u00e9s, dont 51 en s\u00e9lection officielle. L\u2019\u00e9dition 2025 du festival international de cin\u00e9ma de&hellip;\n","protected":false},"author":2,"featured_media":249814,"comment_status":"","ping_status":"","sticky":false,"template":"","format":"standard","meta":{"footnotes":""},"categories":[2814],"tags":[17,1111,11,650,251,1777,674,849,1011,27,14,2003,884,12,5077,882,25,3711],"class_list":{"0":"post-249813","1":"post","2":"type-post","3":"status-publish","4":"format-standard","5":"has-post-thumbnail","7":"category-marseille","8":"tag-17","9":"tag-actu","10":"tag-actualites","11":"tag-cinema","12":"tag-culture","13":"tag-eu","14":"tag-europe","15":"tag-festival","16":"tag-fr","17":"tag-france","18":"tag-international","19":"tag-livre","20":"tag-marseille","21":"tag-news","22":"tag-palmares","23":"tag-provence-alpes-cote-dazur","24":"tag-republique-francaise","25":"tag-son"},"share_on_mastodon":{"url":"https:\/\/pubeurope.com\/@fr\/114852743298246096","error":""},"_links":{"self":[{"href":"https:\/\/www.europesays.com\/fr\/wp-json\/wp\/v2\/posts\/249813","targetHints":{"allow":["GET"]}}],"collection":[{"href":"https:\/\/www.europesays.com\/fr\/wp-json\/wp\/v2\/posts"}],"about":[{"href":"https:\/\/www.europesays.com\/fr\/wp-json\/wp\/v2\/types\/post"}],"author":[{"embeddable":true,"href":"https:\/\/www.europesays.com\/fr\/wp-json\/wp\/v2\/users\/2"}],"replies":[{"embeddable":true,"href":"https:\/\/www.europesays.com\/fr\/wp-json\/wp\/v2\/comments?post=249813"}],"version-history":[{"count":0,"href":"https:\/\/www.europesays.com\/fr\/wp-json\/wp\/v2\/posts\/249813\/revisions"}],"wp:featuredmedia":[{"embeddable":true,"href":"https:\/\/www.europesays.com\/fr\/wp-json\/wp\/v2\/media\/249814"}],"wp:attachment":[{"href":"https:\/\/www.europesays.com\/fr\/wp-json\/wp\/v2\/media?parent=249813"}],"wp:term":[{"taxonomy":"category","embeddable":true,"href":"https:\/\/www.europesays.com\/fr\/wp-json\/wp\/v2\/categories?post=249813"},{"taxonomy":"post_tag","embeddable":true,"href":"https:\/\/www.europesays.com\/fr\/wp-json\/wp\/v2\/tags?post=249813"}],"curies":[{"name":"wp","href":"https:\/\/api.w.org\/{rel}","templated":true}]}}