{"id":249815,"date":"2025-07-14T17:22:18","date_gmt":"2025-07-14T17:22:18","guid":{"rendered":"https:\/\/www.europesays.com\/fr\/249815\/"},"modified":"2025-07-14T17:22:18","modified_gmt":"2025-07-14T17:22:18","slug":"quand-les-punchlines-de-rap-servent-a-sensibiliser-les-fetards","status":"publish","type":"post","link":"https:\/\/www.europesays.com\/fr\/249815\/","title":{"rendered":"quand les punchlines de rap servent \u00e0 sensibiliser les f\u00eatards"},"content":{"rendered":"<p><strong>\u00ab\u00a0Wesh alors ma race, quand tu pars tu ramasses\u00a0\u00bb,<\/strong> peut-on lire sur une affiche aux couleurs vives dans une rue de Marseille. Ce slogan, qui fait r\u00e9f\u00e9rence \u00e0 la chanson bande organis\u00e9e du collectif de rappeurs marseillais 13\u2019Organis\u00e9, fait partie d\u2019une nouvelle campagne de sensibilisation \u00e0 la pollution des rues et des plages.<\/p>\n<p>Le studio de cr\u00e9ation graphique Parade, bas\u00e9 \u00e0 Marseille, a cr\u00e9\u00e9 une dizaine d\u2019affiches en d\u00e9tournant des punchlines de rappeurs marseillais comme IAM ou Jul. Ainsi, on peut lire \u00ab\u00a0ce soir, j&rsquo;oublie tout sauf les bouteilles vides\u00a0\u00bb, en r\u00e9f\u00e9rence au single\u00a0\u00ab\u00a0&lsquo;j\u2019oublie tout\u00a0\u00bb, \u00ab\u00a0j\u2019ai pass\u00e9 la bi\u00e8re \u00e0 Tchikita, deux heures apr\u00e8s je l\u2019ai d\u00e9j\u00e0 jet\u00e9e\u00a0\u00bb, rempla\u00e7ant les paroles \u00ab\u00a0deux mois apr\u00e8s, j\u2019l\u2019ai d\u00e9j\u00e0 quitt\u00e9e\u00a0\u00bb\u00a0dans la chanson\u00a0bande organis\u00e9e.<\/p>\n<p>Les affiches interpellent et font sourire, avec un seul objectif\u00a0: limiter la pollution dans les rues et les plages de la cit\u00e9 phoc\u00e9enne. En dessous de chaque slogan est inscrit \u00ab\u00a0en partant, ramasse tous tes d\u00e9chets.\u00a0\u00bb En s\u2019appuyant sur le rap marseillais comme patrimoine culturel et langage commun, le studio esp\u00e8re r\u00e9ussir \u00e0 sensibiliser avec authenticit\u00e9.<\/p>\n","protected":false},"excerpt":{"rendered":"\u00ab\u00a0Wesh alors ma race, quand tu pars tu ramasses\u00a0\u00bb, peut-on lire sur une affiche aux couleurs vives dans&hellip;\n","protected":false},"author":2,"featured_media":249816,"comment_status":"","ping_status":"","sticky":false,"template":"","format":"standard","meta":{"footnotes":""},"categories":[2814],"tags":[17,1111,11,3008,154,436,1777,674,1011,27,151,884,12,1800,882,38988,396,25],"class_list":{"0":"post-249815","1":"post","2":"type-post","3":"status-publish","4":"format-standard","5":"has-post-thumbnail","7":"category-marseille","8":"tag-17","9":"tag-actu","10":"tag-actualites","11":"tag-dechets","12":"tag-des","13":"tag-environnement","14":"tag-eu","15":"tag-europe","16":"tag-fr","17":"tag-france","18":"tag-les","19":"tag-marseille","20":"tag-news","21":"tag-pollution","22":"tag-provence-alpes-cote-dazur","23":"tag-punchlines","24":"tag-quand","25":"tag-republique-francaise"},"share_on_mastodon":{"url":"https:\/\/pubeurope.com\/@fr\/114852747209501869","error":""},"_links":{"self":[{"href":"https:\/\/www.europesays.com\/fr\/wp-json\/wp\/v2\/posts\/249815","targetHints":{"allow":["GET"]}}],"collection":[{"href":"https:\/\/www.europesays.com\/fr\/wp-json\/wp\/v2\/posts"}],"about":[{"href":"https:\/\/www.europesays.com\/fr\/wp-json\/wp\/v2\/types\/post"}],"author":[{"embeddable":true,"href":"https:\/\/www.europesays.com\/fr\/wp-json\/wp\/v2\/users\/2"}],"replies":[{"embeddable":true,"href":"https:\/\/www.europesays.com\/fr\/wp-json\/wp\/v2\/comments?post=249815"}],"version-history":[{"count":0,"href":"https:\/\/www.europesays.com\/fr\/wp-json\/wp\/v2\/posts\/249815\/revisions"}],"wp:featuredmedia":[{"embeddable":true,"href":"https:\/\/www.europesays.com\/fr\/wp-json\/wp\/v2\/media\/249816"}],"wp:attachment":[{"href":"https:\/\/www.europesays.com\/fr\/wp-json\/wp\/v2\/media?parent=249815"}],"wp:term":[{"taxonomy":"category","embeddable":true,"href":"https:\/\/www.europesays.com\/fr\/wp-json\/wp\/v2\/categories?post=249815"},{"taxonomy":"post_tag","embeddable":true,"href":"https:\/\/www.europesays.com\/fr\/wp-json\/wp\/v2\/tags?post=249815"}],"curies":[{"name":"wp","href":"https:\/\/api.w.org\/{rel}","templated":true}]}}