{"id":249817,"date":"2025-07-14T17:23:10","date_gmt":"2025-07-14T17:23:10","guid":{"rendered":"https:\/\/www.europesays.com\/fr\/249817\/"},"modified":"2025-07-14T17:23:10","modified_gmt":"2025-07-14T17:23:10","slug":"en-2020-on-a-vote-pour-deux-scrutins-pourquoi-pas-trois-en-2026","status":"publish","type":"post","link":"https:\/\/www.europesays.com\/fr\/249817\/","title":{"rendered":"\u00ab\u00a0En 2020 on a vot\u00e9 pour deux scrutins, pourquoi pas trois en 2026\u00a0\u00bb"},"content":{"rendered":"<p>Qui n n\u2019a pas entendu parler, ces derniers jours de la proposition de loi dite \u00ab\u00a0PLM\u00a0\u00bb qui a \u00e9t\u00e9 d\u00e9finitivement adopt\u00e9e par l\u2019Assembl\u00e9e nationale, jeudi 10\u00a0juillet.\u00a0Sauf censure du Conseil constitutionnel, elle modifiera la fa\u00e7on dont les maires de Paris, Lyon et Marseille seront \u00e9lus, d\u00e8s les \u00e9lections municipales de mars\u00a02026.<\/p>\n<p>Si \u00e0 Paris, Lyon et Marseille, \u00ab\u00a0deux scrutins distincts\u00a0\u00bb seront d\u00e9sormais organis\u00e9s. L\u2019un pour \u00e9lire le conseil municipal \u00e0 Lyon et Marseille et le conseil de Paris dans la capitale, l\u2019autre pour \u00e9lire les conseillers d\u2019arrondissement. Dans la capitale des Gaules, ce ne seront pas que deux, mais trois scrutins qui pourraient \u00eatre&#8230;<\/p>\n","protected":false},"excerpt":{"rendered":"Qui n n\u2019a pas entendu parler, ces derniers jours de la proposition de loi dite \u00ab\u00a0PLM\u00a0\u00bb qui a&hellip;\n","protected":false},"author":2,"featured_media":249818,"comment_status":"","ping_status":"","sticky":false,"template":"","format":"standard","meta":{"footnotes":""},"categories":[1889],"tags":[1111,11,2430,2757,36284,4188,1777,674,107,1011,27,2428,2756,12,316,25,2429],"class_list":{"0":"post-249817","1":"post","2":"type-post","3":"status-publish","4":"format-standard","5":"has-post-thumbnail","7":"category-lyon","8":"tag-actu","9":"tag-actualites","10":"tag-auvergne-rhone-alpes","11":"tag-edition-lyon-villeurbanne","12":"tag-elections-metropolitaines","13":"tag-elections-municipales","14":"tag-eu","15":"tag-europe","16":"tag-fil-info","17":"tag-fr","18":"tag-france","19":"tag-lyon","20":"tag-lyon-bassin","21":"tag-news","22":"tag-politique","23":"tag-republique-francaise","24":"tag-rhone"},"share_on_mastodon":{"url":"https:\/\/pubeurope.com\/@fr\/114852751175087635","error":""},"_links":{"self":[{"href":"https:\/\/www.europesays.com\/fr\/wp-json\/wp\/v2\/posts\/249817","targetHints":{"allow":["GET"]}}],"collection":[{"href":"https:\/\/www.europesays.com\/fr\/wp-json\/wp\/v2\/posts"}],"about":[{"href":"https:\/\/www.europesays.com\/fr\/wp-json\/wp\/v2\/types\/post"}],"author":[{"embeddable":true,"href":"https:\/\/www.europesays.com\/fr\/wp-json\/wp\/v2\/users\/2"}],"replies":[{"embeddable":true,"href":"https:\/\/www.europesays.com\/fr\/wp-json\/wp\/v2\/comments?post=249817"}],"version-history":[{"count":0,"href":"https:\/\/www.europesays.com\/fr\/wp-json\/wp\/v2\/posts\/249817\/revisions"}],"wp:featuredmedia":[{"embeddable":true,"href":"https:\/\/www.europesays.com\/fr\/wp-json\/wp\/v2\/media\/249818"}],"wp:attachment":[{"href":"https:\/\/www.europesays.com\/fr\/wp-json\/wp\/v2\/media?parent=249817"}],"wp:term":[{"taxonomy":"category","embeddable":true,"href":"https:\/\/www.europesays.com\/fr\/wp-json\/wp\/v2\/categories?post=249817"},{"taxonomy":"post_tag","embeddable":true,"href":"https:\/\/www.europesays.com\/fr\/wp-json\/wp\/v2\/tags?post=249817"}],"curies":[{"name":"wp","href":"https:\/\/api.w.org\/{rel}","templated":true}]}}