{"id":249823,"date":"2025-07-14T17:27:13","date_gmt":"2025-07-14T17:27:13","guid":{"rendered":"https:\/\/www.europesays.com\/fr\/249823\/"},"modified":"2025-07-14T17:27:13","modified_gmt":"2025-07-14T17:27:13","slug":"389-interpellations-en-france-dont-176-a-paris-et-ses-alentours-2","status":"publish","type":"post","link":"https:\/\/www.europesays.com\/fr\/249823\/","title":{"rendered":"389 interpellations en France, dont 176 \u00e0 Paris et ses alentours"},"content":{"rendered":"<p class=\"article-p mdl\">Les festivit\u00e9s du 14-Juillet ont donn\u00e9 lieu \u00e0 389 interpellations en France, dont 176 \u00e0 Paris et ses alentours dans la nuit de dimanche 13 \u00e0 lundi 14 juillet 2025, entra\u00eenant dans la capitale 80 gardes \u00e0 vue, ont indiqu\u00e9 le minist\u00e8re de l&rsquo;Int\u00e9rieur et le parquet de Paris. Le bilan d\u00e9finitif national communiqu\u00e9 fait \u00e9tat \u00e9galement de 313 gardes \u00e0 vue, 28 bless\u00e9s parmi les forces de s\u00e9curit\u00e9 et 651 usages d\u00e9tourn\u00e9s d&rsquo;engins pyrotechniques.\u00a0<\/p>\n<p class=\"article-p mdl\">Ce bilan concerne la seule nuit du dimanche 13 juillet. Pour cette soir\u00e9e, <strong>53.000 policiers, gendarmes et pompiers ont \u00e9t\u00e9 mobilis\u00e9s en France<\/strong> alors que lundi,\u00a0<a class=\"link\" href=\"https:\/\/www.rtl.fr\/actu\/debats-societe\/festivites-du-14-juillet-des-dispositifs-policiers-extremement-consequents-prevus-previent-laurent-nu-ez-sur-rtl-7900523326\" title=\"Festivit\u00e9s du 14 juillet : &quot;Des dispositifs policiers extr\u00eamement cons\u00e9quents&quot; pr\u00e9vus, pr\u00e9vient Laurent Nu\u00f1ez, sur RTL\" target=\"_blank\" rel=\"noopener\">il y a 65.000 forces de s\u00e9curit\u00e9 d\u00e9ploy\u00e9es<\/a>, a rappel\u00e9 dimanche soir le ministre de l&rsquo;Int\u00e9rieur Bruno Retailleau, depuis la pr\u00e9fecture de police de Paris.\u00a0<\/p>\n<p class=\"article-p mdl\">Le pr\u00e9fet de police\u00a0Laurent Nu\u00f1ez\u00a0a pour sa part indiqu\u00e9 lundi matin avoir proc\u00e9d\u00e9 \u00e0 <strong>176 interpellations<\/strong> \u00ab\u00a0pour toute l&rsquo;agglom\u00e9ration parisienne\u00a0\u00bb, soit la capitale, les Hauts-de-Seine, la Seine-Saint-Denis et le Val-de-Marne. \u00ab\u00a0C&rsquo;\u00e9tait 156 l&rsquo;ann\u00e9e derni\u00e8re, donc il y a une activit\u00e9 tr\u00e8s soutenue\u00a0\u00bb, a soulign\u00e9 le pr\u00e9fet sur CNews\/Europe1, insistant sur \u00ab\u00a0des violences urbaines bien au rendez-vous\u00a0\u00bb. Sur les 176 interpellations, 43 sont li\u00e9es \u00e0 la d\u00e9tention ou \u00e0 l&rsquo;usage de mortiers, a-t-il pr\u00e9cis\u00e9.\u00a0<\/p>\n<p>            Quatre majeurs interpell\u00e9s pour agressions sexuelles<\/p>\n<p class=\"article-p mdl\">\u00c0 Paris, 80 personnes, dont 27 mineurs, \u00e9taient toujours en garde \u00e0 vue lundi en fin d&rsquo;apr\u00e8s-midi pour des faits en lien avec les\u00a0<a class=\"link\" href=\"https:\/\/www.rtl.fr\/actu\/debats-societe\/video-chute-d-un-cheval-oreille-coupee-les-couacs-du-defile-du-14-juillet-sur-les-champs-elysees-7900523625\" title=\"VID\u00c9O - Chute d&#039;un cheval, oreille coup\u00e9e.... Les couacs du d\u00e9fil\u00e9 du 14-Juillet sur les Champs-\u00c9lys\u00e9es\" target=\"_blank\" rel=\"noopener\">festivit\u00e9s du 14-Juillet<\/a>, a indiqu\u00e9 la procureure de Paris, Laure Beccuau. <strong>Quatre majeurs ont notamment \u00e9t\u00e9 interpell\u00e9s pour agressions sexuelles<\/strong> et un mineur pour port de couteau, a-t-elle pr\u00e9cis\u00e9 lors d&rsquo;une conf\u00e9rence de presse.\u00a0\u00a0<\/p>\n<p class=\"article-p mdl\">Le\u00a0<a class=\"link\" href=\"https:\/\/www.rtl.fr\/sport\/football\/coupe-du-monde-des-clubs-le-paris-saint-germain-chute-en-finale-face-a-chelsea-7900523539\" title=\"Coupe du monde des clubs : le Paris Saint-Germain chute en finale face \u00e0 Chelsea\" target=\"_blank\" rel=\"noopener\">PSG ayant \u00e9t\u00e9 battu<\/a>\u00a0en finale du Mondial des clubs par le club londonien de Chelsea (3-0), \u00ab\u00a0il n&rsquo;y a pas eu de rassemblement\u00a0\u00bb festif li\u00e9 \u00e0 cette rencontre, a par ailleurs soulign\u00e9 Laurent Nu\u00f1ez. \u00ab\u00a0De toute fa\u00e7on, s&rsquo;il y en avait eu, nous les aurions dispers\u00e9s, notamment autour du Parc des Princes ou sur les Champs \u00c9lys\u00e9es, o\u00f9 il y avait un gros, gros dispositif\u00a0\u00bb, a-t-il rappel\u00e9.\u00a0<\/p>\n<p>            Un gymnase incendi\u00e9 en Seine-Saint-Denis<\/p>\n<p class=\"article-p mdl\">Les mesures de s\u00e9curit\u00e9 vont rester soutenues jusqu&rsquo;\u00e0 mardi, avec notamment la s\u00e9curisation lundi soir du\u00a0<a class=\"link\" href=\"https:\/\/www.rtl.fr\/culture\/culture-generale\/14-juillet-comment-est-nee-la-tradition-du-feu-d-artifice-7900523295\" title=\"14 juillet : comment est n\u00e9e la tradition du feu d&#039;artifice ?\" target=\"_blank\" rel=\"noopener\">feu d&rsquo;artifice \u00e0 Paris<\/a>, qui devrait attirer, selon le pr\u00e9fet de police, plusieurs dizaines de milliers de personnes. Au total, 11.500 forces de s\u00e9curit\u00e9 \u00e9taient mobilis\u00e9es dimanche et lundi.\u00a0<\/p>\n<p class=\"article-p mdl\">Selon lui, la police a proc\u00e9d\u00e9 \u00e0 \u00ab\u00a0plus de 250 contr\u00f4les de voie publique, de v\u00e9hicules, de commerces qui vendent ce type d&rsquo;artifices, pour la seule agglom\u00e9ration parisienne\u00a0\u00bb.\u00a0<\/p>\n<p class=\"article-p mdl\">\u00ab\u00a0<strong>On a saisi pr\u00e8s de 15.000 mortiers au total<\/strong>. Et encore aujourd&rsquo;hui (lundi), des contr\u00f4les vont se poursuivre. Quinze mille mortiers, c&rsquo;est \u00e9norme\u00a0\u00bb, a relev\u00e9 le pr\u00e9fet. Un incendie s&rsquo;est notamment produit dans un gymnase au Blanc-Mesnil (Seine-Saint-Denis) dans la nuit de dimanche \u00e0 lundi.\u00a0<\/p>\n<p class=\"article-p mdl\">Selon une source polici\u00e8re, \u00ab\u00a0le feu, mis \u00e0 une voiture \u00e0 proximit\u00e9, s&rsquo;est propag\u00e9 au gymnase qui a \u00e9t\u00e9 compl\u00e8tement d\u00e9truit\u00a0\u00bb. Quelque 3.500 m\u00e8tres carr\u00e9s ont \u00e9t\u00e9 incendi\u00e9s et il n&rsquo;y a pas eu de victime, d&rsquo;apr\u00e8s la source polici\u00e8re indiquant \u00ab\u00a0un gros dispositif d&rsquo;une dizaine de lances \u00e0 eau, une cinquantaine d&rsquo;engins et un peu moins de 200 militaires mobilis\u00e9s\u00a0\u00bb.\u00a0<\/p>\n<p>    La r\u00e9daction vous recommande<\/p>\n<p class=\"s-newsletter__title\">\n                L\u2019actualit\u00e9 par la r\u00e9daction de RTL dans votre bo\u00eete mail.\n            <\/p>\n<p class=\"s-newsletter__subtitle\">\n                Gr\u00e2ce \u00e0 votre compte RTL abonnez-vous \u00e0 la newsletter RTL info pour suivre toute l&rsquo;actualit\u00e9 au quotidien\n            <\/p>\n<p>\n                                    Lire la suite\n                                <\/p>\n","protected":false},"excerpt":{"rendered":"Les festivit\u00e9s du 14-Juillet ont donn\u00e9 lieu \u00e0 389 interpellations en France, dont 176 \u00e0 Paris et ses&hellip;\n","protected":false},"author":2,"featured_media":193258,"comment_status":"","ping_status":"","sticky":false,"template":"","format":"standard","meta":{"footnotes":""},"categories":[1888],"tags":[1111,1928,11,1927,1777,674,118,10917,107,1011,27,12,1926,626,1925,25],"class_list":{"0":"post-249823","1":"post","2":"type-post","3":"status-publish","4":"format-standard","5":"has-post-thumbnail","7":"category-paris","8":"tag-actu","9":"tag-actu-paris","10":"tag-actualites","11":"tag-actualites-paris","12":"tag-eu","13":"tag-europe","14":"tag-faits-divers","15":"tag-fete-nationale","16":"tag-fil-info","17":"tag-fr","18":"tag-france","19":"tag-news","20":"tag-news-paris","21":"tag-paris","22":"tag-paris-news","23":"tag-republique-francaise"},"share_on_mastodon":{"url":"https:\/\/pubeurope.com\/@fr\/114852766922354962","error":""},"_links":{"self":[{"href":"https:\/\/www.europesays.com\/fr\/wp-json\/wp\/v2\/posts\/249823","targetHints":{"allow":["GET"]}}],"collection":[{"href":"https:\/\/www.europesays.com\/fr\/wp-json\/wp\/v2\/posts"}],"about":[{"href":"https:\/\/www.europesays.com\/fr\/wp-json\/wp\/v2\/types\/post"}],"author":[{"embeddable":true,"href":"https:\/\/www.europesays.com\/fr\/wp-json\/wp\/v2\/users\/2"}],"replies":[{"embeddable":true,"href":"https:\/\/www.europesays.com\/fr\/wp-json\/wp\/v2\/comments?post=249823"}],"version-history":[{"count":0,"href":"https:\/\/www.europesays.com\/fr\/wp-json\/wp\/v2\/posts\/249823\/revisions"}],"wp:featuredmedia":[{"embeddable":true,"href":"https:\/\/www.europesays.com\/fr\/wp-json\/wp\/v2\/media\/193258"}],"wp:attachment":[{"href":"https:\/\/www.europesays.com\/fr\/wp-json\/wp\/v2\/media?parent=249823"}],"wp:term":[{"taxonomy":"category","embeddable":true,"href":"https:\/\/www.europesays.com\/fr\/wp-json\/wp\/v2\/categories?post=249823"},{"taxonomy":"post_tag","embeddable":true,"href":"https:\/\/www.europesays.com\/fr\/wp-json\/wp\/v2\/tags?post=249823"}],"curies":[{"name":"wp","href":"https:\/\/api.w.org\/{rel}","templated":true}]}}